{"headers": {"id": "ID", "ano": "Ano", "numero": "N\u00famero", "tipo__sigla": "Tipo de Mat\u00e9ria Legislativa/Sigla", "tipo__descricao": "Tipo de Mat\u00e9ria Legislativa/Descri\u00e7\u00e3o", "autoria": "Autorias", "texto_original": "Texto Original", "ementa": "Ementa"}, "results": [{"id": "5516", "ano": "2020", "numero": "1", "tipo__sigla": "IND", "tipo__descricao": "Indica\u00e7\u00e3o", "autoria": "Antero Gomes de Aguiar", "texto_original": "http://sapl.uba.mg.leg.br/media/sapl/public/materialegislativa/2020/5516/indicacao_001.pdf", "ementa": "Cal\u00e7amento da rua Jata\u00ed, bairro Industrial, no trecho que vai da rua Nossa Senhora Aparecida \u00e0 rua Jos\u00e9 Gualberto de Melo"}, {"id": "5517", "ano": "2020", "numero": "2", "tipo__sigla": "IND", "tipo__descricao": "Indica\u00e7\u00e3o", "autoria": "Antero Gomes de Aguiar", "texto_original": "http://sapl.uba.mg.leg.br/media/sapl/public/materialegislativa/2020/5517/indicacao_002.pdf", "ementa": "Asfaltamento de um trecho de aproximadamente 4,0 metros, pr\u00f3ximo aos n\u00fameros 167 e 177 da rua Em\u00eddio Viana (rua 3), bairro S\u00e3o Domingos"}, {"id": "5518", "ano": "2020", "numero": "3", "tipo__sigla": "IND", "tipo__descricao": "Indica\u00e7\u00e3o", "autoria": "Antero Gomes de Aguiar", "texto_original": "http://sapl.uba.mg.leg.br/media/sapl/public/materialegislativa/2020/5518/indicacao_003.pdf", "ementa": "Asfaltamento da rua Jo\u00e3o Maia Neves, bairro da Luz"}, {"id": "5519", "ano": "2020", "numero": "4", "tipo__sigla": "IND", "tipo__descricao": "Indica\u00e7\u00e3o", "autoria": "Antero Gomes de Aguiar", "texto_original": "http://sapl.uba.mg.leg.br/media/sapl/public/materialegislativa/2020/5519/indicacao_004.pdf", "ementa": "Instala\u00e7\u00e3o de postes de ilumina\u00e7\u00e3o p\u00fablica no trecho que vai da sa\u00edda do bairro Santa Edwiges at\u00e9 o trevo pr\u00f3ximo \u00e0 Parati Turismo"}, {"id": "5520", "ano": "2020", "numero": "5", "tipo__sigla": "IND", "tipo__descricao": "Indica\u00e7\u00e3o", "autoria": "Antero Gomes de Aguiar", "texto_original": "http://sapl.uba.mg.leg.br/media/sapl/public/materialegislativa/2020/5520/indicacao_005.pdf", "ementa": "Que, quando for feita a reconstru\u00e7\u00e3o dos corrim\u00e3os destru\u00eddos pelas \u00faltimas chuvas nas passarelas avenida Beira Rio, estes acompanhem a converg\u00eancia das ruas, de forma a n\u00e3o deixar frestas que colocam em risco a seguran\u00e7a dos pedestres."}, {"id": "5521", "ano": "2020", "numero": "6", "tipo__sigla": "IND", "tipo__descricao": "Indica\u00e7\u00e3o", "autoria": "Gilson Fazolla Filgueiras, Edeir Pacheco", "texto_original": "http://sapl.uba.mg.leg.br/media/", "ementa": "Constru\u00e7\u00e3o de uma passagem de \u00e1gua, com a instala\u00e7\u00e3o de manilhas, na comunidade de Ub\u00e1 Pequeno"}, {"id": "5522", "ano": "2020", "numero": "7", "tipo__sigla": "IND", "tipo__descricao": "Indica\u00e7\u00e3o", "autoria": "Jorge Cust\u00f3dio Gerv\u00e1sio", "texto_original": "http://sapl.uba.mg.leg.br/media/sapl/public/materialegislativa/2020/5522/indicacao_007.pdf", "ementa": "Tapamento de tr\u00eas buracos profundos existentes nas ruas Jos\u00e9 Emygdio Teixeira, Laura Nicolato e Wilson Campos Pereira, bairro Santa Edwiges II"}, {"id": "5523", "ano": "2020", "numero": "8", "tipo__sigla": "IND", "tipo__descricao": "Indica\u00e7\u00e3o", "autoria": "Gilson Fazolla Filgueiras, Edeir Pacheco", "texto_original": "http://sapl.uba.mg.leg.br/media/sapl/public/materialegislativa/2020/5523/indicacao_008.pdf", "ementa": "Constru\u00e7\u00e3o de um muro de conten\u00e7\u00e3o no cruzamento da rua Domingos Ferro com a rua Tupis, bairro Industrial"}, {"id": "5524", "ano": "2020", "numero": "9", "tipo__sigla": "IND", "tipo__descricao": "Indica\u00e7\u00e3o", "autoria": "Gilson Fazolla Filgueiras, Edeir Pacheco", "texto_original": "http://sapl.uba.mg.leg.br/media/sapl/public/materialegislativa/2020/5524/indicacao_009.pdf", "ementa": "Constru\u00e7\u00e3o de um muro de conten\u00e7\u00e3o na rua Pedro Candian, bairro Industrial"}, {"id": "5525", "ano": "2020", "numero": "10", "tipo__sigla": "IND", "tipo__descricao": "Indica\u00e7\u00e3o", "autoria": "Gilson Fazolla Filgueiras, Edeir Pacheco", "texto_original": "http://sapl.uba.mg.leg.br/media/sapl/public/materialegislativa/2020/5525/indicacao_010.pdf", "ementa": "Retirada de terra da rua Dezid\u00e9rio Zanelli, bairro Vale do Ip\u00ea"}, {"id": "5526", "ano": "2020", "numero": "11", "tipo__sigla": "IND", "tipo__descricao": "Indica\u00e7\u00e3o", "autoria": "Jorge Cust\u00f3dio Gerv\u00e1sio", "texto_original": "http://sapl.uba.mg.leg.br/media/sapl/public/materialegislativa/2020/5526/indicacao_011.pdf", "ementa": "Gradeamento de todas as bocas de lobo das ruas Anat\u00e1lia \u00c2ngela Varela e Jos\u00e9 Emygdio Teixeira, bairro Santa Edwiges II"}, {"id": "5527", "ano": "2020", "numero": "12", "tipo__sigla": "IND", "tipo__descricao": "Indica\u00e7\u00e3o", "autoria": "Jorge Cust\u00f3dio Gerv\u00e1sio", "texto_original": "http://sapl.uba.mg.leg.br/media/sapl/public/materialegislativa/2020/5527/indicacao_012.pdf", "ementa": "Limpeza e capina de todas as ruas do bairro Santa Edwiges II"}, {"id": "5528", "ano": "2020", "numero": "13", "tipo__sigla": "IND", "tipo__descricao": "Indica\u00e7\u00e3o", "autoria": "Jorge Cust\u00f3dio Gerv\u00e1sio", "texto_original": "http://sapl.uba.mg.leg.br/media/sapl/public/materialegislativa/2020/5528/indicacao_013.pdf", "ementa": "Solicita que a SMS passe a oferecer cobertura da Estrat\u00e9gia Sa\u00fade da Fam\u00edlia ao bairro Santa Edwiges II"}, {"id": "5529", "ano": "2020", "numero": "14", "tipo__sigla": "IND", "tipo__descricao": "Indica\u00e7\u00e3o", "autoria": "Antero Gomes de Aguiar", "texto_original": "http://sapl.uba.mg.leg.br/media/sapl/public/materialegislativa/2020/5529/indicacao_014.pdf", "ementa": "Solicitando a abertura de uma rua ligando os bairros Fazendinha e Rosa de Toledo"}, {"id": "5530", "ano": "2020", "numero": "15", "tipo__sigla": "IND", "tipo__descricao": "Indica\u00e7\u00e3o", "autoria": "Jos\u00e9 Roberto Reis Filgueiras", "texto_original": "http://sapl.uba.mg.leg.br/media/sapl/public/materialegislativa/2020/5530/indicacao_015.pdf", "ementa": "Solicitando a recomposi\u00e7\u00e3o do meio-fio e o tapamento de um buraco existente no cruzamento entre as ruas Vereador Benedito Augusto Vieira e Doutor Domingos Peluso, em frente ao n\u00famero 90, bairro Vila Casal"}, {"id": "5531", "ano": "2020", "numero": "16", "tipo__sigla": "IND", "tipo__descricao": "Indica\u00e7\u00e3o", "autoria": "Jane Cristina Lacerda Pinto", "texto_original": "http://sapl.uba.mg.leg.br/media/sapl/public/materialegislativa/2020/5531/indicacao_016.pdf", "ementa": "Cal\u00e7amento da rua Oswaldo de Oliveira, pr\u00f3ximo \u00e0 igreja da Assembleia de Deus de Miragaia, a pedido do l\u00edder comunit\u00e1rio Jos\u00e9 Carlos Quirino"}, {"id": "5532", "ano": "2020", "numero": "17", "tipo__sigla": "IND", "tipo__descricao": "Indica\u00e7\u00e3o", "autoria": "Luis Carlos Teixeira Ribeiro", "texto_original": "http://sapl.uba.mg.leg.br/media/sapl/public/materialegislativa/2020/5532/indicacao_017.pdf", "ementa": "Constru\u00e7\u00e3o de dois quebra-molas da rua Luiz Ant\u00f4nio Teixeira, bairro Santa Edwiges"}, {"id": "5533", "ano": "2020", "numero": "18", "tipo__sigla": "IND", "tipo__descricao": "Indica\u00e7\u00e3o", "autoria": "Gilson Fazolla Filgueiras, Edeir Pacheco", "texto_original": "http://sapl.uba.mg.leg.br/media/sapl/public/materialegislativa/2020/5533/indicacao_018.pdf", "ementa": "Retirada do entulho acumulado em frente ao n\u00ba 371 da rua Vereador Jo\u00e3o Gomes Pereira, bairro Pires da Luz"}, {"id": "5534", "ano": "2020", "numero": "19", "tipo__sigla": "IND", "tipo__descricao": "Indica\u00e7\u00e3o", "autoria": "Gilson Fazolla Filgueiras, Edeir Pacheco", "texto_original": "http://sapl.uba.mg.leg.br/media/sapl/public/materialegislativa/2020/5534/indicacao_019.pdf", "ementa": "Corte de duas moitas de bambu e uma \u00e1rvore localizadas pr\u00f3ximo ao n\u00ba 99 da rua Marieta Augusta Silva Marcos, bairro Olaria"}, {"id": "5535", "ano": "2020", "numero": "20", "tipo__sigla": "IND", "tipo__descricao": "Indica\u00e7\u00e3o", "autoria": "Gilson Fazolla Filgueiras, Edeir Pacheco", "texto_original": "http://sapl.uba.mg.leg.br/media/sapl/public/materialegislativa/2020/5535/indicacao_020.pdf", "ementa": "Extens\u00e3o de manilhas no C\u00f3rrego dos Braguinhas"}, {"id": "5536", "ano": "2020", "numero": "21", "tipo__sigla": "IND", "tipo__descricao": "Indica\u00e7\u00e3o", "autoria": "Edeir Pacheco, Gilson Fazolla Filgueiras", "texto_original": "http://sapl.uba.mg.leg.br/media/sapl/public/materialegislativa/2020/5536/indicacao_021.pdf", "ementa": "Constru\u00e7\u00e3o de meio-fio ao longo da rua Francisco Teixeira de Abreu, bairro Palmeiras"}, {"id": "5562", "ano": "2020", "numero": "22", "tipo__sigla": "IND", "tipo__descricao": "Indica\u00e7\u00e3o", "autoria": "Jos\u00e9 Roberto Reis Filgueiras", "texto_original": "http://sapl.uba.mg.leg.br/media/sapl/public/materialegislativa/2020/5562/indicacao_022.pdf", "ementa": "Asfaltamento da rua Jos\u00e9 Costa Marcos, bairro Ponte Preta"}, {"id": "5563", "ano": "2020", "numero": "23", "tipo__sigla": "IND", "tipo__descricao": "Indica\u00e7\u00e3o", "autoria": "Jos\u00e9 Roberto Reis Filgueiras", "texto_original": "http://sapl.uba.mg.leg.br/media/sapl/public/materialegislativa/2020/5563/indicacao_023.pdf", "ementa": "Asfaltamento da rua Coimbra, bairro Ponte Preta"}, {"id": "5564", "ano": "2020", "numero": "24", "tipo__sigla": "IND", "tipo__descricao": "Indica\u00e7\u00e3o", "autoria": "Jos\u00e9 Roberto Reis Filgueiras", "texto_original": "http://sapl.uba.mg.leg.br/media/sapl/public/materialegislativa/2020/5564/indicacao_024.pdf", "ementa": "Recomposi\u00e7\u00e3o do cal\u00e7amento da rua Jos\u00e9 Costa Marcos, bairro Ponte Preta"}, {"id": "5565", "ano": "2020", "numero": "25", "tipo__sigla": "IND", "tipo__descricao": "Indica\u00e7\u00e3o", "autoria": "Antero Gomes de Aguiar", "texto_original": "http://sapl.uba.mg.leg.br/media/sapl/public/materialegislativa/2020/5565/indicacao_025.pdf", "ementa": "Constru\u00e7\u00e3o de bueiros para capta\u00e7\u00e3o de \u00e1guas pluviais no final da rua Mario Esp\u00f3sito, bairro Pires da Luz"}, {"id": "5566", "ano": "2020", "numero": "26", "tipo__sigla": "IND", "tipo__descricao": "Indica\u00e7\u00e3o", "autoria": "Antero Gomes de Aguiar", "texto_original": "http://sapl.uba.mg.leg.br/media/sapl/public/materialegislativa/2020/5566/indicacao_026.pdf", "ementa": "Estudos t\u00e9cnicos para analisar a possibilidade de substitui\u00e7\u00e3o dos cont\u00eaineres de lixo subterr\u00e2neos instalados nas pra\u00e7as da cidade pelos recipientes externos tradicionais, uma vez que o recolhimento do lixo acondicionado nos dep\u00f3sitos subterr\u00e2neos tornou o trabalho dos garis desumano."}, {"id": "5567", "ano": "2020", "numero": "27", "tipo__sigla": "IND", "tipo__descricao": "Indica\u00e7\u00e3o", "autoria": "Jorge Cust\u00f3dio Gerv\u00e1sio", "texto_original": "http://sapl.uba.mg.leg.br/media/sapl/public/materialegislativa/2020/5567/indicacao_027.pdf", "ementa": "Elimina\u00e7\u00e3o dos atoleiros e o cascalhamento da estrada de acesso ao distrito de Ubari, pois o local est\u00e1 intransit\u00e1vel e o \u00f4nibus que transporta os alunos n\u00e3o consegue circular h\u00e1 v\u00e1rios dias"}, {"id": "5593", "ano": "2020", "numero": "28", "tipo__sigla": "IND", "tipo__descricao": "Indica\u00e7\u00e3o", "autoria": "Darci Pires da Silva", "texto_original": "http://sapl.uba.mg.leg.br/media/sapl/public/materialegislativa/2020/5593/indicacao_028.pdf", "ementa": "Constru\u00e7\u00e3o de \u201cbocas de lobo\u201d no trecho entre a Esta\u00e7\u00e3o Ferrovi\u00e1ria e a 35\u00aa Cia. da Pol\u00edcia Militar"}, {"id": "5594", "ano": "2020", "numero": "29", "tipo__sigla": "IND", "tipo__descricao": "Indica\u00e7\u00e3o", "autoria": "Luis Carlos Teixeira Ribeiro", "texto_original": "http://sapl.uba.mg.leg.br/media/sapl/public/materialegislativa/2020/5594/indicacao_029.pdf", "ementa": "Limpeza da rua Ant\u00f4nio Raimundo (rua do Patronato), ao lado do n\u00ba 41, bairro S\u00e3o Jos\u00e9"}, {"id": "5595", "ano": "2020", "numero": "30", "tipo__sigla": "IND", "tipo__descricao": "Indica\u00e7\u00e3o", "autoria": "Darci Pires da Silva", "texto_original": "http://sapl.uba.mg.leg.br/media/sapl/public/materialegislativa/2020/5595/indicacao_030.pdf", "ementa": "Instala\u00e7\u00e3o de um sem\u00e1foro em frente \u00e0 AGROPET, n\u00ba 810, na avenida Oleg\u00e1rio Maciel"}, {"id": "5596", "ano": "2020", "numero": "31", "tipo__sigla": "IND", "tipo__descricao": "Indica\u00e7\u00e3o", "autoria": "Antero Gomes de Aguiar", "texto_original": "http://sapl.uba.mg.leg.br/media/sapl/public/materialegislativa/2020/5596/indicacao_031.pdf", "ementa": "Constru\u00e7\u00e3o de meio-fio pr\u00f3ximo aos n\u00fameros 730, 742 e 744 da rua Luiz Bigonha, bairro Louri\u00e7al"}, {"id": "5597", "ano": "2020", "numero": "32", "tipo__sigla": "IND", "tipo__descricao": "Indica\u00e7\u00e3o", "autoria": "Jos\u00e9 Roberto Reis Filgueiras", "texto_original": "http://sapl.uba.mg.leg.br/media/sapl/public/materialegislativa/2020/5597/indicacao_032.pdf", "ementa": "Recomposi\u00e7\u00e3o do cal\u00e7amento da rua que liga a parte alta do bairro Schiavon ao Morro do Querosene"}, {"id": "5598", "ano": "2020", "numero": "33", "tipo__sigla": "IND", "tipo__descricao": "Indica\u00e7\u00e3o", "autoria": "Jos\u00e9 Roberto Reis Filgueiras", "texto_original": "http://sapl.uba.mg.leg.br/media/sapl/public/materialegislativa/2020/5598/indicacao_033.pdf", "ementa": "Poda das \u00e1rvores da rua Erotides Neiva Campomizzi, bairro Coparma"}, {"id": "5599", "ano": "2020", "numero": "34", "tipo__sigla": "IND", "tipo__descricao": "Indica\u00e7\u00e3o", "autoria": "Jos\u00e9 Roberto Reis Filgueiras", "texto_original": "http://sapl.uba.mg.leg.br/media/sapl/public/materialegislativa/2020/5599/indicacao_034.pdf", "ementa": "Recomposi\u00e7\u00e3o do cal\u00e7amento da rua Erotides Neiva Campomizzi, bairro Coparma"}, {"id": "5600", "ano": "2020", "numero": "35", "tipo__sigla": "IND", "tipo__descricao": "Indica\u00e7\u00e3o", "autoria": "Jos\u00e9 Roberto Reis Filgueiras", "texto_original": "http://sapl.uba.mg.leg.br/media/sapl/public/materialegislativa/2020/5600/indicacao_035.pdf", "ementa": "Limpeza da pra\u00e7a do bairro Altair Rocha"}, {"id": "5603", "ano": "2020", "numero": "36", "tipo__sigla": "IND", "tipo__descricao": "Indica\u00e7\u00e3o", "autoria": "Jos\u00e9 Roberto Reis Filgueiras", "texto_original": "http://sapl.uba.mg.leg.br/media/sapl/public/materialegislativa/2020/5603/indicacao_036.pdf", "ementa": "Encaminha ao Prefeito anteprojeto de Lei que \"disp\u00f5e sobre a constru\u00e7\u00e3o/ reforma de muros e passeios\"."}, {"id": "5604", "ano": "2020", "numero": "38", "tipo__sigla": "IND", "tipo__descricao": "Indica\u00e7\u00e3o", "autoria": "Jos\u00e9 Roberto Reis Filgueiras", "texto_original": "http://sapl.uba.mg.leg.br/media/sapl/public/materialegislativa/2020/5604/indicacao_038.pdf", "ementa": "Tapamento de um buraco que se abriu em frente ao n\u00ba 493 da rua Joaquim Cond\u00e9 Duarte, bairro Encosta do Sol"}, {"id": "5605", "ano": "2020", "numero": "39", "tipo__sigla": "IND", "tipo__descricao": "Indica\u00e7\u00e3o", "autoria": "Alexandre de Barros Mendes", "texto_original": "http://sapl.uba.mg.leg.br/media/sapl/public/materialegislativa/2020/5605/indicacao_039.pdf", "ementa": "Constru\u00e7\u00e3o de um quebra-molas pr\u00f3ximo ao n\u00ba 345 da rua Tenente Pedro Batalha, em frente ao M\u00f3veis Europa, no bairro Caxang\u00e1"}, {"id": "5606", "ano": "2020", "numero": "40", "tipo__sigla": "IND", "tipo__descricao": "Indica\u00e7\u00e3o", "autoria": "Gilson Fazolla Filgueiras", "texto_original": "http://sapl.uba.mg.leg.br/media/sapl/public/materialegislativa/2020/5606/indicacao_040.pdf", "ementa": "Limpeza, capina, reparo de brinquedos e da tela danificados na Pra\u00e7a Francisco Parma, bairro Coparma"}, {"id": "5607", "ano": "2020", "numero": "41", "tipo__sigla": "IND", "tipo__descricao": "Indica\u00e7\u00e3o", "autoria": "Gilson Fazolla Filgueiras", "texto_original": "http://sapl.uba.mg.leg.br/media/", "ementa": "Limpeza e capina do bairro S\u00e3o Lucas"}, {"id": "5608", "ano": "2020", "numero": "42", "tipo__sigla": "IND", "tipo__descricao": "Indica\u00e7\u00e3o", "autoria": "Gilson Fazolla Filgueiras", "texto_original": "http://sapl.uba.mg.leg.br/media/sapl/public/materialegislativa/2020/5608/indicacao_042.pdf", "ementa": "Limpeza e capina das ruas Ceci Peron e Guerino Peron, bairro Cristal"}, {"id": "5609", "ano": "2020", "numero": "43", "tipo__sigla": "IND", "tipo__descricao": "Indica\u00e7\u00e3o", "autoria": "Gilson Fazolla Filgueiras", "texto_original": "http://sapl.uba.mg.leg.br/media/sapl/public/materialegislativa/2020/5609/indicacao_043.pdf", "ementa": "Limpeza e capina da parte alta da rua Ant\u00f4nio Frederico Ozanam, bairro Eldorado"}, {"id": "5610", "ano": "2020", "numero": "44", "tipo__sigla": "IND", "tipo__descricao": "Indica\u00e7\u00e3o", "autoria": "Gilson Fazolla Filgueiras", "texto_original": "http://sapl.uba.mg.leg.br/media/sapl/public/materialegislativa/2020/5610/indicacao_044.pdf", "ementa": "Limpeza e capina do cal\u00e7amento pr\u00f3ximo ao n\u00ba 163, no cruzamento da rua Titita Batalha com a rua Colbert de Moura Estev\u00e3o, bairro Noeme Batalha"}, {"id": "5611", "ano": "2020", "numero": "45", "tipo__sigla": "IND", "tipo__descricao": "Indica\u00e7\u00e3o", "autoria": "Gilson Fazolla Filgueiras", "texto_original": "http://sapl.uba.mg.leg.br/media/sapl/public/materialegislativa/2020/5611/indicacao_045.pdf", "ementa": "Recomposi\u00e7\u00e3o do cal\u00e7amento de pedras na parte alta da rua Roberta de Oliveira (antiga rua S\u00e3o Salvador), bairro Primavera"}, {"id": "5612", "ano": "2020", "numero": "46", "tipo__sigla": "IND", "tipo__descricao": "Indica\u00e7\u00e3o", "autoria": "Gilson Fazolla Filgueiras", "texto_original": "http://sapl.uba.mg.leg.br/media/sapl/public/materialegislativa/2020/5612/indicacao_046.pdf", "ementa": "Retirada de um poste na rua Domingos Ferro, bairro Industrial, a pedido dos moradores"}, {"id": "5613", "ano": "2020", "numero": "47", "tipo__sigla": "IND", "tipo__descricao": "Indica\u00e7\u00e3o", "autoria": "Jos\u00e9 Roberto Reis Filgueiras", "texto_original": "http://sapl.uba.mg.leg.br/media/sapl/public/materialegislativa/2020/5613/indicacao_047.pdf", "ementa": "Tapamento de um buraco que se abriu em frente ao n\u00ba 175 da rua Jayme Vieira, bairro Encosta do Sol"}, {"id": "5621", "ano": "2020", "numero": "48", "tipo__sigla": "IND", "tipo__descricao": "Indica\u00e7\u00e3o", "autoria": "Jos\u00e9 Roberto Reis Filgueiras", "texto_original": "http://sapl.uba.mg.leg.br/media/sapl/public/materialegislativa/2020/5621/ind_048-20_jroberto__tapamento_de_buraco_na_ru_Wepn2lK.docx", "ementa": "Tapamento de um buraco que se abriu na Rua Joaquim Cond\u00e9 Duarte, em frente ao n\u00ba 493, bairro Encosta do Sol."}, {"id": "5622", "ano": "2020", "numero": "49", "tipo__sigla": "IND", "tipo__descricao": "Indica\u00e7\u00e3o", "autoria": "Antero Gomes de Aguiar", "texto_original": "http://sapl.uba.mg.leg.br/media/sapl/public/materialegislativa/2020/5622/indicacao_049.pdf", "ementa": "Reparo de manilhas na Rua Maria Moreira de Oliveira  - Jardim Esperan\u00e7a  - Tanquinho,"}, {"id": "5623", "ano": "2020", "numero": "50", "tipo__sigla": "IND", "tipo__descricao": "Indica\u00e7\u00e3o", "autoria": "Darci Pires da Silva", "texto_original": "http://sapl.uba.mg.leg.br/media/sapl/public/materialegislativa/2020/5623/indicacao_050.pdf", "ementa": "Capina e afastamento da cerca de arame farpado na lateral da Rua  Elias Laud, - bairro Ponte Preta- at\u00e9 o ponto de \u00f4nibus do bairro S\u00e3o Mateus."}, {"id": "5643", "ano": "2020", "numero": "51", "tipo__sigla": "IND", "tipo__descricao": "Indica\u00e7\u00e3o", "autoria": "Darci Pires da Silva, Gilson Fazolla Filgueiras", "texto_original": "http://sapl.uba.mg.leg.br/media/sapl/public/materialegislativa/2020/5643/indicaouo_051.pdf", "ementa": "Sinaliza\u00e7\u00e3o em toda a extens\u00e3o da avenida Oleg\u00e1rio Maciel, em conson\u00e2ncia com as altera\u00e7\u00f5es feitas recentemente no tr\u00e2nsito local, com pintura de faixa divis\u00f3ria de pista indicando m\u00e3o dupla, retirada da sinaliza\u00e7\u00e3o e faixa de delimita\u00e7\u00e3o da pista de ciclovia, pintura de faixas de pedestres e instala\u00e7\u00e3o de placas de proibi\u00e7\u00e3o de estacionamento ao longo da avenida, exceto para carga e descarga."}, {"id": "5644", "ano": "2020", "numero": "52", "tipo__sigla": "IND", "tipo__descricao": "Indica\u00e7\u00e3o", "autoria": "Antero Gomes de Aguiar", "texto_original": "http://sapl.uba.mg.leg.br/media/sapl/public/materialegislativa/2020/5644/indicaouo_052.pdf", "ementa": "Opera\u00e7\u00e3o tapa-buracos em todas as ruas do bairro Santa Edwiges I."}, {"id": "5645", "ano": "2020", "numero": "53", "tipo__sigla": "IND", "tipo__descricao": "Indica\u00e7\u00e3o", "autoria": "Antero Gomes de Aguiar", "texto_original": "http://sapl.uba.mg.leg.br/media/sapl/public/materialegislativa/2020/5645/indicaouo_053.pdf", "ementa": "Desentupimento das manilhas que passam pela rua Cristo Rei, bairro Jo\u00e3o Teixeira/ Tanquinho."}, {"id": "5646", "ano": "2020", "numero": "54", "tipo__sigla": "IND", "tipo__descricao": "Indica\u00e7\u00e3o", "autoria": "Antero Gomes de Aguiar", "texto_original": "http://sapl.uba.mg.leg.br/media/sapl/public/materialegislativa/2020/5646/indicaouo_054.pdf", "ementa": "Substitui\u00e7\u00e3o das manilhas, passando o di\u00e2metro da tubula\u00e7\u00e3o de 30cm para 80cm, no trecho que vai dos n\u00fameros 71 ao 131, na rua Laura Nicolato, bairro Santa Edwiges II."}, {"id": "5647", "ano": "2020", "numero": "55", "tipo__sigla": "IND", "tipo__descricao": "Indica\u00e7\u00e3o", "autoria": "Edeir Pacheco", "texto_original": "http://sapl.uba.mg.leg.br/media/sapl/public/materialegislativa/2020/5647/indicaouo_055.pdf", "ementa": "Limpeza do bairro Peluso."}, {"id": "5648", "ano": "2020", "numero": "56", "tipo__sigla": "IND", "tipo__descricao": "Indica\u00e7\u00e3o", "autoria": "Edeir Pacheco", "texto_original": "http://sapl.uba.mg.leg.br/media/sapl/public/materialegislativa/2020/5648/indicaouo_056.pdf", "ementa": "Cascalhamento da estrada do c\u00f3rrego Coruja"}, {"id": "5649", "ano": "2020", "numero": "57", "tipo__sigla": "IND", "tipo__descricao": "Indica\u00e7\u00e3o", "autoria": "Edeir Pacheco", "texto_original": "http://sapl.uba.mg.leg.br/media/sapl/public/materialegislativa/2020/5649/indicaouo_057.pdf", "ementa": "Reforma de ponte na comunidade da Zueira"}, {"id": "5630", "ano": "2020", "numero": "58", "tipo__sigla": "IND", "tipo__descricao": "Indica\u00e7\u00e3o", "autoria": "Jorge Cust\u00f3dio Gerv\u00e1sio", "texto_original": "http://sapl.uba.mg.leg.br/media/sapl/public/materialegislativa/2020/5630/indicaouo__058.pdf", "ementa": "Medidas de preserva\u00e7\u00e3o da sa\u00fade p\u00fablica em rela\u00e7\u00e3o aos im\u00f3veis abandonados no Cal\u00e7ad\u00e3o Ibrahim Jacob, especialmente aquele em que funcionava a loja \u201cA Soberana\u201d, a pedido da Presidente da AMACEN, Sra. Sonia Maria Jacob, e do Sr. Genito Pires do Amaral"}, {"id": "5631", "ano": "2020", "numero": "59", "tipo__sigla": "IND", "tipo__descricao": "Indica\u00e7\u00e3o", "autoria": "Gilson Fazolla Filgueiras", "texto_original": "http://sapl.uba.mg.leg.br/media/sapl/public/materialegislativa/2020/5631/indicaouo_059.pdf", "ementa": "Reforma da cabeceira da ponte de madeira da comunidade da Boa Vista."}, {"id": "5632", "ano": "2020", "numero": "60", "tipo__sigla": "IND", "tipo__descricao": "Indica\u00e7\u00e3o", "autoria": "Gilson Fazolla Filgueiras", "texto_original": "http://sapl.uba.mg.leg.br/media/sapl/public/materialegislativa/2020/5632/indicaouo_060.pdf", "ementa": "Limpeza, com passagem de ro\u00e7adeira e patrol, nas estradas das comunidades Milho Verde, Morro da Muxiba, Cachoeirinha e C\u00f3rrego Santo Anast\u00e1cio"}, {"id": "5633", "ano": "2020", "numero": "61", "tipo__sigla": "IND", "tipo__descricao": "Indica\u00e7\u00e3o", "autoria": "Antero Gomes de Aguiar", "texto_original": "http://sapl.uba.mg.leg.br/media/sapl/public/materialegislativa/2020/5633/indicaouo_061.pdf", "ementa": "Cascalhamento da rua Projetada que foi aberta ligando as ruas Fizinho Pirosca, no bairro Rosa de Toledo, \u00e0 rua Arg\u00e9lia, no bairro Fazendinha."}, {"id": "5634", "ano": "2020", "numero": "62", "tipo__sigla": "IND", "tipo__descricao": "Indica\u00e7\u00e3o", "autoria": "Gilson Fazolla Filgueiras", "texto_original": "http://sapl.uba.mg.leg.br/media/sapl/public/materialegislativa/2020/5634/indicaouo_062.pdf", "ementa": "Desassoreamento do rio no trecho que passa pr\u00f3ximo ao n\u00ba 06 da rua Geracy da Silva Marcos, bairro Meu Sonho"}, {"id": "5637", "ano": "2020", "numero": "63", "tipo__sigla": "IND", "tipo__descricao": "Indica\u00e7\u00e3o", "autoria": "Edeir Pacheco", "texto_original": "http://sapl.uba.mg.leg.br/media/sapl/public/materialegislativa/2020/5637/indicacao_063.pdf", "ementa": "Opera\u00e7\u00e3o tapa-buracos no bairro Primavera."}, {"id": "5636", "ano": "2020", "numero": "64", "tipo__sigla": "IND", "tipo__descricao": "Indica\u00e7\u00e3o", "autoria": "Edeir Pacheco", "texto_original": "http://sapl.uba.mg.leg.br/media/sapl/public/materialegislativa/2020/5636/indicaouo_064.pdf", "ementa": "Limpeza geral dos bairros Noeme Batalha e Cristo Redentor."}, {"id": "5635", "ano": "2020", "numero": "65", "tipo__sigla": "IND", "tipo__descricao": "Indica\u00e7\u00e3o", "autoria": "Jos\u00e9 Roberto Reis Filgueiras", "texto_original": "http://sapl.uba.mg.leg.br/media/sapl/public/materialegislativa/2020/5635/ind_065.pdf", "ementa": "An\u00e1lise da possibilidade de acionar a Copasa e Energisa para que permitam a prorroga\u00e7\u00e3o dos prazos de vencimento das contas de \u00e1gua e luz referentes aos meses de mar\u00e7o e abril em nosso munic\u00edpio, especialmente para a popula\u00e7\u00e3o de baixa renda e/ou em vulnerabilidade social, al\u00e9m dos micro e pequenos empres\u00e1rios que est\u00e3o tendo o seu faturamento comprometido em virtude das restri\u00e7\u00f5es que est\u00e3o sendo impostas como forma de enfrentamento \u00e0 COVID-19."}, {"id": "5652", "ano": "2020", "numero": "66", "tipo__sigla": "IND", "tipo__descricao": "Indica\u00e7\u00e3o", "autoria": "Jorge Cust\u00f3dio Gerv\u00e1sio", "texto_original": "http://sapl.uba.mg.leg.br/media/sapl/public/materialegislativa/2020/5652/indicaouo_066.pdf", "ementa": "Solicita que, durante o per\u00edodo de calamidade p\u00fablica causado pelo covid-19, os andarilhos e moradores de rua do munic\u00edpio sejam encaminhados para abrigos provis\u00f3rios que podem ser montados, por exemplo, nas escolas que se encontram vazias, onde poder\u00e3o ter acesso a condi\u00e7\u00f5es m\u00ednimas de higiene, alimenta\u00e7\u00e3o e isolamento."}, {"id": "5653", "ano": "2020", "numero": "67", "tipo__sigla": "IND", "tipo__descricao": "Indica\u00e7\u00e3o", "autoria": "Jorge Cust\u00f3dio Gerv\u00e1sio", "texto_original": "http://sapl.uba.mg.leg.br/media/sapl/public/materialegislativa/2020/5653/indicaouo_067.pdf", "ementa": "Solicita que, durante o per\u00edodo de calamidade p\u00fablica causado pelo covid-19, a campanha de vacina\u00e7\u00e3o contra a gripe seja descentralizada da Policl\u00ednica Municipal, com disponibiliza\u00e7\u00e3o de equipes de atendimento nas escolas do munic\u00edpio, de forma a diminuir o n\u00ba de atendimentos por local, evitando a forma\u00e7\u00e3o de filas e concentra\u00e7\u00e3o de pessoas."}, {"id": "5660", "ano": "2020", "numero": "68", "tipo__sigla": "IND", "tipo__descricao": "Indica\u00e7\u00e3o", "autoria": "Gilson Fazolla Filgueiras, Luis Carlos Teixeira Ribeiro", "texto_original": "http://sapl.uba.mg.leg.br/media/", "ementa": "Desassoreamento do rio no trecho que passa nos fundos da rua Rio Grande do Sul, bairro Industrial."}, {"id": "5661", "ano": "2020", "numero": "69", "tipo__sigla": "IND", "tipo__descricao": "Indica\u00e7\u00e3o", "autoria": "Ademir da Fonseca Firmiano", "texto_original": "http://sapl.uba.mg.leg.br/media/sapl/public/materialegislativa/2020/5661/indicacao_069.pdf", "ementa": "Constru\u00e7\u00e3o de uma galeria para capta\u00e7\u00e3o de \u00e1guas pluviais na rua Maria do Carmo M\u00e9dice de Oliveira, bairro Jardim Esperan\u00e7a."}, {"id": "5662", "ano": "2020", "numero": "70", "tipo__sigla": "IND", "tipo__descricao": "Indica\u00e7\u00e3o", "autoria": "Ademir da Fonseca Firmiano", "texto_original": "http://sapl.uba.mg.leg.br/media/sapl/public/materialegislativa/2020/5662/indicacao_070.pdf", "ementa": "Solicita limpeza de todas as ruas do Tanquinho."}, {"id": "5663", "ano": "2020", "numero": "71", "tipo__sigla": "IND", "tipo__descricao": "Indica\u00e7\u00e3o", "autoria": "Ademir da Fonseca Firmiano", "texto_original": "http://sapl.uba.mg.leg.br/media/sapl/public/materialegislativa/2020/5663/indicacao_071.pdf", "ementa": "Revitaliza\u00e7\u00e3o de todo o cal\u00e7amento do bairro Jardim Esperan\u00e7a que se encontra em p\u00e9ssimas condi\u00e7\u00f5es, principalmente na entrada do bairro, pr\u00f3ximo \u00e0 escola."}, {"id": "5664", "ano": "2020", "numero": "72", "tipo__sigla": "IND", "tipo__descricao": "Indica\u00e7\u00e3o", "autoria": "Ademir da Fonseca Firmiano", "texto_original": "http://sapl.uba.mg.leg.br/media/sapl/public/materialegislativa/2020/5664/indicacao_072.pdf", "ementa": "Asfaltamento de todas as ruas da parte alta do bairro Dr. Jos\u00e9 Cavaliere, no local onde ficam as casas populares."}, {"id": "5665", "ano": "2020", "numero": "73", "tipo__sigla": "IND", "tipo__descricao": "Indica\u00e7\u00e3o", "autoria": "Ademir da Fonseca Firmiano", "texto_original": "http://sapl.uba.mg.leg.br/media/sapl/public/materialegislativa/2020/5665/indicacao_073.pdf", "ementa": "Solicita limpeza do c\u00f3rrego do Tanquinho"}, {"id": "5677", "ano": "2020", "numero": "74", "tipo__sigla": "IND", "tipo__descricao": "Indica\u00e7\u00e3o", "autoria": "Edeir Pacheco", "texto_original": "http://sapl.uba.mg.leg.br/media/sapl/public/materialegislativa/2020/5677/indicacao_074.pdf", "ementa": "Solicita designa\u00e7\u00e3o de um servidor da Secretaria de Desenvolvimento Social para orienta\u00e7\u00e3o da popula\u00e7\u00e3o sobre o aux\u00edlio emergencial de R$600,00 (seiscentos reais) do governo federal aos trabalhadores de baixa renda"}, {"id": "5678", "ano": "2020", "numero": "75", "tipo__sigla": "IND", "tipo__descricao": "Indica\u00e7\u00e3o", "autoria": "Edeir Pacheco", "texto_original": "http://sapl.uba.mg.leg.br/media/sapl/public/materialegislativa/2020/5678/indicacao_075.pdf", "ementa": "Aten\u00e7\u00e3o especial \u00e0s estradas rurais, aproveitando a \u00e9poca de escassez de chuvas, patrolando, cascalhando, reparando e construindo pontes para que o produtor rural possa exercer o seu direito de ir e vir"}, {"id": "5679", "ano": "2020", "numero": "76", "tipo__sigla": "IND", "tipo__descricao": "Indica\u00e7\u00e3o", "autoria": "Edeir Pacheco", "texto_original": "http://sapl.uba.mg.leg.br/media/sapl/public/materialegislativa/2020/5679/indicacao_076.pdf", "ementa": "Solicita reabertura da feira livre, com controle da entrada e sa\u00edda das pessoas e as mesmas medidas de higieniza\u00e7\u00e3o usadas nos supermercados, para a popula\u00e7\u00e3o poder adquirir produtos a pre\u00e7os mais em conta"}, {"id": "5666", "ano": "2020", "numero": "77", "tipo__sigla": "IND", "tipo__descricao": "Indica\u00e7\u00e3o", "autoria": "Gilson Fazolla Filgueiras", "texto_original": "http://sapl.uba.mg.leg.br/media/sapl/public/materialegislativa/2020/5666/indicacao_077.pdf", "ementa": "Passagem do carro pulverizador de inseticida (fumac\u00ea) na rua Messias Teixeira e proximidades, bairro Aeroporto, dada a infesta\u00e7\u00e3o de pernilongos."}, {"id": "5667", "ano": "2020", "numero": "78", "tipo__sigla": "IND", "tipo__descricao": "Indica\u00e7\u00e3o", "autoria": "Alexandre de Barros Mendes", "texto_original": "http://sapl.uba.mg.leg.br/media/sapl/public/materialegislativa/2020/5667/indicacao_078.pdf", "ementa": "Asfaltamento das ruas Luiz Zambolim e Jayme Vieira, ambas no bairro Encosta do Sol."}, {"id": "5680", "ano": "2020", "numero": "79", "tipo__sigla": "IND", "tipo__descricao": "Indica\u00e7\u00e3o", "autoria": "Darci Pires da Silva", "texto_original": "http://sapl.uba.mg.leg.br/media/sapl/public/materialegislativa/2020/5680/indicacao_079_l5qm7Rp.pdf", "ementa": "Sugere que o Prefeito envie \u00e0 C\u00e2mara Municipal projeto de lei determinando o desconto de 20% nos subs\u00eddios do Prefeito, Vice-Prefeito, Secret\u00e1rios e Vereadores, com vig\u00eancia at\u00e9 o m\u00eas de dezembro deste ano, para ajudar no tratamento do coronav\u00edrus"}, {"id": "5686", "ano": "2020", "numero": "80", "tipo__sigla": "IND", "tipo__descricao": "Indica\u00e7\u00e3o", "autoria": "Luis Carlos Teixeira Ribeiro", "texto_original": "http://sapl.uba.mg.leg.br/media/sapl/public/materialegislativa/2020/5686/indicacao_080.pdf", "ementa": "Constru\u00e7\u00e3o de um muro de arrimo na rua Rio Grande do Sul, bairro Industrial."}, {"id": "5687", "ano": "2020", "numero": "81", "tipo__sigla": "IND", "tipo__descricao": "Indica\u00e7\u00e3o", "autoria": "Luis Carlos Teixeira Ribeiro", "texto_original": "http://sapl.uba.mg.leg.br/media/sapl/public/materialegislativa/2020/5687/indicacao_081.pdf", "ementa": "Recomposi\u00e7\u00e3o do asfalto danificado pelas fortes chuvas na rua Francisco Rodrigues de Ara\u00fajo, bairro Pires da Luz."}, {"id": "5688", "ano": "2020", "numero": "82", "tipo__sigla": "IND", "tipo__descricao": "Indica\u00e7\u00e3o", "autoria": "Luis Carlos Teixeira Ribeiro", "texto_original": "http://sapl.uba.mg.leg.br/media/sapl/public/materialegislativa/2020/5688/indicacao_082.pdf", "ementa": "Encaminha sugest\u00e3o de Anteprojeto de Lei que autoriza o Poder Executivo Municipal a conceder indeniza\u00e7\u00e3o, de car\u00e1ter humanit\u00e1rio, aos moradores de Ub\u00e1 afetados pelas fortes chuvas ocorridas neste ano de 2020, para que seja apreciado pela Administra\u00e7\u00e3o Municipal e reencaminhado a esta Casa, sob a forma de Projeto de Lei, para a devida tramita\u00e7\u00e3o"}, {"id": "5689", "ano": "2020", "numero": "83", "tipo__sigla": "IND", "tipo__descricao": "Indica\u00e7\u00e3o", "autoria": "Luis Carlos Teixeira Ribeiro", "texto_original": "http://sapl.uba.mg.leg.br/media/sapl/public/materialegislativa/2020/5689/indicacao_083.pdf", "ementa": "Limpeza e remo\u00e7\u00e3o de entulhos acumulados na rua Vereador Oswaldo Salgado Guimar\u00e3es, bairro Pires da Luz."}, {"id": "5690", "ano": "2020", "numero": "84", "tipo__sigla": "IND", "tipo__descricao": "Indica\u00e7\u00e3o", "autoria": "Antero Gomes de Aguiar", "texto_original": "http://sapl.uba.mg.leg.br/media/sapl/public/materialegislativa/2020/5690/indicacao_084.pdf", "ementa": "Patrolamento e cascalhamento da estrada que liga as comunidades de Ub\u00e1 Pequeno e C\u00f3rrego dos Freitas."}, {"id": "5691", "ano": "2020", "numero": "85", "tipo__sigla": "IND", "tipo__descricao": "Indica\u00e7\u00e3o", "autoria": "Antero Gomes de Aguiar", "texto_original": "http://sapl.uba.mg.leg.br/media/", "ementa": "Rremo\u00e7\u00e3o do muro de gabi\u00e3o que caiu dentro do leito do c\u00f3rrego que cruza a rua Alberto Rodrigues Bai\u00e3o, no Bairro S\u00e3o Jo\u00e3o, especificamente ao lado da ponte."}, {"id": "5692", "ano": "2020", "numero": "86", "tipo__sigla": "IND", "tipo__descricao": "Indica\u00e7\u00e3o", "autoria": "", "texto_original": "http://sapl.uba.mg.leg.br/media/sapl/public/materialegislativa/2020/5692/indicacao_086.pdf", "ementa": "Constru\u00e7\u00e3o de um muro na rua Projetada localizada ao lado da Escola Municipal Dona Rosinha, na Comunidade da Barrinha, para posterior realiza\u00e7\u00e3o de cal\u00e7amento."}, {"id": "5693", "ano": "2020", "numero": "87", "tipo__sigla": "IND", "tipo__descricao": "Indica\u00e7\u00e3o", "autoria": "Edeir Pacheco", "texto_original": "http://sapl.uba.mg.leg.br/media/sapl/public/materialegislativa/2020/5693/indicacao_087.pdf", "ementa": "Cascalhamento da estrada que d\u00e1 acesso ao c\u00f3rrego dos Mendes at\u00e9 a antiga f\u00e1brica do Abacatinho, no bairro Aeroporto."}, {"id": "5694", "ano": "2020", "numero": "88", "tipo__sigla": "IND", "tipo__descricao": "Indica\u00e7\u00e3o", "autoria": "", "texto_original": "http://sapl.uba.mg.leg.br/media/sapl/public/materialegislativa/2020/5694/indicacao_088.pdf", "ementa": "Aao Prefeito, solicitando que determine ao Departamento de Tr\u00e2nsito da Secretaria de Ambiente e Mobilidade Urbana que realize tratativas com a Via\u00e7\u00e3o Ub\u00e1 para cria\u00e7\u00e3o de linha de \u00f4nibus que passe a fazer o trajeto do bairro Fazendinha."}, {"id": "5695", "ano": "2020", "numero": "89", "tipo__sigla": "IND", "tipo__descricao": "Indica\u00e7\u00e3o", "autoria": "Jos\u00e9 Roberto Reis Filgueiras", "texto_original": "http://sapl.uba.mg.leg.br/media/sapl/public/materialegislativa/2020/5695/indicacao_089.pdf", "ementa": "Limpeza geral e capina no bairro Laranjal."}, {"id": "5696", "ano": "2020", "numero": "90", "tipo__sigla": "IND", "tipo__descricao": "Indica\u00e7\u00e3o", "autoria": "Jos\u00e9 Roberto Reis Filgueiras", "texto_original": "http://sapl.uba.mg.leg.br/media/sapl/public/materialegislativa/2020/5696/indicacao_090.pdf", "ementa": "Recomposi\u00e7\u00e3o das manilhas de capta\u00e7\u00e3o de \u00e1guas pluviais em uma \u00e1rea de servid\u00e3o no bairro Laranjal."}, {"id": "5697", "ano": "2020", "numero": "91", "tipo__sigla": "IND", "tipo__descricao": "Indica\u00e7\u00e3o", "autoria": "Jos\u00e9 Roberto Reis Filgueiras", "texto_original": "http://sapl.uba.mg.leg.br/media/sapl/public/materialegislativa/2020/5697/indicacao_091.pdf", "ementa": "Passagem do carro pulverizador de inseticida (\"carro fumac\u00ea\") no bairro Sobradinho."}, {"id": "5708", "ano": "2020", "numero": "92", "tipo__sigla": "IND", "tipo__descricao": "Indica\u00e7\u00e3o", "autoria": "Gilson Fazolla Filgueiras", "texto_original": "http://sapl.uba.mg.leg.br/media/sapl/public/materialegislativa/2020/5708/indicacao_092.pdf", "ementa": "Estudos para desenvolvimento de um projeto de conten\u00e7\u00e3o das \u00e1guas pluviais na \u00e1rea aos fundos dos lotes da rua Santa Luzia, Louri\u00e7al, com curvas de n\u00edvel na forma que especifica, em parceria com os moradores da localidade."}, {"id": "5709", "ano": "2020", "numero": "93", "tipo__sigla": "IND", "tipo__descricao": "Indica\u00e7\u00e3o", "autoria": "Gilson Fazolla Filgueiras", "texto_original": "http://sapl.uba.mg.leg.br/media/sapl/public/materialegislativa/2020/5709/indicacao_093.pdf", "ementa": "Recomposi\u00e7\u00e3o do meio-fio da rua Hermes Bigonha, bairro S\u00e3o Sebasti\u00e3o."}, {"id": "5710", "ano": "2020", "numero": "94", "tipo__sigla": "IND", "tipo__descricao": "Indica\u00e7\u00e3o", "autoria": "Gilson Fazolla Filgueiras", "texto_original": "http://sapl.uba.mg.leg.br/media/", "ementa": "Recomposi\u00e7\u00e3o do cal\u00e7amento em pedra da rua Andr\u00e9 Baffa, bairro Coparma."}, {"id": "5711", "ano": "2020", "numero": "95", "tipo__sigla": "IND", "tipo__descricao": "Indica\u00e7\u00e3o", "autoria": "Antero Gomes de Aguiar", "texto_original": "http://sapl.uba.mg.leg.br/media/sapl/public/materialegislativa/2020/5711/indicacao_095.pdf", "ementa": "Instala\u00e7\u00e3o de equipamento de registro de ponto com sistema de emiss\u00e3o de comprovantes nas Secretarias de Obras e de Ambiente e Mobilidade Urbana."}, {"id": "5712", "ano": "2020", "numero": "96", "tipo__sigla": "IND", "tipo__descricao": "Indica\u00e7\u00e3o", "autoria": "Antero Gomes de Aguiar", "texto_original": "http://sapl.uba.mg.leg.br/media/sapl/public/materialegislativa/2020/5712/indicacao_096.pdf", "ementa": "Constru\u00e7\u00e3o de pelo menos 03 barragens, com sistema de \u201cladr\u00e3o\u201d para escoamento progressivo das \u00e1guas, ao longo do curso do rio Ub\u00e1, no trecho que vai do bairro Santa Rosa at\u00e9 a sua nascente no distrito de Miragaia."}, {"id": "5713", "ano": "2020", "numero": "97", "tipo__sigla": "IND", "tipo__descricao": "Indica\u00e7\u00e3o", "autoria": "Antero Gomes de Aguiar", "texto_original": "http://sapl.uba.mg.leg.br/media/sapl/public/materialegislativa/2020/5713/indicacao_097.pdf", "ementa": "Realiza\u00e7\u00e3o de uma opera\u00e7\u00e3o tapa-buracos na rua Sebasti\u00e3o Paiva Soares, no bairro S\u00e3o Domingos."}, {"id": "5714", "ano": "2020", "numero": "98", "tipo__sigla": "IND", "tipo__descricao": "Indica\u00e7\u00e3o", "autoria": "Edeir Pacheco, Gilson Fazolla Filgueiras", "texto_original": "http://sapl.uba.mg.leg.br/media/sapl/public/materialegislativa/2020/5714/indicacao_098.pdf", "ementa": "Patrolamento e cascalhamento da estrada da comunidade do Ubazinho, no trecho onde recentemente foi  mal feita uma obra da Copasa."}, {"id": "5715", "ano": "2020", "numero": "99", "tipo__sigla": "IND", "tipo__descricao": "Indica\u00e7\u00e3o", "autoria": "Edeir Pacheco, Gilson Fazolla Filgueiras", "texto_original": "http://sapl.uba.mg.leg.br/media/sapl/public/materialegislativa/2020/5715/indicacao_099.pdf", "ementa": "Patrolamento e cascalhamento da estrada da comunidade do Quebra-Coco."}, {"id": "5716", "ano": "2020", "numero": "100", "tipo__sigla": "IND", "tipo__descricao": "Indica\u00e7\u00e3o", "autoria": "Edeir Pacheco", "texto_original": "http://sapl.uba.mg.leg.br/media/sapl/public/materialegislativa/2020/5716/indicacao_100.pdf", "ementa": "Constru\u00e7\u00e3o de uma ponte de madeira na Barrinha."}, {"id": "5717", "ano": "2020", "numero": "101", "tipo__sigla": "IND", "tipo__descricao": "Indica\u00e7\u00e3o", "autoria": "Edeir Pacheco", "texto_original": "http://sapl.uba.mg.leg.br/media/sapl/public/materialegislativa/2020/5717/indicacao_101.pdf", "ementa": "Tapamento de buracos ou recapeamento asf\u00e1ltico de parte da rua M\u00e1rio Esp\u00f3sito, bairro Pires da Luz."}, {"id": "5718", "ano": "2020", "numero": "102", "tipo__sigla": "IND", "tipo__descricao": "Indica\u00e7\u00e3o", "autoria": "Edeir Pacheco", "texto_original": "http://sapl.uba.mg.leg.br/media/sapl/public/materialegislativa/2020/5718/indicacao_102.pdf", "ementa": "Tapamento de dois buracos na avenida Luciano Candian, bairro Aeroporto."}, {"id": "5719", "ano": "2020", "numero": "103", "tipo__sigla": "IND", "tipo__descricao": "Indica\u00e7\u00e3o", "autoria": "Jos\u00e9 Roberto Reis Filgueiras", "texto_original": "http://sapl.uba.mg.leg.br/media/sapl/public/materialegislativa/2020/5719/indicacao_103.pdf", "ementa": "Limpeza da \u00e1rea verde pertencente ao munic\u00edpio, no final da rua Clarice Vieira, bairro Vila Regina."}, {"id": "5720", "ano": "2020", "numero": "104", "tipo__sigla": "IND", "tipo__descricao": "Indica\u00e7\u00e3o", "autoria": "Jos\u00e9 Roberto Reis Filgueiras", "texto_original": "http://sapl.uba.mg.leg.br/media/sapl/public/materialegislativa/2020/5720/indicacao_104.pdf", "ementa": "Tapamento de um buraco no cruzamento da rua Arg\u00e9lia com a rua \u00c1ustria, bairro Fazendinha."}, {"id": "5721", "ano": "2020", "numero": "105", "tipo__sigla": "IND", "tipo__descricao": "Indica\u00e7\u00e3o", "autoria": "Jos\u00e9 Roberto Reis Filgueiras", "texto_original": "http://sapl.uba.mg.leg.br/media/sapl/public/materialegislativa/2020/5721/indicacao_105.pdf", "ementa": "Tapamento de um buraco em frente ao n\u00ba 929 da rua Arg\u00e9lia, bairro Fazendinha."}, {"id": "5722", "ano": "2020", "numero": "106", "tipo__sigla": "IND", "tipo__descricao": "Indica\u00e7\u00e3o", "autoria": "Jos\u00e9 Roberto Reis Filgueiras", "texto_original": "http://sapl.uba.mg.leg.br/media/sapl/public/materialegislativa/2020/5722/indicacao_106.pdf", "ementa": "Tapamento de um buraco existente em frente a \u00e1rea verde da Prefeitura, na rua Jayme Vieira, bairro Encosta do Sol."}, {"id": "5723", "ano": "2020", "numero": "107", "tipo__sigla": "IND", "tipo__descricao": "Indica\u00e7\u00e3o", "autoria": "Jos\u00e9 Roberto Reis Filgueiras", "texto_original": "http://sapl.uba.mg.leg.br/media/sapl/public/materialegislativa/2020/5723/indicacao_107.pdf", "ementa": "Tapamento um buraco existente na rua Clarice Vieira, bairro Vila Regina."}, {"id": "5724", "ano": "2020", "numero": "108", "tipo__sigla": "IND", "tipo__descricao": "Indica\u00e7\u00e3o", "autoria": "Jos\u00e9 Roberto Reis Filgueiras", "texto_original": "http://sapl.uba.mg.leg.br/media/sapl/public/materialegislativa/2020/5724/indicacao_108.pdf", "ementa": "Tapamento de dois buracos na rua principal do bairro Rosa de Toledo."}, {"id": "5725", "ano": "2020", "numero": "109", "tipo__sigla": "IND", "tipo__descricao": "Indica\u00e7\u00e3o", "autoria": "Gilson Fazolla Filgueiras", "texto_original": "http://sapl.uba.mg.leg.br/media/sapl/public/materialegislativa/2020/5725/indicacao_109.pdf", "ementa": "Constru\u00e7\u00e3o de muro de gabi\u00e3o na cabeceira da ponte de madeira, na rua Pedro Candian, bairro Tri\u00e2ngulo."}, {"id": "5726", "ano": "2020", "numero": "110", "tipo__sigla": "IND", "tipo__descricao": "Indica\u00e7\u00e3o", "autoria": "Gilson Fazolla Filgueiras", "texto_original": "http://sapl.uba.mg.leg.br/media/sapl/public/materialegislativa/2020/5726/indicacao_110.pdf", "ementa": "Constru\u00e7\u00e3o de muro de gabi\u00e3o atr\u00e1s da rua Tupi, onde duas casas ca\u00edram, no bairro Tri\u00e2ngulo."}, {"id": "5736", "ano": "2020", "numero": "111", "tipo__sigla": "IND", "tipo__descricao": "Indica\u00e7\u00e3o", "autoria": "Alexandre de Barros Mendes", "texto_original": "http://sapl.uba.mg.leg.br/media/sapl/public/materialegislativa/2020/5736/indicacao_111.pdf", "ementa": "Constru\u00e7\u00e3o dois redutores de velocidade (quebra-molas) pr\u00f3ximos ao n\u00ba 97 da rua Vereador Oswaldo de Moura Estev\u00e3o, bairro Peluso"}, {"id": "5737", "ano": "2020", "numero": "112", "tipo__sigla": "IND", "tipo__descricao": "Indica\u00e7\u00e3o", "autoria": "Antero Gomes de Aguiar", "texto_original": "http://sapl.uba.mg.leg.br/media/sapl/public/materialegislativa/2020/5737/indicacao_112.pdf", "ementa": "Constru\u00e7\u00e3o de uma passarela no local onde havia uma ponte que foi destru\u00edda pelas chuvas na rua Arg\u00e9lia, bairro Fazendinha"}, {"id": "5738", "ano": "2020", "numero": "113", "tipo__sigla": "IND", "tipo__descricao": "Indica\u00e7\u00e3o", "autoria": "Gilson Fazolla Filgueiras", "texto_original": "http://sapl.uba.mg.leg.br/media/sapl/public/materialegislativa/2020/5738/indicacao_113.pdf", "ementa": "Limpeza e capina da rua Roberta de Oliveira, bairro Primavera"}, {"id": "5739", "ano": "2020", "numero": "114", "tipo__sigla": "IND", "tipo__descricao": "Indica\u00e7\u00e3o", "autoria": "Luis Carlos Teixeira Ribeiro", "texto_original": "http://sapl.uba.mg.leg.br/media/sapl/public/materialegislativa/2020/5739/indicacao_114.pdf", "ementa": "Limpeza da rua Ant\u00f4nio Mauricio Guimaraes, bairro Chiquito Gazolla, pr\u00f3ximo ao n\u00ba 130 e \u00e0 caixa d\u2019\u00e1gua da Copasa"}, {"id": "5740", "ano": "2020", "numero": "115", "tipo__sigla": "IND", "tipo__descricao": "Indica\u00e7\u00e3o", "autoria": "Luis Carlos Teixeira Ribeiro", "texto_original": "http://sapl.uba.mg.leg.br/media/sapl/public/materialegislativa/2020/5740/indicacao_115.pdf", "ementa": "Tapamento de buracos na travessa Perim, bairro Santa Luzia"}, {"id": "5741", "ano": "2020", "numero": "116", "tipo__sigla": "IND", "tipo__descricao": "Indica\u00e7\u00e3o", "autoria": "Antero Gomes de Aguiar", "texto_original": "http://sapl.uba.mg.leg.br/media/sapl/public/materialegislativa/2020/5741/indicacao_116.pdf", "ementa": "Capina e limpeza de todas as ruas do bairro Cristal"}, {"id": "5742", "ano": "2020", "numero": "117", "tipo__sigla": "IND", "tipo__descricao": "Indica\u00e7\u00e3o", "autoria": "Antero Gomes de Aguiar", "texto_original": "http://sapl.uba.mg.leg.br/media/sapl/public/materialegislativa/2020/5742/indicacao_117.pdf", "ementa": "Remo\u00e7\u00e3o de terra decorrente de um barranco que desabou durante as \u00faltimas chuvas na rua Adolfo Pereira Cortez, bairro S\u00e3o Domingos"}, {"id": "5743", "ano": "2020", "numero": "118", "tipo__sigla": "IND", "tipo__descricao": "Indica\u00e7\u00e3o", "autoria": "Edeir Pacheco", "texto_original": "http://sapl.uba.mg.leg.br/media/sapl/public/materialegislativa/2020/5743/indicacao_118.pdf", "ementa": "Limpeza geral do bairro da Luz"}, {"id": "5744", "ano": "2020", "numero": "119", "tipo__sigla": "IND", "tipo__descricao": "Indica\u00e7\u00e3o", "autoria": "Edeir Pacheco", "texto_original": "http://sapl.uba.mg.leg.br/media/sapl/public/materialegislativa/2020/5744/indicacao_119.pdf", "ementa": "Retirada de terra da rua Cristina Bruschi Mendes, bairro Peluso"}, {"id": "5745", "ano": "2020", "numero": "120", "tipo__sigla": "IND", "tipo__descricao": "Indica\u00e7\u00e3o", "autoria": "Jos\u00e9 Roberto Reis Filgueiras", "texto_original": "http://sapl.uba.mg.leg.br/media/sapl/public/materialegislativa/2020/5745/indicacao_120.pdf", "ementa": "Capina de todas as ruas do bairro Rosa de Toledo"}, {"id": "5746", "ano": "2020", "numero": "121", "tipo__sigla": "IND", "tipo__descricao": "Indica\u00e7\u00e3o", "autoria": "Jos\u00e9 Roberto Reis Filgueiras", "texto_original": "http://sapl.uba.mg.leg.br/media/sapl/public/materialegislativa/2020/5746/indicacao_121.pdf", "ementa": "Limpeza da avenida Brasil, rua Ipanema e rua Ipiranga, todas do bairro Nova Olinda"}, {"id": "5747", "ano": "2020", "numero": "122", "tipo__sigla": "IND", "tipo__descricao": "Indica\u00e7\u00e3o", "autoria": "Jos\u00e9 Roberto Reis Filgueiras", "texto_original": "http://sapl.uba.mg.leg.br/media/sapl/public/materialegislativa/2020/5747/indicacao_122.pdf", "ementa": "Coloca\u00e7\u00e3o de um poste com lumin\u00e1ria na rua alternativa que liga agora os bairros Rosa de Toledo e Fazendinha"}, {"id": "5748", "ano": "2020", "numero": "123", "tipo__sigla": "IND", "tipo__descricao": "Indica\u00e7\u00e3o", "autoria": "Jos\u00e9 Roberto Reis Filgueiras", "texto_original": "http://sapl.uba.mg.leg.br/media/sapl/public/materialegislativa/2020/5748/indicacao_123.pdf", "ementa": "Recomposi\u00e7\u00e3o do cal\u00e7amento da rua Pira\u00faba, bairro Rosa de Toledo"}, {"id": "5749", "ano": "2020", "numero": "124", "tipo__sigla": "IND", "tipo__descricao": "Indica\u00e7\u00e3o", "autoria": "Gilson Fazolla Filgueiras", "texto_original": "http://sapl.uba.mg.leg.br/media/sapl/public/materialegislativa/2020/5749/indicacao_124.pdf", "ementa": "Tapamento de um buraco pr\u00f3ximo ao n\u00ba 357, na rua Jos\u00e9 Augusto Marcos, bairro Olaria"}, {"id": "5750", "ano": "2020", "numero": "125", "tipo__sigla": "IND", "tipo__descricao": "Indica\u00e7\u00e3o", "autoria": "Jorge Cust\u00f3dio Gerv\u00e1sio", "texto_original": "http://sapl.uba.mg.leg.br/media/sapl/public/materialegislativa/2020/5750/indicacao_125.pdf", "ementa": "Ao Prefeito, que, tendo-se em conta a situa\u00e7\u00e3o de emerg\u00eancia em sa\u00fade p\u00fablica causada pela pandemia da Covid-19, analise a possibilidade de emiss\u00e3o de um Decreto restringindo o acesso de pessoas n\u00e3o residentes em nosso munic\u00edpio, resguardando o direito de acesso aos que, ainda que vindos de fora, trabalhem em nossa cidade ou prestem servi\u00e7os de natureza essencial, mediante apresenta\u00e7\u00e3o de documenta\u00e7\u00e3o comprobat\u00f3ria"}, {"id": "5751", "ano": "2020", "numero": "126", "tipo__sigla": "IND", "tipo__descricao": "Indica\u00e7\u00e3o", "autoria": "Edeir Pacheco", "texto_original": "http://sapl.uba.mg.leg.br/media/sapl/public/materialegislativa/2020/5751/indicacao_126.pdf", "ementa": "Nivelamento do cal\u00e7amento danificado ap\u00f3s obra realizada pela companhia na rua Francisco Andr\u00e9 de Ara\u00fajo, antiga Beira Linha, bairro Industrial"}, {"id": "5813", "ano": "2020", "numero": "143", "tipo__sigla": "IND", "tipo__descricao": "Indica\u00e7\u00e3o", "autoria": "Jos\u00e9 Roberto Reis Filgueiras", "texto_original": "http://sapl.uba.mg.leg.br/media/sapl/public/materialegislativa/2020/5813/ind_143-20_jroberto__remocao_de_entulho_na_rua_sebastiao_cristiano_raimundo_vila_casal.docx", "ementa": "ao Prefeito, solicitando a remo\u00e7\u00e3o de entulho acumulado pr\u00f3ximo ao n\u00ba 74, da rua Sebasti\u00e3o Cristiano Raimundo, bairro Vila Casal."}, {"id": "5785", "ano": "2020", "numero": "145", "tipo__sigla": "IND", "tipo__descricao": "Indica\u00e7\u00e3o", "autoria": "Jos\u00e9 Roberto Reis Filgueiras", "texto_original": "http://sapl.uba.mg.leg.br/media/sapl/public/materialegislativa/2020/5785/indicacao_145.pdf", "ementa": "Ao Prefeito, solicitando que determine \u00e0 Secretaria Municipal do Ambiente e Mobilidade Urbana que adote medidas para recupera\u00e7\u00e3o de uma mina d\u2019\u00e1gua localizada em um terreno de propriedade da Prefeitura Municipal no bairro Encosta do Sol"}, {"id": "5788", "ano": "2020", "numero": "146", "tipo__sigla": "IND", "tipo__descricao": "Indica\u00e7\u00e3o", "autoria": "Luis Carlos Teixeira Ribeiro", "texto_original": "http://sapl.uba.mg.leg.br/media/sapl/public/materialegislativa/2020/5788/indicacao_146.pdf", "ementa": "Ao Prefeito, solicitando a capina da rua Francisco Duriguetto, bairro S\u00e3o Judas Tadeu."}, {"id": "5779", "ano": "2020", "numero": "147", "tipo__sigla": "IND", "tipo__descricao": "Indica\u00e7\u00e3o", "autoria": "Gilson Fazolla Filgueiras", "texto_original": "http://sapl.uba.mg.leg.br/media/sapl/public/materialegislativa/2020/5779/indicacao_147.pdf", "ementa": "ao Prefeito, solicitando o patrolamento e cascalhamento da estrada da fazenda Cruzeiro do Sul, a pedido dos moradores."}, {"id": "5767", "ano": "2020", "numero": "148", "tipo__sigla": "IND", "tipo__descricao": "Indica\u00e7\u00e3o", "autoria": "Antero Gomes de Aguiar", "texto_original": "http://sapl.uba.mg.leg.br/media/sapl/public/materialegislativa/2020/5767/indicacao_148.pdf", "ementa": "Solicitando ao Prefeito a limpeza de um lote de propriedade do munic\u00edpio localizado na esquina entre as ruas Joaquim Guilherme de Azevedo e Jos\u00e9 Martins da Rocha, bairro Santa Edwiges I"}, {"id": "5768", "ano": "2020", "numero": "149", "tipo__sigla": "IND", "tipo__descricao": "Indica\u00e7\u00e3o", "autoria": "Antero Gomes de Aguiar", "texto_original": "http://sapl.uba.mg.leg.br/media/sapl/public/materialegislativa/2020/5768/indicacao_149.pdf", "ementa": "Ao Prefeito, solicitando a limpeza de um lote de propriedade do munic\u00edpio localizado pr\u00f3ximo ao n\u00ba 94, na rua Jos\u00e9 Bressan, bairro Santana."}, {"id": "5769", "ano": "2020", "numero": "150", "tipo__sigla": "IND", "tipo__descricao": "Indica\u00e7\u00e3o", "autoria": "Antero Gomes de Aguiar", "texto_original": "http://sapl.uba.mg.leg.br/media/sapl/public/materialegislativa/2020/5769/indicacao_150.pdf", "ementa": "Ao Prefeito, solicitando a remo\u00e7\u00e3o de terra e barro acumulados desde as \u00faltimas chuvas, pr\u00f3ximo ao n\u00ba 71, na rua Laura Nicolato, bairro Santa Edwiges II."}, {"id": "5783", "ano": "2020", "numero": "151", "tipo__sigla": "IND", "tipo__descricao": "Indica\u00e7\u00e3o", "autoria": "Jorge Cust\u00f3dio Gerv\u00e1sio", "texto_original": "http://sapl.uba.mg.leg.br/media/sapl/public/materialegislativa/2020/5783/indicacao_151.pdf", "ementa": "Ao Prefeito, solicitando que as barreiras sanit\u00e1rias montadas nas entradas da cidade em virtude da pandemia da Covid-19, realizem inspe\u00e7\u00e3o e controle mais rigorosos, conforme sugest\u00f5es elencadas."}, {"id": "5773", "ano": "2020", "numero": "152", "tipo__sigla": "IND", "tipo__descricao": "Indica\u00e7\u00e3o", "autoria": "Edeir Pacheco", "texto_original": "http://sapl.uba.mg.leg.br/media/sapl/public/materialegislativa/2020/5773/indicacao_152.pdf", "ementa": "Ao Prefeito, solicitando opera\u00e7\u00e3o tapa-buracos no bairro In\u00eas Groppo."}, {"id": "5774", "ano": "2020", "numero": "153", "tipo__sigla": "IND", "tipo__descricao": "Indica\u00e7\u00e3o", "autoria": "Edeir Pacheco", "texto_original": "http://sapl.uba.mg.leg.br/media/sapl/public/materialegislativa/2020/5774/indicacao_153.pdf", "ementa": "Ao Prefeito, solicitando uma opera\u00e7\u00e3o tapa-buracos na rua Jaime de Almeida, bairro Olaria."}, {"id": "5775", "ano": "2020", "numero": "154", "tipo__sigla": "IND", "tipo__descricao": "Indica\u00e7\u00e3o", "autoria": "Edeir Pacheco", "texto_original": "http://sapl.uba.mg.leg.br/media/sapl/public/materialegislativa/2020/5775/indicacao_154.pdf", "ementa": "ao Prefeito, solicitando o patrolamento da estrada que liga a comunidade da Parada Moreira ao C\u00f3rrego S\u00e3o Domingos."}, {"id": "5776", "ano": "2020", "numero": "155", "tipo__sigla": "IND", "tipo__descricao": "Indica\u00e7\u00e3o", "autoria": "Edeir Pacheco", "texto_original": "http://sapl.uba.mg.leg.br/media/sapl/public/materialegislativa/2020/5776/indicacao_155.pdf", "ementa": "Ao Prefeito, solicitando o nivelamento do cal\u00e7amento da rua Coronel J\u00falio Soares, no Centro da cidade."}, {"id": "5816", "ano": "2020", "numero": "156", "tipo__sigla": "IND", "tipo__descricao": "Indica\u00e7\u00e3o", "autoria": "Luis Carlos Teixeira Ribeiro", "texto_original": "http://sapl.uba.mg.leg.br/media/sapl/public/materialegislativa/2020/5816/indicacao_156.pdf", "ementa": "ao Prefeito, solicitando a limpeza e remo\u00e7\u00e3o de entulhos acumulados na pracinha do bairro Pires da Luz."}, {"id": "5814", "ano": "2020", "numero": "157", "tipo__sigla": "IND", "tipo__descricao": "Indica\u00e7\u00e3o", "autoria": "Jos\u00e9 Roberto Reis Filgueiras", "texto_original": "http://sapl.uba.mg.leg.br/media/sapl/public/materialegislativa/2020/5814/ind_157-20_jroberto__poda_de_arvores_na_rua_joao_schiavon_schiavon.docx", "ementa": "ao Prefeito, solicitando a poda das \u00e1rvores da rua Jo\u00e3o Schiavon, bairro Schiavon."}, {"id": "5796", "ano": "2020", "numero": "158", "tipo__sigla": "IND", "tipo__descricao": "Indica\u00e7\u00e3o", "autoria": "Edeir Pacheco", "texto_original": "http://sapl.uba.mg.leg.br/media/sapl/public/materialegislativa/2020/5796/ind_158-20_edeir__operacao_tapa-buracos_na_rua_domitila_castanon_eldorado.docx", "ementa": "ao Prefeito, solicitando op. tapa-buracos na rua Domitila Castanon, b. Eldorado."}, {"id": "5797", "ano": "2020", "numero": "159", "tipo__sigla": "IND", "tipo__descricao": "Indica\u00e7\u00e3o", "autoria": "Edeir Pacheco", "texto_original": "http://sapl.uba.mg.leg.br/media/sapl/public/materialegislativa/2020/5797/ind_159-20_edeir__colocacao_de_luminaria_em_poste_na_travessa_que_liga_a_rua_do_divino_a_rua_francisco_da_costa_barros_sao_joao.docx", "ementa": "ao Prefeito, solicitando a coloca\u00e7\u00e3o de lumin\u00e1ria no \u00faltimo poste localizado na travessa que liga a rua do Divino \u00e0 rua Francisco da Costa Barros, bairro S\u00e3o Jo\u00e3o."}, {"id": "5792", "ano": "2020", "numero": "160", "tipo__sigla": "IND", "tipo__descricao": "Indica\u00e7\u00e3o", "autoria": "Antero Gomes de Aguiar", "texto_original": "http://sapl.uba.mg.leg.br/media/sapl/public/materialegislativa/2020/5792/indicacao_160_1.pdf", "ementa": "ao Prefeito, solicitando a coloca\u00e7\u00e3o de placas indicativas de dire\u00e7\u00e3o na esquina da rua Virg\u00ednia Brand\u00e3o com a avenida ex-Combatentes, orientando os motoristas sobre o caminho para o Centro de Ub\u00e1 e para as cidades pr\u00f3ximas, como Visconde do Rio Branco e Vi\u00e7osa."}, {"id": "5802", "ano": "2020", "numero": "161", "tipo__sigla": "IND", "tipo__descricao": "Indica\u00e7\u00e3o", "autoria": "Gilson Fazolla Filgueiras", "texto_original": "http://sapl.uba.mg.leg.br/media/sapl/public/materialegislativa/2020/5802/indicacao_161.pdf", "ementa": "ao Prefeito, solicitando a recomposi\u00e7\u00e3o de meios-fios da rua Carangola, Santana"}, {"id": "5803", "ano": "2020", "numero": "162", "tipo__sigla": "IND", "tipo__descricao": "Indica\u00e7\u00e3o", "autoria": "Gilson Fazolla Filgueiras", "texto_original": "http://sapl.uba.mg.leg.br/media/sapl/public/materialegislativa/2020/5803/indicacao_162.pdf", "ementa": "ao Prefeito, solicitando a limpeza da rua Sete Lagoas, bairro Santana."}, {"id": "5804", "ano": "2020", "numero": "163", "tipo__sigla": "IND", "tipo__descricao": "Indica\u00e7\u00e3o", "autoria": "Gilson Fazolla Filgueiras", "texto_original": "http://sapl.uba.mg.leg.br/media/sapl/public/materialegislativa/2020/5804/indicacao_163.pdf", "ementa": "ao Prefeito, solicitando a eleva\u00e7\u00e3o e pintura do redutor de velocidade localizado em frente \u00e0 Bianchi M\u00f3veis, na avenida Oleg\u00e1rio Maciel, bairro Industrial, conforme previsto na Emenda Parlamentar n\u00b0 02 de sua autoria, da Lei n\u00ba 4.744, de 26 de dezembro de 2019, que \u201cestabelece proposta or\u00e7ament\u00e1ria, estimando a receita e fixando a despesa do munic\u00edpio de Ub\u00e1 para o exerc\u00edcio de 2020\u201d."}, {"id": "5805", "ano": "2020", "numero": "164", "tipo__sigla": "IND", "tipo__descricao": "Indica\u00e7\u00e3o", "autoria": "Gilson Fazolla Filgueiras", "texto_original": "http://sapl.uba.mg.leg.br/media/sapl/public/materialegislativa/2020/5805/indicacao_164.pdf", "ementa": "ao Prefeito, solicitando o patrolamento e cascalhamento da estrada da comunidade do C\u00f3rrego Alegre, no trecho que vai sentido \u00e0 Parada Moreira."}, {"id": "5806", "ano": "2020", "numero": "165", "tipo__sigla": "IND", "tipo__descricao": "Indica\u00e7\u00e3o", "autoria": "Gilson Fazolla Filgueiras", "texto_original": "http://sapl.uba.mg.leg.br/media/sapl/public/materialegislativa/2020/5806/indicacao_165.pdf", "ementa": "ao Prefeito, solicitando o patrolamento e cascalhamento da estrada do Morro do Coruja, na comunidade do Quinca Magalh\u00e3es."}, {"id": "5807", "ano": "2020", "numero": "166", "tipo__sigla": "IND", "tipo__descricao": "Indica\u00e7\u00e3o", "autoria": "Gilson Fazolla Filgueiras", "texto_original": "http://sapl.uba.mg.leg.br/media/sapl/public/materialegislativa/2020/5807/indicacao_166.pdf", "ementa": "ao Prefeito, solicitando o patrolamento e cascalhamento da estrada que d\u00e1 acesso \u00e0 APAE rural"}, {"id": "5808", "ano": "2020", "numero": "167", "tipo__sigla": "IND", "tipo__descricao": "Indica\u00e7\u00e3o", "autoria": "Gilson Fazolla Filgueiras", "texto_original": "http://sapl.uba.mg.leg.br/media/sapl/public/materialegislativa/2020/5808/indicacao_167.pdf", "ementa": "ao Prefeito, solicitando a reforma da ponte da rua Vila Nova, bairro Vila Casal."}, {"id": "5844", "ano": "2020", "numero": "168", "tipo__sigla": "IND", "tipo__descricao": "Indica\u00e7\u00e3o", "autoria": "Luis Carlos Teixeira Ribeiro", "texto_original": "http://sapl.uba.mg.leg.br/media/sapl/public/materialegislativa/2020/5844/indicacao_168.pdf", "ementa": "Capina e recomposi\u00e7\u00e3o do cal\u00e7amento de pedra da rua Passos, bairro Santana."}, {"id": "5845", "ano": "2020", "numero": "169", "tipo__sigla": "IND", "tipo__descricao": "Indica\u00e7\u00e3o", "autoria": "Ademir da Fonseca Firmiano", "texto_original": "http://sapl.uba.mg.leg.br/media/sapl/public/materialegislativa/2020/5845/indicaouo_169.pdf", "ementa": "Recapeamento asf\u00e1ltico da rua Eliodoro, bairro Vila Gon\u00e7alves, a pedido do Sr. Sebasti\u00e3o Lima e demais moradores."}, {"id": "5846", "ano": "2020", "numero": "170", "tipo__sigla": "IND", "tipo__descricao": "Indica\u00e7\u00e3o", "autoria": "Ademir da Fonseca Firmiano", "texto_original": "http://sapl.uba.mg.leg.br/media/sapl/public/materialegislativa/2020/5846/indicaouo_170.pdf", "ementa": "Poda das \u00e1rvores da rodovia Ub\u00e1/Visconde do Rio Branco, em toda extens\u00e3o do trecho pr\u00f3ximo \u00e0 Vila Gon\u00e7alves."}, {"id": "5847", "ano": "2020", "numero": "171", "tipo__sigla": "IND", "tipo__descricao": "Indica\u00e7\u00e3o", "autoria": "Ademir da Fonseca Firmiano", "texto_original": "http://sapl.uba.mg.leg.br/media/sapl/public/materialegislativa/2020/5847/indicaouo_171.pdf", "ementa": "Cascalhamento da estrada da comunidade da Zueira, principalmente no trecho compreendido entre o curral do Sr. Reginaldo e a entrada da \u201cpiscina\u201d, locais bastante conhecidos nesta regi\u00e3o."}, {"id": "5848", "ano": "2020", "numero": "172", "tipo__sigla": "IND", "tipo__descricao": "Indica\u00e7\u00e3o", "autoria": "Ademir da Fonseca Firmiano", "texto_original": "http://sapl.uba.mg.leg.br/media/sapl/public/materialegislativa/2020/5848/indicacao_172.pdf", "ementa": "Substitui\u00e7\u00e3o das manilhas existentes por outras de concreto, na \u00e1rea de servid\u00e3o que passa nos fundos dos lotes da quadra existente entre as ruas Maria do Carmo M\u00e9dice de Oliveira e rua Realino Sebasti\u00e3o Firmiano, bairro Jardim Esperan\u00e7a. Requer ainda que c\u00f3pia desta solicita\u00e7\u00e3o seja encaminhada ao Minist\u00e9rio P\u00fablico."}, {"id": "5849", "ano": "2020", "numero": "173", "tipo__sigla": "IND", "tipo__descricao": "Indica\u00e7\u00e3o", "autoria": "Ademir da Fonseca Firmiano", "texto_original": "http://sapl.uba.mg.leg.br/media/sapl/public/materialegislativa/2020/5849/indicaouo_173.pdf", "ementa": "Cal\u00e7amento da parte alta do bairro Jo\u00e3o Teixeira, a pedido do Pastor Edson e demais moradores."}, {"id": "5851", "ano": "2020", "numero": "174", "tipo__sigla": "IND", "tipo__descricao": "Indica\u00e7\u00e3o", "autoria": "Gilson Fazolla Filgueiras", "texto_original": "http://sapl.uba.mg.leg.br/media/sapl/public/materialegislativa/2020/5851/indicaouo_174.pdf", "ementa": "Opera\u00e7\u00e3o tapa-buracos na entrada da Vila Russinho, atr\u00e1s do Restaurante Tupiara, no Centro da cidade."}, {"id": "5852", "ano": "2020", "numero": "175", "tipo__sigla": "IND", "tipo__descricao": "Indica\u00e7\u00e3o", "autoria": "Gilson Fazolla Filgueiras", "texto_original": "http://sapl.uba.mg.leg.br/media/sapl/public/materialegislativa/2020/5852/indicaouo_175.pdf", "ementa": "Limpeza e capina do bairro S\u00e3o Francisco de Assis."}, {"id": "5853", "ano": "2020", "numero": "176", "tipo__sigla": "IND", "tipo__descricao": "Indica\u00e7\u00e3o", "autoria": "Gilson Fazolla Filgueiras", "texto_original": "http://sapl.uba.mg.leg.br/media/sapl/public/materialegislativa/2020/5853/indicaouo_176.pdf", "ementa": "Limpeza da rua Presidente M\u00e9dice, bairro Palmeiras."}, {"id": "5854", "ano": "2020", "numero": "177", "tipo__sigla": "IND", "tipo__descricao": "Indica\u00e7\u00e3o", "autoria": "Jos\u00e9 Roberto Reis Filgueiras", "texto_original": "http://sapl.uba.mg.leg.br/media/sapl/public/materialegislativa/2020/5854/indicaouo_177.pdf", "ementa": "Tapamento de um buraco em frente ao n\u00ba 230 da rua Jos\u00e9 Teixeira de Abreu, bairro Santa Bernadete."}, {"id": "5855", "ano": "2020", "numero": "178", "tipo__sigla": "IND", "tipo__descricao": "Indica\u00e7\u00e3o", "autoria": "Jos\u00e9 Roberto Reis Filgueiras", "texto_original": "http://sapl.uba.mg.leg.br/media/sapl/public/materialegislativa/2020/5855/indicaouo_178.pdf", "ementa": "Recomposi\u00e7\u00e3o do cal\u00e7amento em frente ao n\u00ba 125 da rua Professora Nair de Ara\u00fajo, bairro Palmeiras."}, {"id": "5856", "ano": "2020", "numero": "179", "tipo__sigla": "IND", "tipo__descricao": "Indica\u00e7\u00e3o", "autoria": "Jos\u00e9 Roberto Reis Filgueiras", "texto_original": "http://sapl.uba.mg.leg.br/media/sapl/public/materialegislativa/2020/5856/indicaouo_179.pdf", "ementa": "Capina e limpeza de uma \u00e1rea de servid\u00e3o, de propriedade do munic\u00edpio, localizada entre as ruas Jose Doriguetto e Jos\u00e9 Bernardo Maciel, bairro Schiavon, a pedido dos moradores que est\u00e3o reclamando da presen\u00e7a de escorpi\u00f5es no local."}, {"id": "5850", "ano": "2020", "numero": "180", "tipo__sigla": "IND", "tipo__descricao": "Indica\u00e7\u00e3o", "autoria": "Ademir da Fonseca Firmiano", "texto_original": "http://sapl.uba.mg.leg.br/media/sapl/public/materialegislativa/2020/5850/indicaouo_180.pdf", "ementa": "Solicita celebra\u00e7\u00e3o de conv\u00eanio com a Pol\u00edcia Militar para fiscaliza\u00e7\u00e3o de estabelecimentos comerciais que est\u00e3o descumprindo o Decreto Municipal n\u00ba 6.393/2020, que \u201cdisp\u00f5e sobre o funcionamento de atividades econ\u00f4micas no Munic\u00edpio de Ub\u00e1, durante o per\u00edodo de enfrentamento \u00e0 pandemia do novo Coronav\u00edrus \u2013 COVID-19, consoante as diretrizes estabelecidas pelo Plano Minas Consciente\u201d."}, {"id": "5857", "ano": "2020", "numero": "181", "tipo__sigla": "IND", "tipo__descricao": "Indica\u00e7\u00e3o", "autoria": "Antero Gomes de Aguiar", "texto_original": "http://sapl.uba.mg.leg.br/media/sapl/public/materialegislativa/2020/5857/indicaouo_181.pdf", "ementa": "Constru\u00e7\u00e3o de um redutor de velocidade em frente ao n\u00ba 58 da avenida dos Franciscanos, bairro S\u00e3o Sebasti\u00e3o."}, {"id": "5858", "ano": "2020", "numero": "182", "tipo__sigla": "IND", "tipo__descricao": "Indica\u00e7\u00e3o", "autoria": "Antero Gomes de Aguiar", "texto_original": "http://sapl.uba.mg.leg.br/media/sapl/public/materialegislativa/2020/5858/indicaouo_182.pdf", "ementa": "Opera\u00e7\u00e3o tapa-buracos em todo o bairro Aeroporto."}, {"id": "5859", "ano": "2020", "numero": "183", "tipo__sigla": "IND", "tipo__descricao": "Indica\u00e7\u00e3o", "autoria": "Edeir Pacheco", "texto_original": "http://sapl.uba.mg.leg.br/media/sapl/public/materialegislativa/2020/5859/indicaouo_183.pdf", "ementa": "Sugere que, devido aos graves efeitos das enchentes ocorridas na cidade e da pandemia do COVID 19, conceda desconto de pelo menos 30% no IPTU de 2020."}, {"id": "5860", "ano": "2020", "numero": "184", "tipo__sigla": "IND", "tipo__descricao": "Indica\u00e7\u00e3o", "autoria": "Edeir Pacheco", "texto_original": "http://sapl.uba.mg.leg.br/media/sapl/public/materialegislativa/2020/5860/indicaouo_184.pdf", "ementa": "Sugere que o Prefeito, devido aos graves efeitos das enchentes ocorridas na cidade e da pandemia do COVID 19, encaminhe a esta Casa, um Projeto concedendo desconto para concess\u00e3o de Alvar\u00e1 de Localiza\u00e7\u00e3o e Funcionamento de estabelecimentos comerciais, industriais e de servi\u00e7os."}, {"id": "5861", "ano": "2020", "numero": "185", "tipo__sigla": "IND", "tipo__descricao": "Indica\u00e7\u00e3o", "autoria": "Edeir Pacheco", "texto_original": "http://sapl.uba.mg.leg.br/media/sapl/public/materialegislativa/2020/5861/indicaouo_185.pdf", "ementa": "Instala\u00e7\u00e3o de lumin\u00e1ria no poste localizado na esquina das ruas Nicolau Caneschi e Luiz Bigonha, bairro Louri\u00e7al."}, {"id": "5862", "ano": "2020", "numero": "186", "tipo__sigla": "IND", "tipo__descricao": "Indica\u00e7\u00e3o", "autoria": "Edeir Pacheco", "texto_original": "http://sapl.uba.mg.leg.br/media/sapl/public/materialegislativa/2020/5862/indicaouo_186.pdf", "ementa": "Instala\u00e7\u00e3o de lumin\u00e1ria no poste localizado entre a rua Mariano da Rocha e o escad\u00e3o do bairro Noeme Batalha"}, {"id": "5863", "ano": "2020", "numero": "187", "tipo__sigla": "IND", "tipo__descricao": "Indica\u00e7\u00e3o", "autoria": "Edeir Pacheco", "texto_original": "http://sapl.uba.mg.leg.br/media/sapl/public/materialegislativa/2020/5863/indicaouo_187.pdf", "ementa": "Instala\u00e7\u00e3o de tr\u00eas lumin\u00e1rias nos postes localizados na Vila Moreto, pr\u00f3xima ao primeiro radar da Rodovia Ub\u00e1/Visconde do Rio Branco."}, {"id": "5864", "ano": "2020", "numero": "188", "tipo__sigla": "IND", "tipo__descricao": "Indica\u00e7\u00e3o", "autoria": "Edeir Pacheco", "texto_original": "http://sapl.uba.mg.leg.br/media/sapl/public/materialegislativa/2020/5864/indicaouo_188.pdf", "ementa": "Instala\u00e7\u00e3o de lumin\u00e1ria no poste localizado na esquina das ruas Ant\u00f4nio Anast\u00e1cio Doriguetto e Francisco Teixeira de Abreu, bairro Palmeiras."}, {"id": "5865", "ano": "2020", "numero": "189", "tipo__sigla": "IND", "tipo__descricao": "Indica\u00e7\u00e3o", "autoria": "Edeir Pacheco", "texto_original": "http://sapl.uba.mg.leg.br/media/sapl/public/materialegislativa/2020/5865/indicaouo_189.pdf", "ementa": "Constru\u00e7\u00e3o de dois bueiros na esquina das ruas Florinda Fernandes e Luiz de Matos, bairro Vila Casal."}, {"id": "5820", "ano": "2020", "numero": "190", "tipo__sigla": "IND", "tipo__descricao": "Indica\u00e7\u00e3o", "autoria": "Gilson Fazolla Filgueiras", "texto_original": "http://sapl.uba.mg.leg.br/media/sapl/public/materialegislativa/2020/5820/indicaouo_190.pdf", "ementa": "Instala\u00e7\u00e3o de uma lumin\u00e1ria na rua Angelina Baffa dos Santos, bairro Sobradinho."}, {"id": "5821", "ano": "2020", "numero": "191", "tipo__sigla": "IND", "tipo__descricao": "Indica\u00e7\u00e3o", "autoria": "Gilson Fazolla Filgueiras", "texto_original": "http://sapl.uba.mg.leg.br/media/sapl/public/materialegislativa/2020/5821/indicacao_191.pdf", "ementa": "Patrolamento e cascalhamento do final da rua Guerino Peron, bairro Agroceres;"}, {"id": "5822", "ano": "2020", "numero": "192", "tipo__sigla": "IND", "tipo__descricao": "Indica\u00e7\u00e3o", "autoria": "Luis Carlos Teixeira Ribeiro", "texto_original": "http://sapl.uba.mg.leg.br/media/sapl/public/materialegislativa/2020/5822/indicacao_192.pdf", "ementa": "Estudos t\u00e9cnicos para analisar a possibilidade de, aos domingos, isolar a avenida Com. Jacinto S. de S. Lima, bairro Dico Teixeira, no trecho onde foram realizados os desfiles do Carnaval 2020, para ser utilizada na pr\u00e1tica de esportes e lazer pela popula\u00e7\u00e3o;"}, {"id": "5823", "ano": "2020", "numero": "193", "tipo__sigla": "IND", "tipo__descricao": "Indica\u00e7\u00e3o", "autoria": "Gilson Fazolla Filgueiras", "texto_original": "http://sapl.uba.mg.leg.br/media/sapl/public/materialegislativa/2020/5823/indicacao_193.pdf", "ementa": "Opera\u00e7\u00e3o tapa-buracos em todo o bairro Santa Bernadete;"}, {"id": "5824", "ano": "2020", "numero": "194", "tipo__sigla": "IND", "tipo__descricao": "Indica\u00e7\u00e3o", "autoria": "Jos\u00e9 Roberto Reis Filgueiras", "texto_original": "http://sapl.uba.mg.leg.br/media/sapl/public/materialegislativa/2020/5824/indicacao_194.pdf", "ementa": "Sinaliza\u00e7\u00e3o de tr\u00e2nsito para todas as ruas do bairro S\u00e3o Judas Tadeu"}, {"id": "5825", "ano": "2020", "numero": "195", "tipo__sigla": "IND", "tipo__descricao": "Indica\u00e7\u00e3o", "autoria": "Jos\u00e9 Roberto Reis Filgueiras", "texto_original": "http://sapl.uba.mg.leg.br/media/sapl/public/materialegislativa/2020/5825/indicacao_195.pdf", "ementa": "Limpeza do in\u00edcio do escad\u00e3o da rua Jo\u00e3o Schiavon, bairro Schiavon"}, {"id": "5826", "ano": "2020", "numero": "196", "tipo__sigla": "IND", "tipo__descricao": "Indica\u00e7\u00e3o", "autoria": "Antero Gomes de Aguiar", "texto_original": "http://sapl.uba.mg.leg.br/media/sapl/public/materialegislativa/2020/5826/indicacao_196.pdf", "ementa": "Instala\u00e7\u00e3o de tampa em um bueiro localizado em frente ao n\u00ba 90 da rua Jos\u00e9 Emygdio Teixeira, bairro Santa Edwiges II"}, {"id": "5884", "ano": "2020", "numero": "197", "tipo__sigla": "IND", "tipo__descricao": "Indica\u00e7\u00e3o", "autoria": "Jos\u00e9 Roberto Reis Filgueiras", "texto_original": "http://sapl.uba.mg.leg.br/media/sapl/public/materialegislativa/2020/5884/indicaouo_197.pdf", "ementa": "Substitui\u00e7\u00e3o das manilhas localizadas na entrada da comunidade da Barrinha por outras de di\u00e2metro maior."}, {"id": "5827", "ano": "2020", "numero": "198", "tipo__sigla": "IND", "tipo__descricao": "Indica\u00e7\u00e3o", "autoria": "Antero Gomes de Aguiar", "texto_original": "http://sapl.uba.mg.leg.br/media/sapl/public/materialegislativa/2020/5827/indicacao_198.pdf", "ementa": "Desentupimento de uma a manilha que se encontra \u00e0 entrada da comunidade da Barrinha."}, {"id": "5828", "ano": "2020", "numero": "199", "tipo__sigla": "IND", "tipo__descricao": "Indica\u00e7\u00e3o", "autoria": "Edeir Pacheco", "texto_original": "http://sapl.uba.mg.leg.br/media/sapl/public/materialegislativa/2020/5828/indicacao_199.pdf", "ementa": "Constru\u00e7\u00e3o de meios-fios na avenida Comendador Teixeira e Silva, bairro Santana"}, {"id": "5829", "ano": "2020", "numero": "200", "tipo__sigla": "IND", "tipo__descricao": "Indica\u00e7\u00e3o", "autoria": "Edeir Pacheco", "texto_original": "http://sapl.uba.mg.leg.br/media/sapl/public/materialegislativa/2020/5829/indicacao_200.pdf", "ementa": "Opera\u00e7\u00e3o tapa-buracos em todas as ruas do bairro Vale do Ip\u00ea"}, {"id": "5830", "ano": "2020", "numero": "201", "tipo__sigla": "IND", "tipo__descricao": "Indica\u00e7\u00e3o", "autoria": "Edeir Pacheco", "texto_original": "http://sapl.uba.mg.leg.br/media/sapl/public/materialegislativa/2020/5830/indicacao_201.pdf", "ementa": "Opera\u00e7\u00e3o tapa-buracos na rua Maria Burato Migliorini, bairro San Raphael II;"}, {"id": "5831", "ano": "2020", "numero": "202", "tipo__sigla": "IND", "tipo__descricao": "Indica\u00e7\u00e3o", "autoria": "Edeir Pacheco", "texto_original": "http://sapl.uba.mg.leg.br/media/sapl/public/materialegislativa/2020/5831/indicacao_202.pdf", "ementa": "Constru\u00e7\u00e3o de um muro de conten\u00e7\u00e3o no final de todas as ruas da Vila Regina que margeiam o c\u00f3rrego ali existente"}, {"id": "5832", "ano": "2020", "numero": "204", "tipo__sigla": "IND", "tipo__descricao": "Indica\u00e7\u00e3o", "autoria": "Edeir Pacheco", "texto_original": "http://sapl.uba.mg.leg.br/media/sapl/public/materialegislativa/2020/5832/indicacao_204.pdf", "ementa": "Constru\u00e7\u00e3o de uma ponte pr\u00f3ximo \u00e0 propriedade do Sr. Edinho Farinheiro, no bairro Aeroporto"}, {"id": "5885", "ano": "2020", "numero": "205", "tipo__sigla": "IND", "tipo__descricao": "Indica\u00e7\u00e3o", "autoria": "", "texto_original": "http://sapl.uba.mg.leg.br/media/sapl/public/materialegislativa/2020/5885/indicaouo_205.pdf", "ementa": "Limpeza geral do bairro Santa Luzia."}, {"id": "5886", "ano": "2020", "numero": "206", "tipo__sigla": "IND", "tipo__descricao": "Indica\u00e7\u00e3o", "autoria": "Edeir Pacheco", "texto_original": "http://sapl.uba.mg.leg.br/media/sapl/public/materialegislativa/2020/5886/indicaouo_206.pdf", "ementa": "Constru\u00e7\u00e3o de meio-fio na extens\u00e3o da avenida Dr. Domingos Peluso, entre o CAIC e o clube Mangueiras."}, {"id": "5887", "ano": "2020", "numero": "207", "tipo__sigla": "IND", "tipo__descricao": "Indica\u00e7\u00e3o", "autoria": "Edeir Pacheco", "texto_original": "http://sapl.uba.mg.leg.br/media/sapl/public/materialegislativa/2020/5887/indicaouo_207.pdf", "ementa": "Constru\u00e7\u00e3o de quebra-molas na rua que liga o bairro Santa Bernadete ao bairro S\u00e3o Judas Tadeu."}, {"id": "5888", "ano": "2020", "numero": "208", "tipo__sigla": "IND", "tipo__descricao": "Indica\u00e7\u00e3o", "autoria": "Gilson Fazolla Filgueiras", "texto_original": "http://sapl.uba.mg.leg.br/media/sapl/public/materialegislativa/2020/5888/indicaouo_208.pdf", "ementa": "Opera\u00e7\u00e3o tapa-buracos no bairro Vila Casal."}, {"id": "5927", "ano": "2020", "numero": "209", "tipo__sigla": "IND", "tipo__descricao": "Indica\u00e7\u00e3o", "autoria": "Gilson Fazolla Filgueiras", "texto_original": "http://sapl.uba.mg.leg.br/media/sapl/public/materialegislativa/2020/5927/indicacao_209.pdf", "ementa": "Pintura de todas as faixas de pedestres e quebra-molas j\u00e1 existentes ao longo da avenida Juscelino Kubitscheck, bem como a pintura de uma nova faixa de pedestres em frente ao n\u00ba 340, pr\u00f3ximo ao ponto de \u00f4nibus do referido logradouro, onde j\u00e1 ocorreram diversos acidentes. Requer ainda que c\u00f3pia desta proposi\u00e7\u00e3o seja encaminhada ao Sr. Adilson M\u00e9dice, na loja Adrissat, no endere\u00e7o mencionado."}, {"id": "5928", "ano": "2020", "numero": "210", "tipo__sigla": "IND", "tipo__descricao": "Indica\u00e7\u00e3o", "autoria": "Gilson Fazolla Filgueiras", "texto_original": "http://sapl.uba.mg.leg.br/media/sapl/public/materialegislativa/2020/5928/indicacao_210.pdf", "ementa": "Capina e limpeza pr\u00f3ximo ao n\u00ba 152 da rua Waldemar Marcelo da Rocha, bairro S\u00e3o Judas Tadeu."}, {"id": "5898", "ano": "2020", "numero": "211", "tipo__sigla": "IND", "tipo__descricao": "Indica\u00e7\u00e3o", "autoria": "Antero Gomes de Aguiar", "texto_original": "http://sapl.uba.mg.leg.br/media/sapl/public/materialegislativa/2020/5898/indicaouo_211.pdf", "ementa": "Asfaltamento da rua Francisco Maia Neves, bairro S\u00e3o Domingos."}, {"id": "5899", "ano": "2020", "numero": "212", "tipo__sigla": "IND", "tipo__descricao": "Indica\u00e7\u00e3o", "autoria": "Antero Gomes de Aguiar", "texto_original": "http://sapl.uba.mg.leg.br/media/sapl/public/materialegislativa/2020/5899/indicaouo_212.pdf", "ementa": "Limpeza e capina de todas as ruas do bairro Agroceres."}, {"id": "5900", "ano": "2020", "numero": "213", "tipo__sigla": "IND", "tipo__descricao": "Indica\u00e7\u00e3o", "autoria": "Antero Gomes de Aguiar", "texto_original": "http://sapl.uba.mg.leg.br/media/", "ementa": "Asfaltamento da rua Afonso Pereira Santiago, bairro da Luz."}, {"id": "5901", "ano": "2020", "numero": "214", "tipo__sigla": "IND", "tipo__descricao": "Indica\u00e7\u00e3o", "autoria": "Gilson Fazolla Filgueiras", "texto_original": "http://sapl.uba.mg.leg.br/media/sapl/public/materialegislativa/2020/5901/indicacao_214.pdf", "ementa": "Remo\u00e7\u00e3o do entulho acumulado ap\u00f3s a limpeza feita para asfaltamento da rua Affonso Ivo Defelippe, bairro Alto Santa Cruz. Requer o envio ao Sr. Ademir Jos\u00e9 Vieira, no n\u00ba 125."}, {"id": "5902", "ano": "2020", "numero": "215", "tipo__sigla": "IND", "tipo__descricao": "Indica\u00e7\u00e3o", "autoria": "Gilson Fazolla Filgueiras", "texto_original": "http://sapl.uba.mg.leg.br/media/sapl/public/materialegislativa/2020/5902/indicaouo_215.pdf", "ementa": "Recomposi\u00e7\u00e3o do cal\u00e7amento de pedras e asfaltamento da rua Maria Gabriela Fernandes, bairro Jardim \u00c9lida."}, {"id": "5903", "ano": "2020", "numero": "216", "tipo__sigla": "IND", "tipo__descricao": "Indica\u00e7\u00e3o", "autoria": "Gilson Fazolla Filgueiras", "texto_original": "http://sapl.uba.mg.leg.br/media/sapl/public/materialegislativa/2020/5903/indicacao_216.pdf", "ementa": "Capina e limpeza de um lote de propriedade do Poder Executivo Municipal, na rua Nair Andrade, bairro S\u00e3o Sebasti\u00e3o."}, {"id": "5904", "ano": "2020", "numero": "217", "tipo__sigla": "IND", "tipo__descricao": "Indica\u00e7\u00e3o", "autoria": "Gilson Fazolla Filgueiras", "texto_original": "http://sapl.uba.mg.leg.br/media/", "ementa": "Capina da rua Lenir Guizilini de Andrade, bairro Industrial."}, {"id": "5905", "ano": "2020", "numero": "218", "tipo__sigla": "IND", "tipo__descricao": "Indica\u00e7\u00e3o", "autoria": "Gilson Fazolla Filgueiras", "texto_original": "http://sapl.uba.mg.leg.br/media/sapl/public/materialegislativa/2020/5905/indicaouo_218.pdf", "ementa": "Pintura da ponte da rua dos Viajantes, Centro."}, {"id": "5906", "ano": "2020", "numero": "219", "tipo__sigla": "IND", "tipo__descricao": "Indica\u00e7\u00e3o", "autoria": "Edeir Pacheco", "texto_original": "http://sapl.uba.mg.leg.br/media/sapl/public/materialegislativa/2020/5906/indicaouo_219.pdf", "ementa": "Instala\u00e7\u00e3o de tr\u00eas postes com lumin\u00e1rias na comunidade do C\u00f3rrego dos Braguinhas."}, {"id": "5929", "ano": "2020", "numero": "220", "tipo__sigla": "IND", "tipo__descricao": "Indica\u00e7\u00e3o", "autoria": "Edeir Pacheco", "texto_original": "http://sapl.uba.mg.leg.br/media/sapl/public/materialegislativa/2020/5929/indicacao_220.pdf", "ementa": "Constru\u00e7\u00e3o de dois redutores de velocidade na rua Affonso Ivo Defelippe, bairro Alto Santa Cruz."}, {"id": "5907", "ano": "2020", "numero": "221", "tipo__sigla": "IND", "tipo__descricao": "Indica\u00e7\u00e3o", "autoria": "Jos\u00e9 Roberto Reis Filgueiras", "texto_original": "http://sapl.uba.mg.leg.br/media/sapl/public/materialegislativa/2020/5907/indicaouo_221.pdf", "ementa": "Que a Prefeitura  notifique o propriet\u00e1rio de um lote localizado na rua Jos\u00e9 Doriguetto, bairro Schiavon, ao lado do n\u00ba 248, para que providencie a limpeza do im\u00f3vel de sua propriedade."}, {"id": "5908", "ano": "2020", "numero": "222", "tipo__sigla": "IND", "tipo__descricao": "Indica\u00e7\u00e3o", "autoria": "Jos\u00e9 Roberto Reis Filgueiras", "texto_original": "http://sapl.uba.mg.leg.br/media/sapl/public/materialegislativa/2020/5908/indicaouo_222.pdf", "ementa": "Substitui\u00e7\u00e3o de um poste danificado por um ve\u00edculo da Energisa na rua Arlindo da Silva Costa, bairro Schiavon."}, {"id": "5945", "ano": "2020", "numero": "223", "tipo__sigla": "IND", "tipo__descricao": "Indica\u00e7\u00e3o", "autoria": "Luis Carlos Teixeira Ribeiro", "texto_original": "http://sapl.uba.mg.leg.br/media/sapl/public/materialegislativa/2020/5945/indicacao_223.pdf", "ementa": "Constru\u00e7\u00e3o de dois redutores de velocidade na rua Vict\u00f3rio Migliorini, bairro Vale do Ip\u00ea."}, {"id": "5930", "ano": "2020", "numero": "224", "tipo__sigla": "IND", "tipo__descricao": "Indica\u00e7\u00e3o", "autoria": "Jos\u00e9 Roberto Reis Filgueiras", "texto_original": "http://sapl.uba.mg.leg.br/media/sapl/public/materialegislativa/2020/5930/indicacao_224.pdf", "ementa": "Instala\u00e7\u00e3o de um poste de ilumina\u00e7\u00e3o p\u00fablica pr\u00f3ximo ao n\u00ba 201 da rua Ion\u00e1 Floriano, bairro Encosta do Sol."}, {"id": "5931", "ano": "2020", "numero": "225", "tipo__sigla": "IND", "tipo__descricao": "Indica\u00e7\u00e3o", "autoria": "Luis Carlos Teixeira Ribeiro", "texto_original": "http://sapl.uba.mg.leg.br/media/sapl/public/materialegislativa/2020/5931/indicacao_225.pdf", "ementa": "Poda de uma moita de bambu na rua Luizinha Pacheco, bairro Louri\u00e7al."}, {"id": "5932", "ano": "2020", "numero": "226", "tipo__sigla": "IND", "tipo__descricao": "Indica\u00e7\u00e3o", "autoria": "Luis Carlos Teixeira Ribeiro", "texto_original": "http://sapl.uba.mg.leg.br/media/sapl/public/materialegislativa/2020/5932/indicacao_226.pdf", "ementa": "Capina da rua Vi\u00e7osa, bairro Rosa de Toledo."}, {"id": "5933", "ano": "2020", "numero": "227", "tipo__sigla": "IND", "tipo__descricao": "Indica\u00e7\u00e3o", "autoria": "Jos\u00e9 Roberto Reis Filgueiras", "texto_original": "http://sapl.uba.mg.leg.br/media/sapl/public/materialegislativa/2020/5933/indicacao_227.pdf", "ementa": "Cal\u00e7amento, instala\u00e7\u00e3o de postes de energia el\u00e9trica para ilumina\u00e7\u00e3o p\u00fablica, bem como a constru\u00e7\u00e3o de rede de capta\u00e7\u00e3o de esgoto e \u00e1guas pluviais para a rua Idalina Moreira dos Santos, ao lado do antigo Gazol\u00e3o, a pedido dos moradores. \r\n\r\nRequer ainda que, enquanto n\u00e3o for poss\u00edvel o in\u00edcio das obras solicitadas, seja providenciado urgentemente o cascalhamento do local."}, {"id": "5934", "ano": "2020", "numero": "228", "tipo__sigla": "IND", "tipo__descricao": "Indica\u00e7\u00e3o", "autoria": "Antero Gomes de Aguiar", "texto_original": "http://sapl.uba.mg.leg.br/media/sapl/public/materialegislativa/2020/5934/indicacao_228.pdf", "ementa": "Reforma da ponte localizada no final da rua Maur\u00edcio Ramos, na comunidade da Barrinha, que serve de acesso para diversos moradores."}, {"id": "5935", "ano": "2020", "numero": "229", "tipo__sigla": "IND", "tipo__descricao": "Indica\u00e7\u00e3o", "autoria": "Antero Gomes de Aguiar", "texto_original": "http://sapl.uba.mg.leg.br/media/sapl/public/materialegislativa/2020/5935/indicacao_229.pdf", "ementa": "Instala\u00e7\u00e3o de tr\u00eas postes de ilumina\u00e7\u00e3o p\u00fablica na rua Joaquim Teixeira da Rocha, bairro Agroceres."}, {"id": "5936", "ano": "2020", "numero": "230", "tipo__sigla": "IND", "tipo__descricao": "Indica\u00e7\u00e3o", "autoria": "Gilson Fazolla Filgueiras", "texto_original": "http://sapl.uba.mg.leg.br/media/sapl/public/materialegislativa/2020/5936/indicacao_230.pdf", "ementa": "Poda de uma \u00e1rvore localizada em um lote vazio de propriedade do Poder Executivo e outra localizada no p\u00e1tio da Escola Municipal Professor Ant\u00f4nio Ara\u00fajo de Andrade, ambas na rua Dr. Jos\u00e9 Cavalieri, bairro In\u00eas Groppo."}, {"id": "5937", "ano": "2020", "numero": "231", "tipo__sigla": "IND", "tipo__descricao": "Indica\u00e7\u00e3o", "autoria": "Edeir Pacheco", "texto_original": "http://sapl.uba.mg.leg.br/media/sapl/public/materialegislativa/2020/5937/indicacao_231.pdf", "ementa": "Constru\u00e7\u00e3o de um bueiro pr\u00f3ximo ao n\u00ba 351 da rua Vereador Sebasti\u00e3o Lisboa de Andrade, bairro Peluso."}, {"id": "5938", "ano": "2020", "numero": "232", "tipo__sigla": "IND", "tipo__descricao": "Indica\u00e7\u00e3o", "autoria": "Edeir Pacheco", "texto_original": "http://sapl.uba.mg.leg.br/media/sapl/public/materialegislativa/2020/5938/indicacao_232.pdf", "ementa": "Poda de uma \u00e1rvore na rua Raul Morais Pacheco, no Morro do Querosene, bairro Vila Casal."}, {"id": "5940", "ano": "2020", "numero": "233", "tipo__sigla": "IND", "tipo__descricao": "Indica\u00e7\u00e3o", "autoria": "Edeir Pacheco", "texto_original": "http://sapl.uba.mg.leg.br/media/sapl/public/materialegislativa/2020/5940/indicacao_233.pdf", "ementa": "opera\u00e7\u00e3o tapa-buracos em todas as ruas do bairro Cibraci."}, {"id": "5941", "ano": "2020", "numero": "234", "tipo__sigla": "IND", "tipo__descricao": "Indica\u00e7\u00e3o", "autoria": "Luis Carlos Teixeira Ribeiro", "texto_original": "http://sapl.uba.mg.leg.br/media/sapl/public/materialegislativa/2020/5941/indicacao_234.pdf", "ementa": "Encaminha Anteprojeto de Lei que \"Disp\u00f5e sobre a concess\u00e3o de aux\u00edlio financeiro com contrapartida aos artistas de Ub\u00e1, para que seja apreciado pela Administra\u00e7\u00e3o Municipal e reencaminhado a esta Casa, sob a forma de Projeto de Lei, para a devida tramita\u00e7\u00e3o.\""}, {"id": "5942", "ano": "2020", "numero": "235", "tipo__sigla": "IND", "tipo__descricao": "Indica\u00e7\u00e3o", "autoria": "Gilson Fazolla Filgueiras", "texto_original": "http://sapl.uba.mg.leg.br/media/sapl/public/materialegislativa/2020/5942/indicacao_235.pdf", "ementa": "Reparo da ponte na entrada do s\u00edtio da Cachoeirinha, na Barrinha."}, {"id": "5943", "ano": "2020", "numero": "236", "tipo__sigla": "IND", "tipo__descricao": "Indica\u00e7\u00e3o", "autoria": "Gilson Fazolla Filgueiras", "texto_original": "http://sapl.uba.mg.leg.br/media/sapl/public/materialegislativa/2020/5943/indicacao_236.pdf", "ementa": "Manuten\u00e7\u00e3o da estrada rural que vai para o S\u00edtio da Cachoeirinha, na Barrinha, com cascalhamento e fundo de pedreira."}, {"id": "5959", "ano": "2020", "numero": "237", "tipo__sigla": "IND", "tipo__descricao": "Indica\u00e7\u00e3o", "autoria": "Jos\u00e9 Roberto Reis Filgueiras", "texto_original": "http://sapl.uba.mg.leg.br/media/sapl/public/materialegislativa/2020/5959/indicacao_237.pdf", "ementa": "Notifica\u00e7\u00e3o do propriet\u00e1rio de um lote localizado em frente ao n\u00ba 149 da rua Santa Edwiges, bairro Schiavon, para que providencie a limpeza do im\u00f3vel de sua propriedade."}, {"id": "5944", "ano": "2020", "numero": "238", "tipo__sigla": "IND", "tipo__descricao": "Indica\u00e7\u00e3o", "autoria": "Jos\u00e9 Roberto Reis Filgueiras", "texto_original": "http://sapl.uba.mg.leg.br/media/sapl/public/materialegislativa/2020/5944/indicacao_238.pdf", "ementa": "Coloca\u00e7\u00e3o de uma placa de proibi\u00e7\u00e3o de circula\u00e7\u00e3o de ve\u00edculos pesados nas duas extremidades da Rua Marechal Floriano Peixoto (Beira Linha), bairro Vila Casal"}, {"id": "5960", "ano": "2020", "numero": "239", "tipo__sigla": "IND", "tipo__descricao": "Indica\u00e7\u00e3o", "autoria": "Edeir Pacheco, Gilson Fazolla Filgueiras", "texto_original": "http://sapl.uba.mg.leg.br/media/sapl/public/materialegislativa/2020/5960/indicacao_239.pdf", "ementa": "Recomposi\u00e7\u00e3o do cal\u00e7amento de pedra da rua Jofre Costa Marques, bairro Meu Sonho."}, {"id": "5961", "ano": "2020", "numero": "240", "tipo__sigla": "IND", "tipo__descricao": "Indica\u00e7\u00e3o", "autoria": "Luis Carlos Teixeira Ribeiro", "texto_original": "http://sapl.uba.mg.leg.br/media/sapl/public/materialegislativa/2020/5961/indicacao_240.pdf", "ementa": "Encaminhamento de c\u00f3pia de documento elaborado pelos representantes legais dos profissionais da \u00e1rea de atividade f\u00edsica do munic\u00edpio de Ub\u00e1 e solicitando que, ap\u00f3s an\u00e1lise do referido material, seja verificada a possibilidade de altera\u00e7\u00e3o na reda\u00e7\u00e3o do Decreto n\u00ba 6393, de 15 de maio de2020, de forma a permitir a reabertura dos centros de promo\u00e7\u00e3o de atividade f\u00edsica e sa\u00fade em nossa cidade."}, {"id": "5962", "ano": "2020", "numero": "241", "tipo__sigla": "IND", "tipo__descricao": "Indica\u00e7\u00e3o", "autoria": "Jos\u00e9 Roberto Reis Filgueiras", "texto_original": "http://sapl.uba.mg.leg.br/media/sapl/public/materialegislativa/2020/5962/indicacao_241.pdf", "ementa": "Encaminhamento de Anteprojeto de Lei que \"Disp\u00f5e sobre o servi\u00e7o de transporte individual privado de passageiros remunerado para a realiza\u00e7\u00e3o de viagens individualizadas ou compartilhadas, solicitadas, exclusivamente, por usu\u00e1rios previamente cadastrados em aplicativos ou outras plataformas de comunica\u00e7\u00e3o em rede, no munic\u00edpio de Ub\u00e1, e d\u00e1 outras provid\u00eancias\", para que seja apreciado pela Administra\u00e7\u00e3o Municipal e reencaminhado a esta Casa, sob a forma de Projeto de Lei, para a devida tramita\u00e7\u00e3o."}, {"id": "5963", "ano": "2020", "numero": "242", "tipo__sigla": "IND", "tipo__descricao": "Indica\u00e7\u00e3o", "autoria": "Jos\u00e9 Roberto Reis Filgueiras", "texto_original": "http://sapl.uba.mg.leg.br/media/sapl/public/materialegislativa/2020/5963/indicacao_242.pdf", "ementa": "Instala\u00e7\u00e3o de lumin\u00e1ria no poste localizado na esquina da rua Jayme Vieira com rua Domingos Peluso, virada para a dire\u00e7\u00e3o da primeira, no bairro Encosta do Sol."}, {"id": "5964", "ano": "2020", "numero": "243", "tipo__sigla": "IND", "tipo__descricao": "Indica\u00e7\u00e3o", "autoria": "Jos\u00e9 Roberto Reis Filgueiras", "texto_original": "http://sapl.uba.mg.leg.br/media/sapl/public/materialegislativa/2020/5964/indicacao_243.pdf", "ementa": "Poda de \u00e1rvores envolvendo postes de ilumina\u00e7\u00e3o p\u00fablica, em frente ao n\u00ba 18 da rua Joaquim Cond\u00e9 Duarte, bairro Encosta do Sol."}, {"id": "5965", "ano": "2020", "numero": "244", "tipo__sigla": "IND", "tipo__descricao": "Indica\u00e7\u00e3o", "autoria": "Antero Gomes de Aguiar", "texto_original": "http://sapl.uba.mg.leg.br/media/", "ementa": "Constru\u00e7\u00e3o de um recuo para estacionamento de \u00f4nibus no ponto localizado em frente \u00e0 Rodovi\u00e1ria, de forma a permitir a travessia segura dos pedestres, cuja vis\u00e3o \u00e9 impedida pelos coletivos."}, {"id": "5966", "ano": "2020", "numero": "245", "tipo__sigla": "IND", "tipo__descricao": "Indica\u00e7\u00e3o", "autoria": "Edeir Pacheco", "texto_original": "http://sapl.uba.mg.leg.br/media/sapl/public/materialegislativa/2020/5966/indicacao_245.pdf", "ementa": "Opera\u00e7\u00e3o tapa-buracos no bairro Santo Ant\u00f4nio."}, {"id": "5967", "ano": "2020", "numero": "246", "tipo__sigla": "IND", "tipo__descricao": "Indica\u00e7\u00e3o", "autoria": "Edeir Pacheco", "texto_original": "http://sapl.uba.mg.leg.br/media/sapl/public/materialegislativa/2020/5967/indicacao_246.pdf", "ementa": "Reforma da ponte de madeira da comunidade de Ub\u00e1 Pequeno, pr\u00f3xima \u00e0 propriedade do Sr. Ivo."}, {"id": "5968", "ano": "2020", "numero": "247", "tipo__sigla": "IND", "tipo__descricao": "Indica\u00e7\u00e3o", "autoria": "Edeir Pacheco", "texto_original": "http://sapl.uba.mg.leg.br/media/sapl/public/materialegislativa/2020/5968/indicacao_247.pdf", "ementa": "Reforma da ponte de madeira da Comunidade Floresta, no distrito de Ubari."}, {"id": "5969", "ano": "2020", "numero": "248", "tipo__sigla": "IND", "tipo__descricao": "Indica\u00e7\u00e3o", "autoria": "Darci Pires da Silva", "texto_original": "http://sapl.uba.mg.leg.br/media/sapl/public/materialegislativa/2020/5969/indicacao_248.pdf", "ementa": "Solicita altera\u00e7\u00e3o na reda\u00e7\u00e3o do Decreto n\u00ba 6393, de 15 de maio de2020, de forma a permitir a reabertura dos centros de forma\u00e7\u00e3o de condutores (autoescolas) de nossa cidade, adotando-se os devidos cuidados para evitar aglomera\u00e7\u00f5es e medidas protetivas para instrutores e alunos."}, {"id": "6002", "ano": "2020", "numero": "249", "tipo__sigla": "IND", "tipo__descricao": "Indica\u00e7\u00e3o", "autoria": "Gilson Fazolla Filgueiras", "texto_original": "http://sapl.uba.mg.leg.br/media/sapl/public/materialegislativa/2020/6002/indicacao_249.pdf", "ementa": "Poda das \u00e1rvores da pra\u00e7a da comunidade da Barrinha."}, {"id": "6003", "ano": "2020", "numero": "250", "tipo__sigla": "IND", "tipo__descricao": "Indica\u00e7\u00e3o", "autoria": "Gilson Fazolla Filgueiras", "texto_original": "http://sapl.uba.mg.leg.br/media/sapl/public/materialegislativa/2020/6003/indicacao_250.pdf", "ementa": "Limpeza de entulhos acumulados na pra\u00e7a da comunidade da Barrinha."}, {"id": "6004", "ano": "2020", "numero": "251", "tipo__sigla": "IND", "tipo__descricao": "Indica\u00e7\u00e3o", "autoria": "Gilson Fazolla Filgueiras, Jos\u00e9 Roberto Reis Filgueiras, Ros\u00e2ngela Maria Alfenas de Andrade", "texto_original": "http://sapl.uba.mg.leg.br/media/sapl/public/materialegislativa/2020/6004/indicacao_251.pdf", "ementa": "Poda de uma \u00e1rvore localizada na rua S\u00e3o Sebasti\u00e3o, bairro S\u00e3o Sebasti\u00e3o. Requerem o envio de c\u00f3pia ao n\u00ba 250 da referida rua."}, {"id": "6005", "ano": "2020", "numero": "252", "tipo__sigla": "IND", "tipo__descricao": "Indica\u00e7\u00e3o", "autoria": "Gilson Fazolla Filgueiras, Jos\u00e9 Roberto Reis Filgueiras, Ros\u00e2ngela Maria Alfenas de Andrade", "texto_original": "http://sapl.uba.mg.leg.br/media/sapl/public/materialegislativa/2020/6005/indicacao_252.pdf", "ementa": "Recomposi\u00e7\u00e3o do meio-fio da rua S\u00e3o Sebasti\u00e3o, bairro S\u00e3o Sebasti\u00e3o. Requerem o envio de c\u00f3pia ao n\u00ba 250 da referida rua."}, {"id": "6006", "ano": "2020", "numero": "253", "tipo__sigla": "IND", "tipo__descricao": "Indica\u00e7\u00e3o", "autoria": "Jos\u00e9 Roberto Reis Filgueiras", "texto_original": "http://sapl.uba.mg.leg.br/media/sapl/public/materialegislativa/2020/6006/indicacao_253.pdf", "ementa": "Constru\u00e7\u00e3o de meio-fio em frente ao n\u00ba 155 da rua Vereador Oswaldo de Moura Esteves, bairro Peluso."}, {"id": "6007", "ano": "2020", "numero": "254", "tipo__sigla": "IND", "tipo__descricao": "Indica\u00e7\u00e3o", "autoria": "Jos\u00e9 Roberto Reis Filgueiras", "texto_original": "http://sapl.uba.mg.leg.br/media/sapl/public/materialegislativa/2020/6007/indicacao_254.pdf", "ementa": "Remo\u00e7\u00e3o de galhos de \u00e1rvores acumulados em frente ao n\u00ba 74 da rua Roberto Fellippe, bairro Encosta do Sol."}, {"id": "6008", "ano": "2020", "numero": "255", "tipo__sigla": "IND", "tipo__descricao": "Indica\u00e7\u00e3o", "autoria": "Jos\u00e9 Roberto Reis Filgueiras", "texto_original": "http://sapl.uba.mg.leg.br/media/sapl/public/materialegislativa/2020/6008/indicacao_255.pdf", "ementa": "Constru\u00e7\u00e3o de um sistema de conten\u00e7\u00e3o da terra que est\u00e1 desmoronando em frente ao n\u00ba 74 da rua Roberto Fellippe, bairro Encosta do Sol."}, {"id": "6009", "ano": "2020", "numero": "256", "tipo__sigla": "IND", "tipo__descricao": "Indica\u00e7\u00e3o", "autoria": "Jos\u00e9 Roberto Reis Filgueiras", "texto_original": "http://sapl.uba.mg.leg.br/media/sapl/public/materialegislativa/2020/6009/indicacao_256.pdf", "ementa": "Cascalhamento da estrada que vai da Parada Moreira at\u00e9 Ubeba."}, {"id": "6010", "ano": "2020", "numero": "257", "tipo__sigla": "IND", "tipo__descricao": "Indica\u00e7\u00e3o", "autoria": "Jos\u00e9 Roberto Reis Filgueiras", "texto_original": "http://sapl.uba.mg.leg.br/media/sapl/public/materialegislativa/2020/6010/indicacao_257.pdf", "ementa": "Limpeza da rotat\u00f3ria no final da rua Luiz M\u00e9dice, bairro Peluso."}, {"id": "6011", "ano": "2020", "numero": "258", "tipo__sigla": "IND", "tipo__descricao": "Indica\u00e7\u00e3o", "autoria": "Jos\u00e9 Roberto Reis Filgueiras", "texto_original": "http://sapl.uba.mg.leg.br/media/sapl/public/materialegislativa/2020/6011/indicacao_258.pdf", "ementa": "Instala\u00e7\u00e3o de um poste de ilumina\u00e7\u00e3o p\u00fablica no final da rua Luiz M\u00e9dice, bairro Peluso."}, {"id": "6012", "ano": "2020", "numero": "259", "tipo__sigla": "IND", "tipo__descricao": "Indica\u00e7\u00e3o", "autoria": "Jos\u00e9 Roberto Reis Filgueiras", "texto_original": "http://sapl.uba.mg.leg.br/media/sapl/public/materialegislativa/2020/6012/indicacao_259.pdf", "ementa": "Instala\u00e7\u00e3o de guarda-corpo e corrim\u00e3o na escada de acesso localizada em frente ao n\u00ba 111 da rua Marechal Floriano Peixoto, bairro Vila Casal."}, {"id": "6013", "ano": "2020", "numero": "260", "tipo__sigla": "IND", "tipo__descricao": "Indica\u00e7\u00e3o", "autoria": "Antero Gomes de Aguiar", "texto_original": "http://sapl.uba.mg.leg.br/media/sapl/public/materialegislativa/2020/6013/indicacao_260.pdf", "ementa": "Passagem do carro pulverizador de inseticida (\"carro fumac\u00ea\") no bairro Fazendinha."}, {"id": "6014", "ano": "2020", "numero": "261", "tipo__sigla": "IND", "tipo__descricao": "Indica\u00e7\u00e3o", "autoria": "Antero Gomes de Aguiar", "texto_original": "http://sapl.uba.mg.leg.br/media/sapl/public/materialegislativa/2020/6014/indicacao_261.pdf", "ementa": "Cal\u00e7amento da rua Projetada, bairro Altair Rocha."}, {"id": "6015", "ano": "2020", "numero": "262", "tipo__sigla": "IND", "tipo__descricao": "Indica\u00e7\u00e3o", "autoria": "Antero Gomes de Aguiar", "texto_original": "http://sapl.uba.mg.leg.br/media/sapl/public/materialegislativa/2020/6015/indicacao_262.pdf", "ementa": "Constru\u00e7\u00e3o de 04 bueiros na Vila Couto, situada na entrada da comunidade de Ub\u00e1 Pequeno, a pedido dos moradores."}, {"id": "6016", "ano": "2020", "numero": "263", "tipo__sigla": "IND", "tipo__descricao": "Indica\u00e7\u00e3o", "autoria": "Antero Gomes de Aguiar", "texto_original": "http://sapl.uba.mg.leg.br/media/sapl/public/materialegislativa/2020/6016/indicacao_263.pdf", "ementa": "Demoli\u00e7\u00e3o da ponte localizada no C\u00f3rrego do Teixeiras, na comunidade de Ub\u00e1 Pequeno, e aterramento do local, pois ela est\u00e1 caindo e amea\u00e7ando a seguran\u00e7a dos transeuntes e ve\u00edculos."}, {"id": "6017", "ano": "2020", "numero": "264", "tipo__sigla": "IND", "tipo__descricao": "Indica\u00e7\u00e3o", "autoria": "Edeir Pacheco", "texto_original": "http://sapl.uba.mg.leg.br/media/sapl/public/materialegislativa/2020/6017/indicacao_264.pdf", "ementa": "Limpeza e lavagem da pavimenta\u00e7\u00e3o e postes, seguida da repintura dos postes, do Cal\u00e7ad\u00e3o Deputado Ibrahim Jacob."}, {"id": "6018", "ano": "2020", "numero": "265", "tipo__sigla": "IND", "tipo__descricao": "Indica\u00e7\u00e3o", "autoria": "Edeir Pacheco", "texto_original": "http://sapl.uba.mg.leg.br/media/sapl/public/materialegislativa/2020/6018/indicacao_265.pdf", "ementa": "Remo\u00e7\u00e3o de entulhos acumulados na rua Jefferson Ladislau Tavares, bairro Altair Rocha."}, {"id": "6139", "ano": "2020", "numero": "266", "tipo__sigla": "IND", "tipo__descricao": "Indica\u00e7\u00e3o", "autoria": "Luis Carlos Teixeira Ribeiro", "texto_original": "http://sapl.uba.mg.leg.br/media/sapl/public/materialegislativa/2020/6139/indicacao_266.pdf", "ementa": "Limpeza de um bueiro entupido na rua Luciano Groppo, bairro In\u00eas Groppo."}, {"id": "6140", "ano": "2020", "numero": "267", "tipo__sigla": "IND", "tipo__descricao": "Indica\u00e7\u00e3o", "autoria": "Antero Gomes de Aguiar", "texto_original": "http://sapl.uba.mg.leg.br/media/sapl/public/materialegislativa/2020/6140/indicacao_267.pdf", "ementa": "Extens\u00e3o da rede de \u00e1guas pluviais com oito manilhas na entrada da Barrinha, ao lado da casa do Sr. Pestana."}, {"id": "6183", "ano": "2020", "numero": "268", "tipo__sigla": "IND", "tipo__descricao": "Indica\u00e7\u00e3o", "autoria": "Jane Cristina Lacerda Pinto", "texto_original": "http://sapl.uba.mg.leg.br/media/sapl/public/materialegislativa/2020/6183/indicaouo_268.pdf", "ementa": "Estudos t\u00e9cnicos que viabilizem a amplia\u00e7\u00e3o do cemit\u00e9rio do distrito de Miragaia, que se encontra com ocupa\u00e7\u00e3o m\u00e1xima, sem espa\u00e7o para a abertura de novos t\u00famulos caso sejam necess\u00e1rios."}, {"id": "6141", "ano": "2020", "numero": "269", "tipo__sigla": "IND", "tipo__descricao": "Indica\u00e7\u00e3o", "autoria": "Antero Gomes de Aguiar", "texto_original": "http://sapl.uba.mg.leg.br/media/sapl/public/materialegislativa/2020/6141/indicacao_269.pdf", "ementa": "Tapamento de buracos localizados pr\u00f3ximos \u00e0s ind\u00fastrias no bairro Aeroporto, completando o trabalho feito no bairro."}, {"id": "6142", "ano": "2020", "numero": "270", "tipo__sigla": "IND", "tipo__descricao": "Indica\u00e7\u00e3o", "autoria": "Luis Carlos Teixeira Ribeiro", "texto_original": "http://sapl.uba.mg.leg.br/media/sapl/public/materialegislativa/2020/6142/indicacao_270.pdf", "ementa": "Retirada de terra e limpeza da rua Miris Sim\u00f5es, no bairro Antonina Coelho (Cohab)."}, {"id": "6143", "ano": "2020", "numero": "271", "tipo__sigla": "IND", "tipo__descricao": "Indica\u00e7\u00e3o", "autoria": "Jos\u00e9 Roberto Reis Filgueiras", "texto_original": "http://sapl.uba.mg.leg.br/media/sapl/public/materialegislativa/2020/6143/indicacao_271.pdf", "ementa": "Solicita ao Prefeito que realize, em conjunto com a Casa do Empreendedor, ACIU e ADUBAR, no que couber, o estudo de viabilidade e aplica\u00e7\u00e3o de diversas sugest\u00f5es especificadas,  para melhoria da efetividade do combate ao COVID-19 em nosso munic\u00edpio."}, {"id": "6144", "ano": "2020", "numero": "272", "tipo__sigla": "IND", "tipo__descricao": "Indica\u00e7\u00e3o", "autoria": "Darci Pires da Silva", "texto_original": "http://sapl.uba.mg.leg.br/media/sapl/public/materialegislativa/2020/6144/indicacao_272.pdf", "ementa": "Urg\u00eancia na constru\u00e7\u00e3o do muro de conten\u00e7\u00e3o no bairro In\u00eas Groppo, a fim de desafogar o tr\u00e2nsito proveniente de Rodeiro, Guidoval e outras cidades, sendo o local mais perigoso a sa\u00edda para a rua Letinho Groppo."}, {"id": "6145", "ano": "2020", "numero": "273", "tipo__sigla": "IND", "tipo__descricao": "Indica\u00e7\u00e3o", "autoria": "Antero Gomes de Aguiar", "texto_original": "http://sapl.uba.mg.leg.br/media/sapl/public/materialegislativa/2020/6145/indicacao_273.pdf", "ementa": "Troca das l\u00e2mpadas por outras de LED nos postes de ilumina\u00e7\u00e3o da rua Jesus Monteiro de Barros, no bairro Boa Vista."}, {"id": "6146", "ano": "2020", "numero": "274", "tipo__sigla": "IND", "tipo__descricao": "Indica\u00e7\u00e3o", "autoria": "Darci Pires da Silva", "texto_original": "http://sapl.uba.mg.leg.br/media/sapl/public/materialegislativa/2020/6146/indicacao_274.pdf", "ementa": "Estudo para regularizar o tr\u00e2nsito da avenida Oleg\u00e1rio Maciel, em m\u00e3o dupla desde mar\u00e7o e ainda sem sinaliza\u00e7\u00e3o adequada, o que j\u00e1 acarretou dois acidentes graves com v\u00edtimas."}, {"id": "6147", "ano": "2020", "numero": "275", "tipo__sigla": "IND", "tipo__descricao": "Indica\u00e7\u00e3o", "autoria": "Gilson Fazolla Filgueiras", "texto_original": "http://sapl.uba.mg.leg.br/media/sapl/public/materialegislativa/2020/6147/indicacao_275.pdf", "ementa": "Corte de uma moita de bambu que est\u00e1 entrela\u00e7ada \u00e0 rede el\u00e9trica pr\u00f3ximo ao n\u00ba143, casa 1, da rua Vila Nova, bairro Vila Casal."}, {"id": "6184", "ano": "2020", "numero": "276", "tipo__sigla": "IND", "tipo__descricao": "Indica\u00e7\u00e3o", "autoria": "Luis Carlos Teixeira Ribeiro", "texto_original": "http://sapl.uba.mg.leg.br/media/sapl/public/materialegislativa/2020/6184/indicaouo_276.pdf", "ementa": "Encaminha  anteprojeto de Lei que \u201cInstitui metas no munic\u00edpio de Ub\u00e1 para implementa\u00e7\u00e3o do \u201cPrograma Municipal Vis\u00e3o Solid\u00e1ria: Optometria contra a cegueira evit\u00e1vel\u201d, para que seja apreciado pela Administra\u00e7\u00e3o Municipal e reencaminhado a esta Casa, sob a forma de Projeto de Lei, para a devida tramita\u00e7\u00e3o."}, {"id": "6148", "ano": "2020", "numero": "277", "tipo__sigla": "IND", "tipo__descricao": "Indica\u00e7\u00e3o", "autoria": "Gilson Fazolla Filgueiras", "texto_original": "http://sapl.uba.mg.leg.br/media/sapl/public/materialegislativa/2020/6148/indicacao_277.pdf", "ementa": "Capina e limpeza geral da pra\u00e7a Get\u00falio Vargas, no Centro da cidade."}, {"id": "6149", "ano": "2020", "numero": "278", "tipo__sigla": "IND", "tipo__descricao": "Indica\u00e7\u00e3o", "autoria": "Edeir Pacheco", "texto_original": "http://sapl.uba.mg.leg.br/media/sapl/public/materialegislativa/2020/6149/indicacao_278.pdf", "ementa": "Asfaltamento da rua Osvaldo dos Santos, bairro Sobradinho."}, {"id": "6150", "ano": "2020", "numero": "279", "tipo__sigla": "IND", "tipo__descricao": "Indica\u00e7\u00e3o", "autoria": "Edeir Pacheco", "texto_original": "http://sapl.uba.mg.leg.br/media/sapl/public/materialegislativa/2020/6150/indicacao_279.pdf", "ementa": "Recomposi\u00e7\u00e3o asf\u00e1ltica da rua Fioravante Druda, bairro Noeme Batalha."}, {"id": "6151", "ano": "2020", "numero": "280", "tipo__sigla": "IND", "tipo__descricao": "Indica\u00e7\u00e3o", "autoria": "Edeir Pacheco", "texto_original": "http://sapl.uba.mg.leg.br/media/sapl/public/materialegislativa/2020/6151/indicacao_280.pdf", "ementa": "Instala\u00e7\u00e3o de uma lumin\u00e1ria no poste localizado na esquina entre as ruas Costa e Silva e Jos\u00e9 Marcelo da Rocha, bairro Palmeiras."}, {"id": "6152", "ano": "2020", "numero": "281", "tipo__sigla": "IND", "tipo__descricao": "Indica\u00e7\u00e3o", "autoria": "Edeir Pacheco", "texto_original": "http://sapl.uba.mg.leg.br/media/sapl/public/materialegislativa/2020/6152/indicacao_281.pdf", "ementa": "Opera\u00e7\u00e3o tapa-buracos nas ruas Cec\u00edlia Braga e J\u00falia Trevizano, bairro Santo Ant\u00f4nio."}, {"id": "6153", "ano": "2020", "numero": "282", "tipo__sigla": "IND", "tipo__descricao": "Indica\u00e7\u00e3o", "autoria": "Luis Carlos Teixeira Ribeiro", "texto_original": "http://sapl.uba.mg.leg.br/media/sapl/public/materialegislativa/2020/6153/indicacao_282.pdf", "ementa": "Extens\u00e3o de rede el\u00e9trica, com instala\u00e7\u00e3o de dois postes de ilumina\u00e7\u00e3o p\u00fablica, na comunidade do Margoso, com custos estimados em R$ 5.000,00 (cinco mil reais) com recurso proveniente da Emenda Parlamentar n\u00ba 009, de mesma autoria."}, {"id": "6154", "ano": "2020", "numero": "283", "tipo__sigla": "IND", "tipo__descricao": "Indica\u00e7\u00e3o", "autoria": "Luis Carlos Teixeira Ribeiro", "texto_original": "http://sapl.uba.mg.leg.br/media/sapl/public/materialegislativa/2020/6154/indicacao_283.pdf", "ementa": "Sinaliza\u00e7\u00e3o, com instala\u00e7\u00e3o de placas e pintura de faixas, em toda a extens\u00e3o do Residencial Solar I, de forma a garantir a seguran\u00e7a dos pedestres que nele circulam, especialmente das crian\u00e7as."}, {"id": "6176", "ano": "2020", "numero": "284", "tipo__sigla": "IND", "tipo__descricao": "Indica\u00e7\u00e3o", "autoria": "Gilson Fazolla Filgueiras", "texto_original": "http://sapl.uba.mg.leg.br/media/sapl/public/materialegislativa/2020/6176/indicaouo_284.pdf", "ementa": "Remo\u00e7\u00e3o de entulho acumulado pr\u00f3ximo \u00e0 escola da comunidade do Emboque."}, {"id": "6177", "ano": "2020", "numero": "285", "tipo__sigla": "IND", "tipo__descricao": "Indica\u00e7\u00e3o", "autoria": "Antero Gomes de Aguiar", "texto_original": "http://sapl.uba.mg.leg.br/media/sapl/public/materialegislativa/2020/6177/indicaouo_285.pdf", "ementa": "Pintura de uma faixa de pedestres em frente ao n\u00ba 411 da avenida Vereador Jo\u00e3o Gomes Pereira, bairro Pires da Luz."}, {"id": "6178", "ano": "2020", "numero": "286", "tipo__sigla": "IND", "tipo__descricao": "Indica\u00e7\u00e3o", "autoria": "Antero Gomes de Aguiar", "texto_original": "http://sapl.uba.mg.leg.br/media/sapl/public/materialegislativa/2020/6178/indicaouo_286.pdf", "ementa": "Reparo em um bueiro situado nas proximidades do n\u00ba 78 da rua Vereador Oswaldo Salgado Guimar\u00e3es, bairro Pires da Luz."}, {"id": "6179", "ano": "2020", "numero": "287", "tipo__sigla": "IND", "tipo__descricao": "Indica\u00e7\u00e3o", "autoria": "Antero Gomes de Aguiar", "texto_original": "http://sapl.uba.mg.leg.br/media/", "ementa": "Extens\u00e3o da rede de abastecimento de \u00e1gua da rua D\u00e9lio Couto Malta, bairro Primavera."}, {"id": "6180", "ano": "2020", "numero": "288", "tipo__sigla": "IND", "tipo__descricao": "Indica\u00e7\u00e3o", "autoria": "Gilson Fazolla Filgueiras", "texto_original": "http://sapl.uba.mg.leg.br/media/sapl/public/materialegislativa/2020/6180/indicaouo_288.pdf", "ementa": "Poda das \u00e1rvores da rua Presidente M\u00e9dice, bairro Palmeiras."}, {"id": "6181", "ano": "2020", "numero": "289", "tipo__sigla": "IND", "tipo__descricao": "Indica\u00e7\u00e3o", "autoria": "Gilson Fazolla Filgueiras", "texto_original": "http://sapl.uba.mg.leg.br/media/sapl/public/materialegislativa/2020/6181/indicaouo_289.pdf", "ementa": "Poda das \u00e1rvores da rua Pedro Candian, bairro Industrial."}, {"id": "6182", "ano": "2020", "numero": "290", "tipo__sigla": "IND", "tipo__descricao": "Indica\u00e7\u00e3o", "autoria": "Edeir Pacheco", "texto_original": "http://sapl.uba.mg.leg.br/media/sapl/public/materialegislativa/2020/6182/indicaouo_290.pdf", "ementa": "Patrolamento e cascalhamento da estrada que liga a comunidade de Ubeba ao distrito de Diamante."}, {"id": "6196", "ano": "2020", "numero": "291", "tipo__sigla": "IND", "tipo__descricao": "Indica\u00e7\u00e3o", "autoria": "Luis Carlos Teixeira Ribeiro", "texto_original": "http://sapl.uba.mg.leg.br/media/sapl/public/materialegislativa/2020/6196/indicaouo_291.pdf", "ementa": "Constru\u00e7\u00e3o de um quebra-molas pr\u00f3ximo ao n\u00ba 55 da rua Vereador Oswaldo Salgado Guimar\u00e3es, bairro Pires da Luz."}, {"id": "6197", "ano": "2020", "numero": "292", "tipo__sigla": "IND", "tipo__descricao": "Indica\u00e7\u00e3o", "autoria": "Antero Gomes de Aguiar", "texto_original": "http://sapl.uba.mg.leg.br/media/sapl/public/materialegislativa/2020/6197/indicaouo_292.pdf", "ementa": "Nivelamento do bueiro localizado em frente ao n\u00ba 831 da rua Gorazil de Castro Brand\u00e3o, bairro Ant\u00f4nio Maranh\u00e3o (Cibraci)."}, {"id": "6198", "ano": "2020", "numero": "293", "tipo__sigla": "IND", "tipo__descricao": "Indica\u00e7\u00e3o", "autoria": "Antero Gomes de Aguiar", "texto_original": "http://sapl.uba.mg.leg.br/media/sapl/public/materialegislativa/2020/6198/indicaouo_293.pdf", "ementa": "Cal\u00e7amento de um trecho de aproximadamente 60 m. da rua Proj. que liga a rua Rom\u00eania, bairro Fazendinha I, \u00e0 rua Maria do Carmo Biquita, bairro Fazendinha III."}, {"id": "6199", "ano": "2020", "numero": "294", "tipo__sigla": "IND", "tipo__descricao": "Indica\u00e7\u00e3o", "autoria": "Antero Gomes de Aguiar", "texto_original": "http://sapl.uba.mg.leg.br/media/sapl/public/materialegislativa/2020/6199/indicaouo_294.pdf", "ementa": "Desentupimento de todos os bueiros da rua Jos\u00e9 Rinaldi, bairro Ant\u00f4nio Maranh\u00e3o (Cibraci)."}, {"id": "6200", "ano": "2020", "numero": "295", "tipo__sigla": "IND", "tipo__descricao": "Indica\u00e7\u00e3o", "autoria": "Antero Gomes de Aguiar", "texto_original": "http://sapl.uba.mg.leg.br/media/sapl/public/materialegislativa/2020/6200/indicaouo_295.pdf", "ementa": "Instala\u00e7\u00e3o de lumin\u00e1ria no poste localizado pr\u00f3ximo \u00e0 resid\u00eancia do Sr. Padovani, na estrada entre o C\u00f3rrego Fundo e a comunidade 13 de Maio."}, {"id": "6201", "ano": "2020", "numero": "296", "tipo__sigla": "IND", "tipo__descricao": "Indica\u00e7\u00e3o", "autoria": "Jos\u00e9 Roberto Reis Filgueiras", "texto_original": "http://sapl.uba.mg.leg.br/media/sapl/public/materialegislativa/2020/6201/indicaouo_296.pdf", "ementa": "Asfaltamento da rua B\u00e1rbara da Silva Matos, Santa Alice."}, {"id": "6202", "ano": "2020", "numero": "297", "tipo__sigla": "IND", "tipo__descricao": "Indica\u00e7\u00e3o", "autoria": "Gilson Fazolla Filgueiras, Jos\u00e9 Roberto Reis Filgueiras", "texto_original": "http://sapl.uba.mg.leg.br/media/sapl/public/materialegislativa/2020/6202/indicaouo_297.pdf", "ementa": "Substitui\u00e7\u00e3o de poste danificado na rua Donato Quaglieta, bairro Boa Vista."}, {"id": "6203", "ano": "2020", "numero": "298", "tipo__sigla": "IND", "tipo__descricao": "Indica\u00e7\u00e3o", "autoria": "Edeir Pacheco", "texto_original": "http://sapl.uba.mg.leg.br/media/sapl/public/materialegislativa/2020/6203/indicaouo_298.pdf", "ementa": "Recapeamento asf\u00e1ltico das ruas do bairro Louri\u00e7al."}, {"id": "6204", "ano": "2020", "numero": "299", "tipo__sigla": "IND", "tipo__descricao": "Indica\u00e7\u00e3o", "autoria": "Edeir Pacheco", "texto_original": "http://sapl.uba.mg.leg.br/media/sapl/public/materialegislativa/2020/6204/indicaouo_299.pdf", "ementa": "Constru\u00e7\u00e3o de um quebra-molas na avenida Juscelino Kubitscheck, no trecho pr\u00f3ximo \u00e0 entrada do bairro Citt\u00e1 de Lucca."}, {"id": "6205", "ano": "2020", "numero": "300", "tipo__sigla": "IND", "tipo__descricao": "Indica\u00e7\u00e3o", "autoria": "Edeir Pacheco", "texto_original": "http://sapl.uba.mg.leg.br/media/sapl/public/materialegislativa/2020/6205/indicaouo_300.pdf", "ementa": "Reforma de um bueiro localizado pr\u00f3ximo ao Posto Zema, na avenida Oleg\u00e1rio Maciel, bairro Ponte Preta."}, {"id": "6259", "ano": "2020", "numero": "301", "tipo__sigla": "IND", "tipo__descricao": "Indica\u00e7\u00e3o", "autoria": "Jane Cristina Lacerda Pinto", "texto_original": "http://sapl.uba.mg.leg.br/media/sapl/public/materialegislativa/2020/6259/indicacao_301.pdf", "ementa": "Reforma da ponte pr\u00f3xima \u00e0 propriedade do Sr. Leopoldo Farinheiro, no bairro Aeroporto"}, {"id": "6260", "ano": "2020", "numero": "302", "tipo__sigla": "IND", "tipo__descricao": "Indica\u00e7\u00e3o", "autoria": "Antero Gomes de Aguiar", "texto_original": "http://sapl.uba.mg.leg.br/media/sapl/public/materialegislativa/2020/6260/indicacao_302.pdf", "ementa": "Atendimento dos moradores do bairro Santa Edwiges II pelo posto de sa\u00fade do bairro Santa Edwiges I, a pedido dos moradores."}, {"id": "6261", "ano": "2020", "numero": "303", "tipo__sigla": "IND", "tipo__descricao": "Indica\u00e7\u00e3o", "autoria": "Antero Gomes de Aguiar", "texto_original": "http://sapl.uba.mg.leg.br/media/sapl/public/materialegislativa/2020/6261/indicacao_303.pdf", "ementa": "Tapamento de buracos em frente aos n\u00fameros 183, 195 e 205 da rua Goi\u00e1s, bairro Chiquito Gazolla."}, {"id": "6262", "ano": "2020", "numero": "304", "tipo__sigla": "IND", "tipo__descricao": "Indica\u00e7\u00e3o", "autoria": "Antero Gomes de Aguiar", "texto_original": "http://sapl.uba.mg.leg.br/media/sapl/public/materialegislativa/2020/6262/indicacao_304.pdf", "ementa": "Nivelamento do cal\u00e7amento do bairro Jardim Esperan\u00e7a (Tanquinho)."}, {"id": "6263", "ano": "2020", "numero": "305", "tipo__sigla": "IND", "tipo__descricao": "Indica\u00e7\u00e3o", "autoria": "Antero Gomes de Aguiar", "texto_original": "http://sapl.uba.mg.leg.br/media/sapl/public/materialegislativa/2020/6263/indicacao_305.pdf", "ementa": "Constru\u00e7\u00e3o de meio-fio no final da rua Ol\u00edmpio Ribeiro, bairro Primavera."}, {"id": "6264", "ano": "2020", "numero": "306", "tipo__sigla": "IND", "tipo__descricao": "Indica\u00e7\u00e3o", "autoria": "", "texto_original": "http://sapl.uba.mg.leg.br/media/sapl/public/materialegislativa/2020/6264/indicacao_306.pdf", "ementa": "Nivelamento da tampa de um bueiro localizado em frente ao n\u00ba 38 da rua \u00c1lvaro Bigonha, bairro Antonina Coelho (Cohab)."}, {"id": "6265", "ano": "2020", "numero": "307", "tipo__sigla": "IND", "tipo__descricao": "Indica\u00e7\u00e3o", "autoria": "Gilson Fazolla Filgueiras", "texto_original": "http://sapl.uba.mg.leg.br/media/sapl/public/materialegislativa/2020/6265/indicacao_307.pdf", "ementa": "Repintura de todos os quebra-molas, faixas de pedestres e demais sinaliza\u00e7\u00f5es dos bairros Palmeiras, Altair Rocha e S\u00e3o Judas Tadeu."}, {"id": "6266", "ano": "2020", "numero": "308", "tipo__sigla": "IND", "tipo__descricao": "Indica\u00e7\u00e3o", "autoria": "Gilson Fazolla Filgueiras", "texto_original": "http://sapl.uba.mg.leg.br/media/sapl/public/materialegislativa/2020/6266/indicacao_308.pdf", "ementa": "Capina e remo\u00e7\u00e3o de terra acumulada em virtude de desabamento causado pelas chuvas do in\u00edcio do ano na rua Marieta Campos, bairro Santa Bernadete."}, {"id": "6267", "ano": "2020", "numero": "309", "tipo__sigla": "IND", "tipo__descricao": "Indica\u00e7\u00e3o", "autoria": "Gilson Fazolla Filgueiras", "texto_original": "http://sapl.uba.mg.leg.br/media/sapl/public/materialegislativa/2020/6267/indicacao_309.pdf", "ementa": "Nivelamento da rua \u00c2ngelo Barleta, Centro, no trecho pr\u00f3ximo ao n\u00ba 60, onde existe um buraco e est\u00e1 ocorrendo empo\u00e7amento de \u00e1gua."}, {"id": "6268", "ano": "2020", "numero": "310", "tipo__sigla": "IND", "tipo__descricao": "Indica\u00e7\u00e3o", "autoria": "Gilson Fazolla Filgueiras", "texto_original": "http://sapl.uba.mg.leg.br/media/sapl/public/materialegislativa/2020/6268/indicacao_310.pdf", "ementa": "Limpeza de entulhos acumulados embaixo da ponte da rua Augusto Luiz Barbosa, bairro Industrial."}, {"id": "6269", "ano": "2020", "numero": "311", "tipo__sigla": "IND", "tipo__descricao": "Indica\u00e7\u00e3o", "autoria": "Gilson Fazolla Filgueiras", "texto_original": "http://sapl.uba.mg.leg.br/media/sapl/public/materialegislativa/2020/6269/indicacao_311.pdf", "ementa": "Constru\u00e7\u00e3o de um muro de gabi\u00e3o na rua Capit\u00e3o Teixeira Pinto, bairro Industrial, de forma a evitar os frequentes desmoronamentos que ocorrem no local."}, {"id": "6270", "ano": "2020", "numero": "312", "tipo__sigla": "IND", "tipo__descricao": "Indica\u00e7\u00e3o", "autoria": "Gilson Fazolla Filgueiras", "texto_original": "http://sapl.uba.mg.leg.br/media/sapl/public/materialegislativa/2020/6270/indicacao_312.pdf", "ementa": "Solicita estudos t\u00e9cnicos para implanta\u00e7\u00e3o de melhorias na sinaliza\u00e7\u00e3o de tr\u00e2nsito do bairro Industrial"}, {"id": "6271", "ano": "2020", "numero": "313", "tipo__sigla": "IND", "tipo__descricao": "Indica\u00e7\u00e3o", "autoria": "Gilson Fazolla Filgueiras", "texto_original": "http://sapl.uba.mg.leg.br/media/sapl/public/materialegislativa/2020/6271/indicacao_313.pdf", "ementa": "Limpeza e reparo dos bueiros da rua Jos\u00e9 Gualberto de Melo, bairro Industrial."}, {"id": "6272", "ano": "2020", "numero": "314", "tipo__sigla": "IND", "tipo__descricao": "Indica\u00e7\u00e3o", "autoria": "Gilson Fazolla Filgueiras", "texto_original": "http://sapl.uba.mg.leg.br/media/sapl/public/materialegislativa/2020/6272/indicacao_314.pdf", "ementa": "Solicita maior agilidade na entrega dos carn\u00eas de IPTU para a popula\u00e7\u00e3o, uma vez que a primeira parcela e/ou cota \u00fanica com desconto vencem no pr\u00f3ximo dia 16 de setembro e muitas pessoas est\u00e3o reclamando que ainda n\u00e3o receberam."}, {"id": "6273", "ano": "2020", "numero": "315", "tipo__sigla": "IND", "tipo__descricao": "Indica\u00e7\u00e3o", "autoria": "Edeir Pacheco", "texto_original": "http://sapl.uba.mg.leg.br/media/sapl/public/materialegislativa/2020/6273/indicacao_315.pdf", "ementa": "Cascalhamento da estrada da comunidade de Ubazinho."}, {"id": "6274", "ano": "2020", "numero": "316", "tipo__sigla": "IND", "tipo__descricao": "Indica\u00e7\u00e3o", "autoria": "Edeir Pacheco", "texto_original": "http://sapl.uba.mg.leg.br/media/sapl/public/materialegislativa/2020/6274/indicacao_316.pdf", "ementa": "Cascalhamento da estrada que liga o C\u00f3rrego dos Braguinha \u00e0 estrada de acesso \u00e0 Parada Moreira."}, {"id": "6275", "ano": "2020", "numero": "317", "tipo__sigla": "IND", "tipo__descricao": "Indica\u00e7\u00e3o", "autoria": "Edeir Pacheco", "texto_original": "http://sapl.uba.mg.leg.br/media/sapl/public/materialegislativa/2020/6275/indicacao_317.pdf", "ementa": "Instala\u00e7\u00e3o de 04 postes de ilumina\u00e7\u00e3o p\u00fablica na comunidade de Ub\u00e1 Pequeno."}, {"id": "6287", "ano": "2020", "numero": "318", "tipo__sigla": "IND", "tipo__descricao": "Indica\u00e7\u00e3o", "autoria": "Antero Gomes de Aguiar", "texto_original": "http://sapl.uba.mg.leg.br/media/sapl/public/materialegislativa/2020/6287/indicacao_318.pdf", "ementa": "Extens\u00e3o da escada situada entre as ruas Lilina Rinaldi e D\u00e9lio Couto Malta, bairro Primavera."}, {"id": "6288", "ano": "2020", "numero": "319", "tipo__sigla": "IND", "tipo__descricao": "Indica\u00e7\u00e3o", "autoria": "Antero Gomes de Aguiar", "texto_original": "http://sapl.uba.mg.leg.br/media/sapl/public/materialegislativa/2020/6288/indicacao_319.pdf", "ementa": "Abertura de uma rua entre as ruas Altivo Romanhol e Coronel Jo\u00e3o Ferreira de Andrade, no distrito de Miragaia."}, {"id": "6289", "ano": "2020", "numero": "320", "tipo__sigla": "IND", "tipo__descricao": "Indica\u00e7\u00e3o", "autoria": "Antero Gomes de Aguiar", "texto_original": "http://sapl.uba.mg.leg.br/media/sapl/public/materialegislativa/2020/6289/indicacao_320.pdf", "ementa": "Repintura das placas de denomina\u00e7\u00e3o de ruas do distrito de Miragaia."}, {"id": "6290", "ano": "2020", "numero": "321", "tipo__sigla": "IND", "tipo__descricao": "Indica\u00e7\u00e3o", "autoria": "Antero Gomes de Aguiar", "texto_original": "http://sapl.uba.mg.leg.br/media/sapl/public/materialegislativa/2020/6290/indicacao_321.pdf", "ementa": "Poda de todas as \u00e1rvores da Vila Gon\u00e7alves."}, {"id": "6295", "ano": "2020", "numero": "322", "tipo__sigla": "IND", "tipo__descricao": "Indica\u00e7\u00e3o", "autoria": "Antero Gomes de Aguiar", "texto_original": "http://sapl.uba.mg.leg.br/media/sapl/public/materialegislativa/2020/6295/indicacao_322.pdf", "ementa": "Nnivelamento de todas as ruas do bairro Santa Edwiges II."}, {"id": "6296", "ano": "2020", "numero": "323", "tipo__sigla": "IND", "tipo__descricao": "Indica\u00e7\u00e3o", "autoria": "Antero Gomes de Aguiar", "texto_original": "http://sapl.uba.mg.leg.br/media/sapl/public/materialegislativa/2020/6296/indicacao_323.pdf", "ementa": "Constru\u00e7\u00e3o de barragens secas entre o distrito de Miragaia e o bairro Santa Rosa, entre os bairros Santa Edwiges I e Santa Edwiges II, e na \u00e1rea verde da Vila Gon\u00e7alves."}, {"id": "6297", "ano": "2020", "numero": "324", "tipo__sigla": "IND", "tipo__descricao": "Indica\u00e7\u00e3o", "autoria": "Luis Carlos Teixeira Ribeiro", "texto_original": "http://sapl.uba.mg.leg.br/media/sapl/public/materialegislativa/2020/6297/indicacao_324.pdf", "ementa": "Limpeza de um bueiro localizado pr\u00f3ximo ao n\u00ba 60, da rua Farmac\u00eautico Mario Azevedo, bairro Jardim Gl\u00f3ria."}, {"id": "6307", "ano": "2020", "numero": "325", "tipo__sigla": "IND", "tipo__descricao": "Indica\u00e7\u00e3o", "autoria": "Luis Carlos Teixeira Ribeiro", "texto_original": "http://sapl.uba.mg.leg.br/media/sapl/public/materialegislativa/2020/6307/indicaouo_325.pdf", "ementa": "Constru\u00e7\u00e3o de 03 quebra-molas pr\u00f3ximos ao n\u00ba 551 da rua Vereador Jo\u00e3o Gomes Pereira, bairro Pires da Luz."}, {"id": "6308", "ano": "2020", "numero": "326", "tipo__sigla": "IND", "tipo__descricao": "Indica\u00e7\u00e3o", "autoria": "Antero Gomes de Aguiar", "texto_original": "http://sapl.uba.mg.leg.br/media/sapl/public/materialegislativa/2020/6308/indicaouo_326.pdf", "ementa": "Repintura de todas as placas de sinaliza\u00e7\u00e3o de tr\u00e2nsito no distrito de Miragaia."}, {"id": "6309", "ano": "2020", "numero": "327", "tipo__sigla": "IND", "tipo__descricao": "Indica\u00e7\u00e3o", "autoria": "", "texto_original": "http://sapl.uba.mg.leg.br/media/", "ementa": "Repintura das faixas de pedestres localizadas em frente \u00e0 Escola Municipal e \u00e0 Igreja do distrito de Miragaia."}, {"id": "6310", "ano": "2020", "numero": "328", "tipo__sigla": "IND", "tipo__descricao": "Indica\u00e7\u00e3o", "autoria": "Antero Gomes de Aguiar", "texto_original": "http://sapl.uba.mg.leg.br/media/sapl/public/materialegislativa/2020/6310/indicaouo_328.pdf", "ementa": "Extens\u00e3o do escad\u00e3o localizado entre as ruas Roberta de Oliveira e D\u00e9lio Couto Malta, bairro Primavera"}, {"id": "6311", "ano": "2020", "numero": "329", "tipo__sigla": "IND", "tipo__descricao": "Indica\u00e7\u00e3o", "autoria": "Antero Gomes de Aguiar", "texto_original": "http://sapl.uba.mg.leg.br/media/sapl/public/materialegislativa/2020/6311/indicaouo_329.pdf", "ementa": "Pintura de uma faixa de pedestres em frente ao n\u00ba 57 da rua Cosmo Campanha, pr\u00f3ximo \u00e0 Igreja Assembleia de Deus, no bairro Pires da Luz."}, {"id": "6312", "ano": "2020", "numero": "330", "tipo__sigla": "IND", "tipo__descricao": "Indica\u00e7\u00e3o", "autoria": "Antero Gomes de Aguiar", "texto_original": "http://sapl.uba.mg.leg.br/media/sapl/public/materialegislativa/2020/6312/indicaouo_330.pdf", "ementa": "Repintura de todas as placas de sinaliza\u00e7\u00e3o de tr\u00e2nsito do bairro Pires da Luz."}, {"id": "6314", "ano": "2020", "numero": "331", "tipo__sigla": "IND", "tipo__descricao": "Indica\u00e7\u00e3o", "autoria": "Jos\u00e9 Roberto Reis Filgueiras", "texto_original": "http://sapl.uba.mg.leg.br/media/", "ementa": "Pintura de uma faixa de pedestres entre a Rodovi\u00e1ria e a loja Cicle do T\u00e3ozinho."}, {"id": "6319", "ano": "2020", "numero": "332", "tipo__sigla": "IND", "tipo__descricao": "Indica\u00e7\u00e3o", "autoria": "Antero Gomes de Aguiar", "texto_original": "http://sapl.uba.mg.leg.br/media/sapl/public/materialegislativa/2020/6319/indicaouo_332.pdf", "ementa": "Constru\u00e7\u00e3o de quebra-molas em frente aos n\u00fameros  57 e 145 da Rua \u00c2ngelo Barletta, Centro."}, {"id": "6321", "ano": "2020", "numero": "333", "tipo__sigla": "IND", "tipo__descricao": "Indica\u00e7\u00e3o", "autoria": "Gilson Fazolla Filgueiras", "texto_original": "http://sapl.uba.mg.leg.br/media/sapl/public/materialegislativa/2020/6321/indicaouo_333.pdf", "ementa": "Limpeza do c\u00f3rrego que passa nos fundos da ESF do bairro Schiavon."}, {"id": "6322", "ano": "2020", "numero": "334", "tipo__sigla": "IND", "tipo__descricao": "Indica\u00e7\u00e3o", "autoria": "Gilson Fazolla Filgueiras", "texto_original": "http://sapl.uba.mg.leg.br/media/sapl/public/materialegislativa/2020/6322/indicaouo_334.pdf", "ementa": "Limpeza do c\u00f3rrego que passa pr\u00f3ximo ao n\u00ba 39 da Av. Brasil, bairro Olinda."}, {"id": "6327", "ano": "2020", "numero": "335", "tipo__sigla": "IND", "tipo__descricao": "Indica\u00e7\u00e3o", "autoria": "Gilson Fazolla Filgueiras", "texto_original": "http://sapl.uba.mg.leg.br/media/sapl/public/materialegislativa/2020/6327/indicaouo_335.pdf", "ementa": "Capina e limpeza da Rua Waldemr Marcelo da Rocha, bairro S\u00e3o Judas Tadeu."}, {"id": "6328", "ano": "2020", "numero": "336", "tipo__sigla": "IND", "tipo__descricao": "Indica\u00e7\u00e3o", "autoria": "Antero Gomes de Aguiar", "texto_original": "http://sapl.uba.mg.leg.br/media/sapl/public/materialegislativa/2020/6328/indicaouo_336.pdf", "ementa": "PIntura de uma faixa de pedestres em frente ao n\u00ba 791 (Supermercado Oliveira) da Rua Jos\u00e9 Augusto Marcos, bairro Ponte Preta."}, {"id": "6329", "ano": "2020", "numero": "337", "tipo__sigla": "IND", "tipo__descricao": "Indica\u00e7\u00e3o", "autoria": "Antero Gomes de Aguiar", "texto_original": "http://sapl.uba.mg.leg.br/media/sapl/public/materialegislativa/2020/6329/indicaouo_337.pdf", "ementa": "Finaliza\u00e7\u00e3o do cal\u00e7amento da Rua Presidente Get\u00falio Vargas, bairro Palmeiras."}, {"id": "6407", "ano": "2020", "numero": "338", "tipo__sigla": "IND", "tipo__descricao": "Indica\u00e7\u00e3o", "autoria": "Luis Carlos Teixeira Ribeiro", "texto_original": "http://sapl.uba.mg.leg.br/media/sapl/public/materialegislativa/2020/6407/indicaouo_338.pdf", "ementa": "Coloca\u00e7\u00e3o de placa \"Proibido Estacionar\" na Rua Santa Edwiges, bairro Schiavon."}, {"id": "6408", "ano": "2020", "numero": "339", "tipo__sigla": "IND", "tipo__descricao": "Indica\u00e7\u00e3o", "autoria": "Antero Gomes de Aguiar", "texto_original": "http://sapl.uba.mg.leg.br/media/sapl/public/materialegislativa/2020/6408/indicaouo_339.pdf", "ementa": "Limpeza das barraginhas entre a Miragaia, Santa Rosa e Ubari devido ao pr\u00f3ximo per\u00edodo de chuvas, e constru\u00e7\u00e3o de novas barraginhas ao longo do referido trecho."}, {"id": "6409", "ano": "2020", "numero": "340", "tipo__sigla": "IND", "tipo__descricao": "Indica\u00e7\u00e3o", "autoria": "Antero Gomes de Aguiar", "texto_original": "http://sapl.uba.mg.leg.br/media/sapl/public/materialegislativa/2020/6409/indicaouo_340.pdf", "ementa": "Constru\u00e7\u00e3o de 2 (dois) quebra-molas em frente aos n\u00ba 145 e 190, bairro Primavera."}, {"id": "6475", "ano": "2020", "numero": "341", "tipo__sigla": "IND", "tipo__descricao": "Indica\u00e7\u00e3o", "autoria": "Antero Gomes de Aguiar", "texto_original": "http://sapl.uba.mg.leg.br/media/sapl/public/materialegislativa/2020/6475/indicaouo_341.pdf", "ementa": "Nivelamento das tampas de todos os  bueiros na cidade, com os respectivos logradouros."}, {"id": "6476", "ano": "2020", "numero": "342", "tipo__sigla": "IND", "tipo__descricao": "Indica\u00e7\u00e3o", "autoria": "Antero Gomes de Aguiar", "texto_original": "http://sapl.uba.mg.leg.br/media/sapl/public/materialegislativa/2020/6476/indicaouo_342.pdf", "ementa": "Instala\u00e7\u00e3o de lumin\u00e1rias nos dois \u00faltimos postes ap\u00f3s o n\u00ba 355 da Rua Ant\u00f4nio da Costa Ribeiro, bairro Ant\u00f4nio Bigonha."}, {"id": "6477", "ano": "2020", "numero": "343", "tipo__sigla": "IND", "tipo__descricao": "Indica\u00e7\u00e3o", "autoria": "Antero Gomes de Aguiar", "texto_original": "http://sapl.uba.mg.leg.br/media/sapl/public/materialegislativa/2020/6477/indicaouo_343.pdf", "ementa": "Constru\u00e7\u00e3o de tr\u00eas bueiros em frente aos n\u00bas  321, 355 e 360 da Rua Ant\u00f4nio Costa Ribeiro, bairro Ant\u00f4nio Bigonha."}, {"id": "6478", "ano": "2020", "numero": "344", "tipo__sigla": "IND", "tipo__descricao": "Indica\u00e7\u00e3o", "autoria": "Luis Carlos Teixeira Ribeiro", "texto_original": "http://sapl.uba.mg.leg.br/media/sapl/public/materialegislativa/2020/6478/indicaouo_344.pdf", "ementa": "Conserto de buraco entre a cal\u00e7ada e a Rua The\u00f3filo Lemos Gravina, em frente \u00e0 IMOP, bairro Chiquito Gazolla."}, {"id": "6552", "ano": "2020", "numero": "345", "tipo__sigla": "IND", "tipo__descricao": "Indica\u00e7\u00e3o", "autoria": "Gilson Fazolla Filgueiras", "texto_original": "http://sapl.uba.mg.leg.br/media/sapl/public/materialegislativa/2020/6552/indicacao_345_.pdf", "ementa": "Recomposi\u00e7\u00e3o de cal\u00e7amento pr\u00f3ximo ao n\u00ba 200 da Rua Ceci Peron, Bairro Cristal."}, {"id": "6727", "ano": "2020", "numero": "346", "tipo__sigla": "IND", "tipo__descricao": "Indica\u00e7\u00e3o", "autoria": "Jane Cristina Lacerda Pinto", "texto_original": "http://sapl.uba.mg.leg.br/media/sapl/public/materialegislativa/2020/6727/indicaouo_346.pdf", "ementa": "Troca de duas l\u00e2mpadas de ilumina\u00e7\u00e3o p\u00fablica na Rua Sebasti\u00e3o Pires, pr\u00f3ximo ao n\u00ba 15, bairro Laranjal."}, {"id": "6728", "ano": "2020", "numero": "347", "tipo__sigla": "IND", "tipo__descricao": "Indica\u00e7\u00e3o", "autoria": "Ademir da Fonseca Firmiano", "texto_original": "http://sapl.uba.mg.leg.br/media/sapl/public/materialegislativa/2020/6728/indicaouo_347.pdf", "ementa": "Opera\u00e7\u00e3o tapa-buracos no trecho compreendido entre o trevo do bairro Santa Edwiges e a Comunidade do Tanquinho."}, {"id": "6729", "ano": "2020", "numero": "348", "tipo__sigla": "IND", "tipo__descricao": "Indica\u00e7\u00e3o", "autoria": "Jos\u00e9 Roberto Reis Filgueiras", "texto_original": "http://sapl.uba.mg.leg.br/media/sapl/public/materialegislativa/2020/6729/indicaouo_348.pdf", "ementa": "Constru\u00e7\u00e3o de um bueiro no cruzamento entre a Rua Jo\u00e3o Schiavon e a Rua Santa Edwiges, no bairro Schiavon."}, {"id": "6736", "ano": "2020", "numero": "349", "tipo__sigla": "IND", "tipo__descricao": "Indica\u00e7\u00e3o", "autoria": "Ademir da Fonseca Firmiano", "texto_original": "http://sapl.uba.mg.leg.br/media/sapl/public/materialegislativa/2020/6736/indicaouo_349.pdf", "ementa": "Opera\u00e7\u00e3o tapa-buracos com nivelamento em toda Comunidade do Tanquinho."}, {"id": "6737", "ano": "2020", "numero": "350", "tipo__sigla": "IND", "tipo__descricao": "Indica\u00e7\u00e3o", "autoria": "Antero Gomes de Aguiar", "texto_original": "http://sapl.uba.mg.leg.br/media/sapl/public/materialegislativa/2020/6737/indicaouo_350.pdf", "ementa": "Limpeza do escad\u00e3o situado entre a Rua Adolfo Pereira Cortez  e a parte alta do bairro S\u00e3o Domingos."}, {"id": "6816", "ano": "2020", "numero": "351", "tipo__sigla": "IND", "tipo__descricao": "Indica\u00e7\u00e3o", "autoria": "Gilson Fazolla Filgueiras", "texto_original": "http://sapl.uba.mg.leg.br/media/sapl/public/materialegislativa/2020/6816/indicaouo_351.pdf", "ementa": "Opera\u00e7\u00e3o tapa-buracos no bairro Louri\u00e7al."}, {"id": "6817", "ano": "2020", "numero": "352", "tipo__sigla": "IND", "tipo__descricao": "Indica\u00e7\u00e3o", "autoria": "Gilson Fazolla Filgueiras", "texto_original": "http://sapl.uba.mg.leg.br/media/sapl/public/materialegislativa/2020/6817/indicaouo_352.pdf", "ementa": "Retirada de terra e limpeza de ruas e bueiros do bairro S\u00e3o Mateus.\t."}, {"id": "6818", "ano": "2020", "numero": "353", "tipo__sigla": "IND", "tipo__descricao": "Indica\u00e7\u00e3o", "autoria": "Gilson Fazolla Filgueiras", "texto_original": "http://sapl.uba.mg.leg.br/media/sapl/public/materialegislativa/2020/6818/indicaouo_353.pdf", "ementa": "Limpeza e capina da Rua Titita Batalha, no bairro Noeme Batalha."}, {"id": "6819", "ano": "2020", "numero": "354", "tipo__sigla": "IND", "tipo__descricao": "Indica\u00e7\u00e3o", "autoria": "Gilson Fazolla Filgueiras", "texto_original": "http://sapl.uba.mg.leg.br/media/sapl/public/materialegislativa/2020/6819/indicaouo_354.pdf", "ementa": "Substitui\u00e7\u00e3o de lumin\u00e1ria em poste da Rua Titita Batalha, pr\u00f3ximo ao n\u00ba 163, bairro Noeme Batalha."}, {"id": "6820", "ano": "2020", "numero": "355", "tipo__sigla": "IND", "tipo__descricao": "Indica\u00e7\u00e3o", "autoria": "Gilson Fazolla Filgueiras", "texto_original": "http://sapl.uba.mg.leg.br/media/sapl/public/materialegislativa/2020/6820/indicaouo_355.pdf", "ementa": "Poda de \u00e1rvore na Rua Ad\u00e3o Quint\u00e3o, n\u00ba 151, pr\u00f3xima \u00e0 resid\u00eancia da Sra. Roselene da Silva, bairro Agroceres."}, {"id": "6821", "ano": "2020", "numero": "356", "tipo__sigla": "IND", "tipo__descricao": "Indica\u00e7\u00e3o", "autoria": "Gilson Fazolla Filgueiras", "texto_original": "http://sapl.uba.mg.leg.br/media/sapl/public/materialegislativa/2020/6821/indicaouo_356.pdf", "ementa": "Coloca\u00e7\u00e3o de placas nas seguintes ruas j\u00e1 nomeadas: Rua Presidente M\u00e9dici e Rua Jos\u00e9 Machado, no bairro S\u00e3o Francisco de Assis e Rua Joaquim Vaz da Silva e An\u00edsia An\u00e9sia da Rocha, no bairro dos Vaz."}, {"id": "6822", "ano": "2020", "numero": "357", "tipo__sigla": "IND", "tipo__descricao": "Indica\u00e7\u00e3o", "autoria": "Gilson Fazolla Filgueiras", "texto_original": "http://sapl.uba.mg.leg.br/media/sapl/public/materialegislativa/2020/6822/indicaouo_357.pdf", "ementa": "Placas sinalizadoras em pontos de \u00f4nibus, sobretudo nos bairros Palmeiras, S\u00e3o Francisco, Altair Rocha e S\u00e3o Judas Tadeu."}, {"id": "6823", "ano": "2020", "numero": "358", "tipo__sigla": "IND", "tipo__descricao": "Indica\u00e7\u00e3o", "autoria": "Jos\u00e9 Roberto Reis Filgueiras", "texto_original": "http://sapl.uba.mg.leg.br/media/sapl/public/materialegislativa/2020/6823/indicaouo_358.pdf", "ementa": "Coloca\u00e7\u00e3o de placas indicativas dos nomes de ruas no bairro Quinta das Paineiras."}, {"id": "6824", "ano": "2020", "numero": "359", "tipo__sigla": "IND", "tipo__descricao": "Indica\u00e7\u00e3o", "autoria": "Antero Gomes de Aguiar", "texto_original": "http://sapl.uba.mg.leg.br/media/sapl/public/materialegislativa/2020/6824/indicaouo_359.pdf", "ementa": "Constru\u00e7\u00e3o de uma creche no bairro Santa Edwiges I, pr\u00f3xima \u00e0 Rua Jos\u00e9 Martins da Rocha"}, {"id": "6825", "ano": "2020", "numero": "360", "tipo__sigla": "IND", "tipo__descricao": "Indica\u00e7\u00e3o", "autoria": "Antero Gomes de Aguiar", "texto_original": "http://sapl.uba.mg.leg.br/media/sapl/public/materialegislativa/2020/6825/indicaouo_360.pdf", "ementa": "Limpeza e poda de \u00e1rvores na Pra\u00e7a dos Amigos, localizada na Rua Lambari, bairro Ponte Preta."}, {"id": "6835", "ano": "2020", "numero": "361", "tipo__sigla": "IND", "tipo__descricao": "Indica\u00e7\u00e3o", "autoria": "Gilson Fazolla Filgueiras", "texto_original": "http://sapl.uba.mg.leg.br/media/sapl/public/materialegislativa/2020/6835/indicacao_361.pdf", "ementa": "Recomposi\u00e7\u00e3o do cal\u00e7amento e os meios-fios na Rua Waldemiro Cl\u00edmaco Guimar\u00e3es, bairro Louri\u00e7al."}, {"id": "6862", "ano": "2020", "numero": "362", "tipo__sigla": "IND", "tipo__descricao": "Indica\u00e7\u00e3o", "autoria": "Antero Gomes de Aguiar", "texto_original": "http://sapl.uba.mg.leg.br/media/sapl/public/materialegislativa/2020/6862/indicaouo_362.pdf", "ementa": "Reinstala\u00e7\u00e3o dos fios nos tr\u00eas postes situados no trevo para o Bairro Santa Edwiges, nas proximidades da gruta, que foram recentemente furtados, a pedido do Conselho Comunit\u00e1rio do bairro."}, {"id": "6863", "ano": "2020", "numero": "363", "tipo__sigla": "IND", "tipo__descricao": "Indica\u00e7\u00e3o", "autoria": "Antero Gomes de Aguiar", "texto_original": "http://sapl.uba.mg.leg.br/media/sapl/public/materialegislativa/2020/6863/indicaouo_363.pdf", "ementa": "Asfaltamento da Rua Roberto de Oliveira, no bairro Primavera."}, {"id": "6864", "ano": "2020", "numero": "364", "tipo__sigla": "IND", "tipo__descricao": "Indica\u00e7\u00e3o", "autoria": "Antero Gomes de Aguiar", "texto_original": "http://sapl.uba.mg.leg.br/media/sapl/public/materialegislativa/2020/6864/indicaouo_364.pdf", "ementa": "Desentupimento das manilhas da Rua Laura Nicolato, no Bairro Santa Edwiges II"}, {"id": "5558", "ano": "2020", "numero": "1", "tipo__sigla": "MOC A", "tipo__descricao": "Mo\u00e7\u00e3o (Regimento Antigo)", "autoria": "Darci Pires da Silva", "texto_original": "http://sapl.uba.mg.leg.br/media/sapl/public/materialegislativa/2020/5558/mocao_001.pdf", "ementa": "Congratula\u00e7\u00f5es e Aplausos \u00e0 Sra. Isabel Cristina Vieira Guimar\u00e3es, pela elei\u00e7\u00e3o como presidente da ACIU-Ub\u00e1, para o bi\u00eanio 2020-2021."}, {"id": "5576", "ano": "2020", "numero": "2", "tipo__sigla": "MOC A", "tipo__descricao": "Mo\u00e7\u00e3o (Regimento Antigo)", "autoria": "Jos\u00e9 Roberto Reis Filgueiras", "texto_original": "http://sapl.uba.mg.leg.br/media/sapl/public/materialegislativa/2020/5576/mocao_002.pdf", "ementa": "Mo\u00e7\u00e3o de Congratula\u00e7\u00f5es e Aplausos  aos profissionais do Centro de Atendimento Educacional Especializado - CAEE"}, {"id": "5577", "ano": "2020", "numero": "3", "tipo__sigla": "MOC A", "tipo__descricao": "Mo\u00e7\u00e3o (Regimento Antigo)", "autoria": "Darci Pires da Silva", "texto_original": "http://sapl.uba.mg.leg.br/media/sapl/public/materialegislativa/2020/5577/mocao_003.pdf", "ementa": "Mo\u00e7\u00e3o de Congratula\u00e7\u00f5es e Aplausos ao servidor Luciano Lamarca."}, {"id": "5578", "ano": "2020", "numero": "4", "tipo__sigla": "MOC A", "tipo__descricao": "Mo\u00e7\u00e3o (Regimento Antigo)", "autoria": "Darci Pires da Silva", "texto_original": "http://sapl.uba.mg.leg.br/media/sapl/public/materialegislativa/2020/5578/mocao_004.pdf", "ementa": "Mo\u00e7\u00e3o de Congratula\u00e7\u00f5es e Aplausos ao pastor Maur\u00edcio Gomes de Brito."}, {"id": "5614", "ano": "2020", "numero": "5", "tipo__sigla": "MOC A", "tipo__descricao": "Mo\u00e7\u00e3o (Regimento Antigo)", "autoria": "Jorge Cust\u00f3dio Gerv\u00e1sio", "texto_original": "http://sapl.uba.mg.leg.br/media/sapl/public/materialegislativa/2020/5614/mocao_005.pdf", "ementa": "Mo\u00e7\u00e3o de Pesar pelo falecimento do Sr. Mauro Abranches."}, {"id": "5615", "ano": "2020", "numero": "6", "tipo__sigla": "MOC A", "tipo__descricao": "Mo\u00e7\u00e3o (Regimento Antigo)", "autoria": "Darci Pires da Silva", "texto_original": "http://sapl.uba.mg.leg.br/media/sapl/public/materialegislativa/2020/5615/mocao_006.pdf", "ementa": "Mo\u00e7\u00e3o de Aplausos \u00e0 Sra. Maria L\u00facia Coelho de Andrade."}, {"id": "5650", "ano": "2020", "numero": "7", "tipo__sigla": "MOC A", "tipo__descricao": "Mo\u00e7\u00e3o (Regimento Antigo)", "autoria": "Darci Pires da Silva", "texto_original": "http://sapl.uba.mg.leg.br/media/sapl/public/materialegislativa/2020/5650/mocao_007_partes_1_e_2.pdf", "ementa": "Mo\u00e7\u00e3o de Aplausos \u00e0 Vara do Trabalho de Ub\u00e1"}, {"id": "5655", "ano": "2020", "numero": "8", "tipo__sigla": "MOC A", "tipo__descricao": "Mo\u00e7\u00e3o (Regimento Antigo)", "autoria": "Antero Gomes de Aguiar, Ademir da Fonseca Firmiano, Alexandre de Barros Mendes, Edeir Pacheco, Jane Cristina Lacerda Pinto, Jorge Cust\u00f3dio Gerv\u00e1sio, Joseli An\u00edsio Pinto, Jos\u00e9 Roberto Reis Filgueiras, Luis Carlos Teixeira Ribeiro, Ros\u00e2ngela Maria Alfenas de Andrade", "texto_original": "http://sapl.uba.mg.leg.br/media/sapl/public/materialegislativa/2020/5655/moouo_008.pdf", "ementa": "CONGRATULA\u00c7\u00d5ES E APLAUSOS aos profissionais da Sa\u00fade do Munic\u00edpio de Ub\u00e1, que diariamente se esfor\u00e7am para proteger a popula\u00e7\u00e3o diante da amea\u00e7a do novo coronav\u00edrus, causador da Covid-19."}, {"id": "5668", "ano": "2020", "numero": "9", "tipo__sigla": "MOC A", "tipo__descricao": "Mo\u00e7\u00e3o (Regimento Antigo)", "autoria": "Ademir da Fonseca Firmiano", "texto_original": "http://sapl.uba.mg.leg.br/media/sapl/public/materialegislativa/2020/5668/mocao_009.pdf", "ementa": "CONGRATULA\u00c7\u00d5ES E APLAUSOS ao Sr. Eduardo Felipe, por sua trajet\u00f3ria de sucesso."}, {"id": "5669", "ano": "2020", "numero": "10", "tipo__sigla": "MOC A", "tipo__descricao": "Mo\u00e7\u00e3o (Regimento Antigo)", "autoria": "Ademir da Fonseca Firmiano", "texto_original": "http://sapl.uba.mg.leg.br/media/sapl/public/materialegislativa/2020/5669/mocao_010.pdf", "ementa": "CONGRATULA\u00c7\u00d5ES E APLAUSOS ao Sr. Jo\u00e3o Batista Gualberto, por sua trajet\u00f3ria de sucesso."}, {"id": "5670", "ano": "2020", "numero": "11", "tipo__sigla": "MOC A", "tipo__descricao": "Mo\u00e7\u00e3o (Regimento Antigo)", "autoria": "Antero Gomes de Aguiar", "texto_original": "http://sapl.uba.mg.leg.br/media/sapl/public/materialegislativa/2020/5670/mocao_011.pdf", "ementa": "CONGRATULA\u00c7\u00d5ES E APLAUSOS ao Padre Silas Geraldo, da Par\u00f3quia do Divino Esp\u00edrito Santo, em Ub\u00e1, pelos cuidados da sa\u00fade espiritual de sua comunidade, em tempos de pandemia."}, {"id": "5681", "ano": "2020", "numero": "12", "tipo__sigla": "MOC A", "tipo__descricao": "Mo\u00e7\u00e3o (Regimento Antigo)", "autoria": "Jos\u00e9 Roberto Reis Filgueiras", "texto_original": "http://sapl.uba.mg.leg.br/media/sapl/public/materialegislativa/2020/5681/mocao_012.pdf", "ementa": "Aplausos e Congratula\u00e7\u00f5es \u00e0 Farm\u00e1cia Manipula, pela solidariedade e cuidado com a Sa\u00fade p\u00fablica no per\u00edodo de escassez de \u00e1lcool 70% no munic\u00edpio."}, {"id": "5698", "ano": "2020", "numero": "13", "tipo__sigla": "MOC A", "tipo__descricao": "Mo\u00e7\u00e3o (Regimento Antigo)", "autoria": "Darci Pires da Silva, Alexandre de Barros Mendes, Antero Gomes de Aguiar, Gilson Fazolla Filgueiras, Jane Cristina Lacerda Pinto, Joseli An\u00edsio Pinto, Jos\u00e9 Roberto Reis Filgueiras, Ros\u00e2ngela Maria Alfenas de Andrade", "texto_original": "http://sapl.uba.mg.leg.br/media/sapl/public/materialegislativa/2020/5698/mocao_013.pdf", "ementa": "Congratula\u00e7\u00f5es e Aplausos, ao Sr. Prefeito, Edson Teixeira Filho, pela maneira firme e competente com que tem agido e comandado sua equipe diante das dificuldades vividas pelo munic\u00edpio com as enchentes recentes, sendo a \u00faltima a mais violenta, e com a pandemia da COVID-19."}, {"id": "5699", "ano": "2020", "numero": "14", "tipo__sigla": "MOC A", "tipo__descricao": "Mo\u00e7\u00e3o (Regimento Antigo)", "autoria": "Antero Gomes de Aguiar, Darci Pires da Silva, Gilson Fazolla Filgueiras, Jane Cristina Lacerda Pinto, Joseli An\u00edsio Pinto, Jos\u00e9 Roberto Reis Filgueiras, Luis Carlos Teixeira Ribeiro, Ros\u00e2ngela Maria Alfenas de Andrade", "texto_original": "http://sapl.uba.mg.leg.br/media/sapl/public/materialegislativa/2020/5699/mocao_014.pdf", "ementa": "Congratula\u00e7\u00f5es e Aplausos aos servidores da Prefeitura Municipal e aos trabalhadores da ECP Engenharia, que bravamente estiveram na linha de frente para providenciar a limpeza das principais vias da cidade de Ub\u00e1, ap\u00f3s a maior enchente de sua hist\u00f3ria."}, {"id": "5700", "ano": "2020", "numero": "15", "tipo__sigla": "MOC A", "tipo__descricao": "Mo\u00e7\u00e3o (Regimento Antigo)", "autoria": "Darci Pires da Silva, Alexandre de Barros Mendes, Antero Gomes de Aguiar, Gilson Fazolla Filgueiras, Jane Cristina Lacerda Pinto, Joseli An\u00edsio Pinto, Jos\u00e9 Roberto Reis Filgueiras, Ros\u00e2ngela Maria Alfenas de Andrade", "texto_original": "http://sapl.uba.mg.leg.br/media/sapl/public/materialegislativa/2020/5700/mocao_015.pdf", "ementa": "CONGRATULA\u00c7\u00d5ES E APLAUSOS  \u00e0 Sra. Sandra Regina da Silva Kilesse, Supervisora da Se\u00e7\u00e3o de Vigil\u00e2ncia Epidemiol\u00f3gica do Munic\u00edpio de Ub\u00e1., por toda sua contribui\u00e7\u00e3o \u00e0 sa\u00fade p\u00fablica municipal."}, {"id": "5772", "ano": "2020", "numero": "17", "tipo__sigla": "MOC A", "tipo__descricao": "Mo\u00e7\u00e3o (Regimento Antigo)", "autoria": "Darci Pires da Silva", "texto_original": "http://sapl.uba.mg.leg.br/media/sapl/public/materialegislativa/2020/5772/mocao_017_parte_1.pdf", "ementa": "Pelo falecimento do Senhor Osmar Soares de Almeida (Osmar Farinheiro), aos 91 anos, ocorrido no \u00faltimo dia 12 de maio em nossa cidade."}, {"id": "5819", "ano": "2020", "numero": "18", "tipo__sigla": "MOC A", "tipo__descricao": "Mo\u00e7\u00e3o (Regimento Antigo)", "autoria": "Ros\u00e2ngela Maria Alfenas de Andrade", "texto_original": "http://sapl.uba.mg.leg.br/media/sapl/public/materialegislativa/2020/5819/mocao_018_1.pdf", "ementa": "pelo falecimento do Sr. Delso Ger\u00f4nimo de Almeida Costa, ocorrido no \u00faltimo dia 16 de maio na cidade de Guidoval."}, {"id": "5809", "ano": "2020", "numero": "19", "tipo__sigla": "MOC A", "tipo__descricao": "Mo\u00e7\u00e3o (Regimento Antigo)", "autoria": "Gilson Fazolla Filgueiras", "texto_original": "http://sapl.uba.mg.leg.br/media/", "ementa": "pelo \u201cDia do Gari\u201d, comemorado no \u00faltimo dia 16 de maio em todo o Brasil."}, {"id": "5810", "ano": "2020", "numero": "20", "tipo__sigla": "MOC A", "tipo__descricao": "Mo\u00e7\u00e3o (Regimento Antigo)", "autoria": "Gilson Fazolla Filgueiras", "texto_original": "http://sapl.uba.mg.leg.br/media/sapl/public/materialegislativa/2020/5810/mocao_020_parte_1.pdf", "ementa": "pelo \u201cDia dos Profissionais da sa\u00fade\u201d, comemorado mundialmente no \u00faltimo dia 12 de maio."}, {"id": "5880", "ano": "2020", "numero": "21", "tipo__sigla": "MOC A", "tipo__descricao": "Mo\u00e7\u00e3o (Regimento Antigo)", "autoria": "Ademir da Fonseca Firmiano", "texto_original": "http://sapl.uba.mg.leg.br/media/sapl/public/materialegislativa/2020/5880/moouo_021.pdf", "ementa": "MO\u00c7\u00c3O DE PESAR  pelo falecimento do Sr. Sebasti\u00e3o Lima, l\u00edder comunit\u00e1rio que conseguiu melhorias, como cal\u00e7amento, asfalto, \u00e1gua tratada, rede de esgoto para sua comunidade."}, {"id": "5881", "ano": "2020", "numero": "22", "tipo__sigla": "MOC A", "tipo__descricao": "Mo\u00e7\u00e3o (Regimento Antigo)", "autoria": "Gilson Fazolla Filgueiras", "texto_original": "http://sapl.uba.mg.leg.br/media/", "ementa": "MO\u00c7\u00c3O DE PESAR pelo falecimento do Sr. Ant\u00f4nio Luciano da Costa, ocorrido no \u00faltimo dia 26 de maio em nossa cidade"}, {"id": "5882", "ano": "2020", "numero": "23", "tipo__sigla": "MOC A", "tipo__descricao": "Mo\u00e7\u00e3o (Regimento Antigo)", "autoria": "Gilson Fazolla Filgueiras", "texto_original": "http://sapl.uba.mg.leg.br/media/sapl/public/materialegislativa/2020/5882/moouo_023.pdf", "ementa": "MO\u00c7\u00c3O DE CONGRATULA\u00c7\u00d5ES E APLAUSOS ao vereador Darci Pires da Silva pelo transcurso do seu anivers\u00e1rio, no \u00faltimo dia 28 de maio."}, {"id": "5883", "ano": "2020", "numero": "24", "tipo__sigla": "MOC A", "tipo__descricao": "Mo\u00e7\u00e3o (Regimento Antigo)", "autoria": "Gilson Fazolla Filgueiras", "texto_original": "http://sapl.uba.mg.leg.br/media/sapl/public/materialegislativa/2020/5883/moouo_024.pdf", "ementa": "MO\u00c7\u00c3O DE PESAR pelo falecimento do Sr. Orestes de Aguiar Occhi, ocorrido no \u00faltimo dia 27 de maio em nossa cidade."}, {"id": "5833", "ano": "2020", "numero": "25", "tipo__sigla": "MOC A", "tipo__descricao": "Mo\u00e7\u00e3o (Regimento Antigo)", "autoria": "Darci Pires da Silva", "texto_original": "http://sapl.uba.mg.leg.br/media/sapl/public/materialegislativa/2020/5833/mocao_025.pdf", "ementa": "CONGRATULA\u00c7\u00d5ES E APLAUSOS N.\u00ba 025/2020, ao Sr. Ant\u00f4nio Ferreira do Nascimento - conhecido como Sa\u00edra -  por ser um profissional exemplar e de grande carisma."}, {"id": "5834", "ano": "2020", "numero": "26", "tipo__sigla": "MOC A", "tipo__descricao": "Mo\u00e7\u00e3o (Regimento Antigo)", "autoria": "Ros\u00e2ngela Maria Alfenas de Andrade", "texto_original": "http://sapl.uba.mg.leg.br/media/sapl/public/materialegislativa/2020/5834/mocao_026.pdf", "ementa": "MO\u00c7\u00c3O DE PESAR pelo falecimento do ex-prefeito,  Sr. Narciso Paulo Michelli, ocorrido no \u00faltimo dia 07 de junho em nossa cidade."}, {"id": "5835", "ano": "2020", "numero": "27", "tipo__sigla": "MOC A", "tipo__descricao": "Mo\u00e7\u00e3o (Regimento Antigo)", "autoria": "Jos\u00e9 Roberto Reis Filgueiras", "texto_original": "http://sapl.uba.mg.leg.br/media/sapl/public/materialegislativa/2020/5835/mocao_027.pdf", "ementa": "MO\u00c7\u00c3O DE PESAR pelo falecimento da menina Al\u00e9xia Sotero Rinaldi Cabral, ocorrido recentemente em nossa cidade."}, {"id": "5889", "ano": "2020", "numero": "28", "tipo__sigla": "MOC A", "tipo__descricao": "Mo\u00e7\u00e3o (Regimento Antigo)", "autoria": "Jos\u00e9 Roberto Reis Filgueiras", "texto_original": "http://sapl.uba.mg.leg.br/media/sapl/public/materialegislativa/2020/5889/moouo_028.pdf", "ementa": "MO\u00c7\u00c3O DE PESAR pelo falecimento do Sr. Cl\u00e1udio Henrique Batista de Castro, ocorrido na semana passada em nossa cidade."}, {"id": "5946", "ano": "2020", "numero": "29", "tipo__sigla": "MOC A", "tipo__descricao": "Mo\u00e7\u00e3o (Regimento Antigo)", "autoria": "Jos\u00e9 Roberto Reis Filgueiras", "texto_original": "http://sapl.uba.mg.leg.br/media/sapl/public/materialegislativa/2020/5946/mocao_028.pdf", "ementa": "CONGRATULA\u00c7\u00d5ES E APLAUSOS  ao servidor da Prefeitura Municipal, Sr. Eder Toledo Mendes, pelos 35 anos de excelentes servi\u00e7os prestados ao Munic\u00edpio.\r\nEsta Mo\u00e7\u00e3o tem o n\u00ba 029/2020."}, {"id": "6024", "ano": "2020", "numero": "31", "tipo__sigla": "MOC A", "tipo__descricao": "Mo\u00e7\u00e3o (Regimento Antigo)", "autoria": "Jos\u00e9 Roberto Reis Filgueiras", "texto_original": "http://sapl.uba.mg.leg.br/media/sapl/public/materialegislativa/2020/6024/mocao_031.pdf", "ementa": "CONGRATULA\u00c7\u00d5ES E APLAUSOS  ao Sr. Alexandro Paulino Carneiro."}, {"id": "6025", "ano": "2020", "numero": "32", "tipo__sigla": "MOC A", "tipo__descricao": "Mo\u00e7\u00e3o (Regimento Antigo)", "autoria": "Ademir da Fonseca Firmiano", "texto_original": "http://sapl.uba.mg.leg.br/media/sapl/public/materialegislativa/2020/6025/mocao_032.pdf", "ementa": "PESAR pelo falecimento da senhora Lucil\u00e9ia Marculino Eug\u00eanio ocorrido no \u00faltimo dia 12 de julho"}, {"id": "6155", "ano": "2020", "numero": "33", "tipo__sigla": "MOC A", "tipo__descricao": "Mo\u00e7\u00e3o (Regimento Antigo)", "autoria": "Jos\u00e9 Roberto Reis Filgueiras", "texto_original": "http://sapl.uba.mg.leg.br/media/sapl/public/materialegislativa/2020/6155/mocao_033.pdf", "ementa": "Congratula\u00e7\u00f5es e Aplausos ao Sr. Paulo C\u00e9sar Tavares, por sua trajet\u00f3ria profissional na Prefeitura Municipal de Ub\u00e1."}, {"id": "6156", "ano": "2020", "numero": "34", "tipo__sigla": "MOC A", "tipo__descricao": "Mo\u00e7\u00e3o (Regimento Antigo)", "autoria": "Jorge Cust\u00f3dio Gerv\u00e1sio", "texto_original": "http://sapl.uba.mg.leg.br/media/sapl/public/materialegislativa/2020/6156/mocao_034.pdf", "ementa": "Mo\u00e7\u00e3o de Pesar pelo falecimento da Irm\u00e3 Marisa Costa, aos 90 anos, ocorrida no \u00faltimo dia 07, em nossa cidade."}, {"id": "6185", "ano": "2020", "numero": "35", "tipo__sigla": "MOC A", "tipo__descricao": "Mo\u00e7\u00e3o (Regimento Antigo)", "autoria": "Jos\u00e9 Roberto Reis Filgueiras", "texto_original": "http://sapl.uba.mg.leg.br/media/sapl/public/materialegislativa/2020/6185/moouo_035.pdf", "ementa": "Congratula\u00e7\u00f5es e Aplausos \u00e0 Igreja Evang\u00e9lica Congregacional."}, {"id": "6206", "ano": "2020", "numero": "36", "tipo__sigla": "MOC A", "tipo__descricao": "Mo\u00e7\u00e3o (Regimento Antigo)", "autoria": "Darci Pires da Silva", "texto_original": "http://sapl.uba.mg.leg.br/media/sapl/public/materialegislativa/2020/6206/moouo_036.pdf", "ementa": "MO\u00c7\u00c3O DE CONGRATULA\u00c7\u00d5ES E APLAUSOS ao colunista e empres\u00e1rio Orlando Silva."}, {"id": "6276", "ano": "2020", "numero": "37", "tipo__sigla": "MOC A", "tipo__descricao": "Mo\u00e7\u00e3o (Regimento Antigo)", "autoria": "Jorge Cust\u00f3dio Gerv\u00e1sio", "texto_original": "http://sapl.uba.mg.leg.br/media/sapl/public/materialegislativa/2020/6276/mocao_037.pdf", "ementa": "MO\u00c7\u00c3O DE PESAR pelo falecimento do Sr. Jos\u00e9 Janu\u00e1rio Carneiro Neto, ocorrido recentemente em nossa cidade."}, {"id": "6277", "ano": "2020", "numero": "38", "tipo__sigla": "MOC A", "tipo__descricao": "Mo\u00e7\u00e3o (Regimento Antigo)", "autoria": "Jos\u00e9 Roberto Reis Filgueiras", "texto_original": "http://sapl.uba.mg.leg.br/media/sapl/public/materialegislativa/2020/6277/mocao_038.pdf", "ementa": "MO\u00c7\u00c3O DE CONGRATULA\u00c7\u00d5ES E APLAUSOS \u00e0 Igreja Evang\u00e9lica Assembleia de Deus Miss\u00e3o Arrebatamento pelo seu sexto anivers\u00e1rio de cria\u00e7\u00e3o."}, {"id": "6278", "ano": "2020", "numero": "39", "tipo__sigla": "MOC A", "tipo__descricao": "Mo\u00e7\u00e3o (Regimento Antigo)", "autoria": "Darci Pires da Silva", "texto_original": "http://sapl.uba.mg.leg.br/media/sapl/public/materialegislativa/2020/6278/mocao_039.pdf", "ementa": "MO\u00c7\u00c3O DE CONGRATULA\u00c7\u00d5ES E APLAUSOS \u00e0 servidora Elaine Coelho Pandel\u00f3."}, {"id": "6279", "ano": "2020", "numero": "40", "tipo__sigla": "MOC A", "tipo__descricao": "Mo\u00e7\u00e3o (Regimento Antigo)", "autoria": "Darci Pires da Silva, Jos\u00e9 Roberto Reis Filgueiras", "texto_original": "http://sapl.uba.mg.leg.br/media/sapl/public/materialegislativa/2020/6279/mocao_040.pdf", "ementa": "MO\u00c7\u00c3O DE PESAR pelo falecimento do pastor Geraldo Mariano, ocorrido hoje, dia 08 de setembro."}, {"id": "6291", "ano": "2020", "numero": "41", "tipo__sigla": "MOC A", "tipo__descricao": "Mo\u00e7\u00e3o (Regimento Antigo)", "autoria": "Gilson Fazolla Filgueiras, Alexandre de Barros Mendes, Antero Gomes de Aguiar, Edeir Pacheco, Jane Cristina Lacerda Pinto, Jorge Cust\u00f3dio Gerv\u00e1sio, Jos\u00e9 Roberto Reis Filgueiras, Luis Carlos Teixeira Ribeiro, Ros\u00e2ngela Maria Alfenas de Andrade", "texto_original": "http://sapl.uba.mg.leg.br/media/sapl/public/materialegislativa/2020/6291/mocao_041.pdf", "ementa": "Mo\u00e7\u00e3o de Pesar pelo falecimento da Sra. Rosa Mauad Jacob, ocorrido recentemente em nossa cidade."}, {"id": "6299", "ano": "2020", "numero": "42", "tipo__sigla": "MOC A", "tipo__descricao": "Mo\u00e7\u00e3o (Regimento Antigo)", "autoria": "Ros\u00e2ngela Maria Alfenas de Andrade, Alexandre de Barros Mendes, Antero Gomes de Aguiar, Darci Pires da Silva, Edeir Pacheco, Gilson Fazolla Filgueiras, Jane Cristina Lacerda Pinto, Jorge Cust\u00f3dio Gerv\u00e1sio, Joseli An\u00edsio Pinto, Jos\u00e9 Roberto Reis Filgueiras, Luis Carlos Teixeira Ribeiro", "texto_original": "http://sapl.uba.mg.leg.br/media/sapl/public/materialegislativa/2020/6299/mocao_043.pdf", "ementa": "MO\u00c7\u00c3O DE PESAR pelo falecimento do empres\u00e1rio Paulo Roberto Paschoalino."}, {"id": "6300", "ano": "2020", "numero": "43", "tipo__sigla": "MOC A", "tipo__descricao": "Mo\u00e7\u00e3o (Regimento Antigo)", "autoria": "Gilson Fazolla Filgueiras, Alexandre de Barros Mendes, Antero Gomes de Aguiar, Darci Pires da Silva, Edeir Pacheco, Jane Cristina Lacerda Pinto, Jorge Cust\u00f3dio Gerv\u00e1sio, Joseli An\u00edsio Pinto, Jos\u00e9 Roberto Reis Filgueiras, Luis Carlos Teixeira Ribeiro, Ros\u00e2ngela Maria Alfenas de Andrade", "texto_original": "http://sapl.uba.mg.leg.br/media/sapl/public/materialegislativa/2020/6300/mocao_043.pdf", "ementa": "MO\u00c7\u00c3O DE PESAR pelo falecimento do Sr. Jos\u00e9 dos Anjos Teixeira."}, {"id": "6330", "ano": "2020", "numero": "44", "tipo__sigla": "MOC A", "tipo__descricao": "Mo\u00e7\u00e3o (Regimento Antigo)", "autoria": "Darci Pires da Silva, Alexandre de Barros Mendes, Antero Gomes de Aguiar, Edeir Pacheco, Gilson Fazolla Filgueiras, Jane Cristina Lacerda Pinto, Jorge Cust\u00f3dio Gerv\u00e1sio, Joseli An\u00edsio Pinto, Jos\u00e9 Roberto Reis Filgueiras, Luis Carlos Teixeira Ribeiro, Ros\u00e2ngela Maria Alfenas de Andrade", "texto_original": "http://sapl.uba.mg.leg.br/media/sapl/public/materialegislativa/2020/6330/moouo_044.pdf", "ementa": "Mo\u00e7\u00e3o de Congrtula\u00e7\u00f5es eAplausos aos professores do munic\u00edpio pelo seu dia, comemorado em 15 de outubro."}, {"id": "6435", "ano": "2020", "numero": "45", "tipo__sigla": "MOC A", "tipo__descricao": "Mo\u00e7\u00e3o (Regimento Antigo)", "autoria": "Joseli An\u00edsio Pinto, Alexandre de Barros Mendes, Antero Gomes de Aguiar, Darci Pires da Silva, Gilson Fazolla Filgueiras, Jane Cristina Lacerda Pinto, Jorge Cust\u00f3dio Gerv\u00e1sio, Jos\u00e9 Roberto Reis Filgueiras, Luis Carlos Teixeira Ribeiro, Ros\u00e2ngela Maria Alfenas de Andrade", "texto_original": "http://sapl.uba.mg.leg.br/media/sapl/public/materialegislativa/2020/6435/moouo_045.pdf", "ementa": "Mo\u00e7\u00e3o de Congratula\u00e7\u00f5es e Aplausos aos Servidores P\u00fablicos, pelo transcurso do seu dia, em 28 de outubro passado"}, {"id": "6479", "ano": "2020", "numero": "46", "tipo__sigla": "MOC A", "tipo__descricao": "Mo\u00e7\u00e3o (Regimento Antigo)", "autoria": "Ros\u00e2ngela Maria Alfenas de Andrade, Alexandre de Barros Mendes, Antero Gomes de Aguiar, Darci Pires da Silva, Edeir Pacheco, Gilson Fazolla Filgueiras, Jane Cristina Lacerda Pinto, Jorge Cust\u00f3dio Gerv\u00e1sio, Joseli An\u00edsio Pinto, Jos\u00e9 Roberto Reis Filgueiras, Luis Carlos Teixeira Ribeiro", "texto_original": "http://sapl.uba.mg.leg.br/media/sapl/public/materialegislativa/2020/6479/moouo_046.pdf", "ementa": "Mo\u00e7\u00e3o de Pesar pelo falecimento da professora Mariselma Marangon Felizardo."}, {"id": "6481", "ano": "2020", "numero": "47", "tipo__sigla": "MOC A", "tipo__descricao": "Mo\u00e7\u00e3o (Regimento Antigo)", "autoria": "Ros\u00e2ngela Maria Alfenas de Andrade, Alexandre de Barros Mendes, Antero Gomes de Aguiar, Darci Pires da Silva, Edeir Pacheco, Gilson Fazolla Filgueiras, Jane Cristina Lacerda Pinto, Jorge Cust\u00f3dio Gerv\u00e1sio, Joseli An\u00edsio Pinto, Jos\u00e9 Roberto Reis Filgueiras, Luis Carlos Teixeira Ribeiro", "texto_original": "http://sapl.uba.mg.leg.br/media/sapl/public/materialegislativa/2020/6481/mocao_047.pdf", "ementa": "Mo\u00e7\u00e3o de Pesar pelo falecimento do jornalista Levindo Ferreira de Barros."}, {"id": "6482", "ano": "2020", "numero": "48", "tipo__sigla": "MOC A", "tipo__descricao": "Mo\u00e7\u00e3o (Regimento Antigo)", "autoria": "Darci Pires da Silva, Alexandre de Barros Mendes, Antero Gomes de Aguiar, Edeir Pacheco, Gilson Fazolla Filgueiras, Jane Cristina Lacerda Pinto, Jorge Cust\u00f3dio Gerv\u00e1sio, Joseli An\u00edsio Pinto, Jos\u00e9 Roberto Reis Filgueiras, Luis Carlos Teixeira Ribeiro, Ros\u00e2ngela Maria Alfenas de Andrade", "texto_original": "http://sapl.uba.mg.leg.br/media/sapl/public/materialegislativa/2020/6482/moouo_048.pdf", "ementa": "Mo\u00e7\u00e3o de Pesar pelo falecimento da Professora Cl\u00e1udia Maria Costa Machado."}, {"id": "6730", "ano": "2020", "numero": "49", "tipo__sigla": "MOC A", "tipo__descricao": "Mo\u00e7\u00e3o (Regimento Antigo)", "autoria": "Jos\u00e9 Roberto Reis Filgueiras, Alexandre de Barros Mendes, Antero Gomes de Aguiar, Darci Pires da Silva, Edeir Pacheco, Gilson Fazolla Filgueiras, Jane Cristina Lacerda Pinto, Jorge Cust\u00f3dio Gerv\u00e1sio, Joseli An\u00edsio Pinto, Luis Carlos Teixeira Ribeiro, Ros\u00e2ngela Maria Alfenas de Andrade", "texto_original": "http://sapl.uba.mg.leg.br/media/sapl/public/materialegislativa/2020/6730/moouo_049.pdf", "ementa": "Mo\u00e7\u00e3o de pesar pelo falecimento do Sr. Luiz Gonzaga Chirico."}, {"id": "6738", "ano": "2020", "numero": "50", "tipo__sigla": "MOC A", "tipo__descricao": "Mo\u00e7\u00e3o (Regimento Antigo)", "autoria": "Ademir da Fonseca Firmiano", "texto_original": "http://sapl.uba.mg.leg.br/media/sapl/public/materialegislativa/2020/6738/moouo_050.pdf", "ementa": "Mo\u00e7\u00e3o de Congratula\u00e7\u00f5es e Aplausos ao Senhor Samuel Gazolla Lima."}, {"id": "6739", "ano": "2020", "numero": "51", "tipo__sigla": "MOC A", "tipo__descricao": "Mo\u00e7\u00e3o (Regimento Antigo)", "autoria": "Ademir da Fonseca Firmiano", "texto_original": "http://sapl.uba.mg.leg.br/media/sapl/public/materialegislativa/2020/6739/moouo_051.pdf", "ementa": "Mo\u00e7\u00e3o de Pesar pelo falecimento do Senhor Jos\u00e9 Geraldo Gravina ( Sr. Ducinho)."}, {"id": "6826", "ano": "2020", "numero": "54", "tipo__sigla": "MOC A", "tipo__descricao": "Mo\u00e7\u00e3o (Regimento Antigo)", "autoria": "Ros\u00e2ngela Maria Alfenas de Andrade", "texto_original": "http://sapl.uba.mg.leg.br/media/sapl/public/materialegislativa/2020/6826/moouo_054.pdf", "ementa": "Mo\u00e7\u00e3o de Pesar pelo falecimento do m\u00e9dico Fernando Dias Paes."}, {"id": "6836", "ano": "2020", "numero": "55", "tipo__sigla": "MOC A", "tipo__descricao": "Mo\u00e7\u00e3o (Regimento Antigo)", "autoria": "Edeir Pacheco, Ros\u00e2ngela Maria Alfenas de Andrade", "texto_original": "http://sapl.uba.mg.leg.br/media/sapl/public/materialegislativa/2020/6836/mocao_052.pdf", "ementa": "Mo\u00e7\u00e3o de Congratula\u00e7\u00f5es e Aplausos ao Madrigal Ubaense pelos seus sessenta anos completados no \u00faltimo dia 10 de dezembro."}, {"id": "6865", "ano": "2020", "numero": "56", "tipo__sigla": "MOC A", "tipo__descricao": "Mo\u00e7\u00e3o (Regimento Antigo)", "autoria": "Darci Pires da Silva, Alexandre de Barros Mendes, Antero Gomes de Aguiar, Edeir Pacheco, Gilson Fazolla Filgueiras, Jane Cristina Lacerda Pinto, Joseli An\u00edsio Pinto, Jos\u00e9 Roberto Reis Filgueiras, Ros\u00e2ngela Maria Alfenas de Andrade", "texto_original": "http://sapl.uba.mg.leg.br/media/sapl/public/materialegislativa/2020/6865/moouo_053.pdf", "ementa": "Mo\u00e7\u00e3o de Congratula\u00e7\u00f5es e Aplausos \u00e0 Senhora Aline Moreira Silva Melo, rec\u00e9m-eleita vereadora em nossa cidade."}, {"id": "5561", "ano": "2020", "numero": "1", "tipo__sigla": "PDL", "tipo__descricao": "Projeto de Decreto Legislativo", "autoria": "COFTC - Comiss\u00e3o de Or\u00e7amento, Finan\u00e7as e Tomada de Contas", "texto_original": "http://sapl.uba.mg.leg.br/media/sapl/public/materialegislativa/2020/5561/projeto_NtYhExX.pdf", "ementa": "Disp\u00f5e sobre o julgamento das Contas do Munic\u00edpio de Ub\u00e1, referentes ao exerc\u00edcio de 2016, mediante o Parecer do Tribunal de Contas do Estado de Minas Gerais-Processo n\u00ba 1024731."}, {"id": "6119", "ano": "2020", "numero": "2", "tipo__sigla": "PDL", "tipo__descricao": "Projeto de Decreto Legislativo", "autoria": "COFTC - Comiss\u00e3o de Or\u00e7amento, Finan\u00e7as e Tomada de Contas", "texto_original": "http://sapl.uba.mg.leg.br/media/sapl/public/materialegislativa/2020/6119/projeto.pdf", "ementa": "Disp\u00f5e sobre o julgamento das Contas do Munic\u00edpio de Ub\u00e1, referentes ao exerc\u00edcio de 2018, mediante o Parecer do Tribunal de Contas do Estado de Minas Gerais - Processo n\u00b0 1072403."}, {"id": "6834", "ano": "2020", "numero": "3", "tipo__sigla": "PDL", "tipo__descricao": "Projeto de Decreto Legislativo", "autoria": "COFTC - Comiss\u00e3o de Or\u00e7amento, Finan\u00e7as e Tomada de Contas", "texto_original": "http://sapl.uba.mg.leg.br/media/sapl/public/materialegislativa/2020/6834/projeto.pdf", "ementa": "Disp\u00f5e sobre o julgamento das Contas do Munic\u00edpio de Ub\u00e1, referentes ao exerc\u00edcio de 2017, mediante o parecer pr\u00e9vio do Tribunal de Contas do Estado de Minas Gerais - Processo n\u00ba 1047916."}, {"id": "5996", "ano": "2020", "numero": "1", "tipo__sigla": "PELOM", "tipo__descricao": "Projeto de Emenda a LOM", "autoria": "Antero Gomes de Aguiar, Darci Pires da Silva, Gilson Fazolla Filgueiras, Jos\u00e9 Roberto Reis Filgueiras", "texto_original": "http://sapl.uba.mg.leg.br/media/sapl/public/materialegislativa/2020/5996/proposta_de_emenda_01.pdf", "ementa": "Acrescenta par\u00e1grafos ao Art. 145 da Lei Org\u00e2nica do Munic\u00edpio de Ub\u00e1, que instituem e regulamentam as emendas impositivas."}, {"id": "5559", "ano": "2020", "numero": "1", "tipo__sigla": "PLC", "tipo__descricao": "Projeto de Lei Complementar", "autoria": "Edson Teixeira Filho", "texto_original": "http://sapl.uba.mg.leg.br/media/sapl/public/materialegislativa/2020/5559/mensagem__projeto_VSWU6QL.pdf", "ementa": "D\u00e1 nova reda\u00e7\u00e3o ao art. 2\u00ba da Lei Complementar Municipal n\u00ba 134, de 13 de abril de 2011."}, {"id": "5587", "ano": "2020", "numero": "2", "tipo__sigla": "PLC", "tipo__descricao": "Projeto de Lei Complementar", "autoria": "Jane Cristina Lacerda Pinto, Jorge Cust\u00f3dio Gerv\u00e1sio, Luis Carlos Teixeira Ribeiro", "texto_original": "http://sapl.uba.mg.leg.br/media/sapl/public/materialegislativa/2020/5587/projeto.pdf", "ementa": "Altera a reda\u00e7\u00e3o do Art. 23, do inciso Ill, do Art. 40 e revoga o Art. 35 da Lei Complementar n\u00ba 199/2019."}, {"id": "5896", "ano": "2020", "numero": "3", "tipo__sigla": "PLC", "tipo__descricao": "Projeto de Lei Complementar", "autoria": "Edson Teixeira Filho", "texto_original": "http://sapl.uba.mg.leg.br/media/sapl/public/materialegislativa/2020/5896/mensagem__projeto.pdf", "ementa": "Altera a reda\u00e7\u00e3o dos artigos 3\u00b0 e 4\u00b0 da Lei Complementar Municipal n\u00b0 097, de 22 de agosto de 2007, que altera o Plano de Custeio do Regime Pr\u00f3prio de Previd\u00eancia Social dos Servidores P\u00fablicos do Munic\u00edpio de Ub\u00e1 (MG), e d\u00e1 outras provid\u00eancias."}, {"id": "6055", "ano": "2020", "numero": "4", "tipo__sigla": "PLC", "tipo__descricao": "Projeto de Lei Complementar", "autoria": "Edson Teixeira Filho", "texto_original": "http://sapl.uba.mg.leg.br/media/sapl/public/materialegislativa/2020/6055/mensagem__projeto.pdf", "ementa": "Altera a reda\u00e7\u00e3o dos artigos 10, 83, 96 e 124, da Lei Complementar Municipal n\u00b0 191, de 26 de dezembro de 2016, que disp\u00f5e sobre a politica de prote\u00e7\u00e3o, conserva\u00e7\u00e3o, preserva\u00e7\u00e3o, controle, licenciamento e fiscaliza\u00e7\u00e3o do meio ambiente e da melhoria da qualidade de vida no Munic\u00edpio de Ub\u00e1."}, {"id": "6832", "ano": "2020", "numero": "5", "tipo__sigla": "PLC", "tipo__descricao": "Projeto de Lei Complementar", "autoria": "Edson Teixeira Filho", "texto_original": "http://sapl.uba.mg.leg.br/media/sapl/public/materialegislativa/2020/6832/projeto.pdf", "ementa": "Altera dispositivos da Lei Complementar 62, de 27 de dezembro de 2001, que disp\u00f5e sobre as receitas do Munic\u00edpio, tribut\u00e1rias e outras, sobre as\r\nquais lhe compete legislar."}, {"id": "6833", "ano": "2020", "numero": "6", "tipo__sigla": "PLC", "tipo__descricao": "Projeto de Lei Complementar", "autoria": "Edson Teixeira Filho", "texto_original": "http://sapl.uba.mg.leg.br/media/sapl/public/materialegislativa/2020/6833/projeto.pdf", "ementa": "Altera dispositivos da Lei Complementar 62, de 27 de dezembro de 2001, que disp\u00f5e sobre as receitas do Munic\u00edpio, tribut\u00e1rias e outras, sobre as quais lhe compete legislar."}, {"id": "5508", "ano": "2020", "numero": "1", "tipo__sigla": "PLO", "tipo__descricao": "Projeto de Lei Ordin\u00e1ria", "autoria": "Alexandre de Barros Mendes", "texto_original": "http://sapl.uba.mg.leg.br/media/sapl/public/materialegislativa/2020/5508/projeto.pdf", "ementa": "Disp\u00f5e sobre a denomina\u00e7\u00e3o de Rua Expedito Delfino Mendes, na Col\u00f4nia Padre Dami\u00e3o, a logradouro p\u00fablico desta cidade."}, {"id": "5509", "ano": "2020", "numero": "2", "tipo__sigla": "PLO", "tipo__descricao": "Projeto de Lei Ordin\u00e1ria", "autoria": "Edson Teixeira Filho", "texto_original": "http://sapl.uba.mg.leg.br/media/sapl/public/materialegislativa/2020/5509/mensagem__projeto_15c1ozo.pdf", "ementa": "Disp\u00f5e sobre a revis\u00e3o geral anual em 2020 da remunera\u00e7\u00e3o dos servidores da administra\u00e7\u00e3o p\u00fablica direta e indireta, e d\u00e1 outras providencias."}, {"id": "5510", "ano": "2020", "numero": "3", "tipo__sigla": "PLO", "tipo__descricao": "Projeto de Lei Ordin\u00e1ria", "autoria": "Edson Teixeira Filho", "texto_original": "http://sapl.uba.mg.leg.br/media/sapl/public/materialegislativa/2020/5510/mensagem__projeto_61D3qtC.pdf", "ementa": "AUTORIZA ABERTURA DE CREDITO ESPECIAL NO VALOR DE R$4.000.00,00 (QUATRO MILH\u00d5ES DE REAIS ) JUNTO AO OR\u00c7AMENTO MUNICIPAL DE 2020, RECURSOS DE OPERA\u00c7\u00c3O DE CREDITO OBTIDOS DENTRO DO PROGRAMA DE EFICI\u00caNCIA MUNICIPAL, NA REALIZA\u00c7\u00c3O DE DESPESAS DE CAPITAL NO\r\n\u00c2MBITO DA SECRETARIA MUNICIPAL DE OBRAS E DA OUTRAS PROVIDENCIAS."}, {"id": "5511", "ano": "2020", "numero": "4", "tipo__sigla": "PLO", "tipo__descricao": "Projeto de Lei Ordin\u00e1ria", "autoria": "Edson Teixeira Filho", "texto_original": "http://sapl.uba.mg.leg.br/media/sapl/public/materialegislativa/2020/5511/mensagem__projeto.pdf", "ementa": "AUTORIZA ABERTURA DE CREDITO ESPECIAL NO VALOR DE R$6.000.00,00 (SEIS MILH\u00d5ES DE REAIS ) JUNTO AO OR\u00c7AMENTO MUNICIPAL DE 2020, RECURSOS DE OPERA\u00c7\u00c3O DE CREDITO OBTIDOS DENTRO DO PROGRAMA DE FINANCIAMENTO PARA INFRAESTRUTURA E SANEAMENTO-FINISA, NA REALIZA\u00c7\u00c3O DE DESPESAS DE CAPITAL NO \u00c2MBITO DA SECRETARIA MUNICIPAL DE OBRAS E DA OUTRAS PROVIDENCIAS."}, {"id": "5512", "ano": "2020", "numero": "5", "tipo__sigla": "PLO", "tipo__descricao": "Projeto de Lei Ordin\u00e1ria", "autoria": "Jorge Cust\u00f3dio Gerv\u00e1sio, Joseli An\u00edsio Pinto, Jos\u00e9 Roberto Reis Filgueiras", "texto_original": "http://sapl.uba.mg.leg.br/media/sapl/public/materialegislativa/2020/5512/projeto_jeibZ3K.pdf", "ementa": "Concede reajuste aos vencimentos b\u00e1sicos dos servidores p\u00fablicos da C\u00e2mara Municipal de Ub\u00e1 e cont\u00e9m outras disposi\u00e7\u00f5es."}, {"id": "5590", "ano": "2020", "numero": "6", "tipo__sigla": "PLO", "tipo__descricao": "Projeto de Lei Ordin\u00e1ria", "autoria": "Jos\u00e9 Roberto Reis Filgueiras", "texto_original": "http://sapl.uba.mg.leg.br/media/sapl/public/materialegislativa/2020/5590/projeto_zpNg2PM.pdf", "ementa": "Institui o \u201cPrograma Adote uma Lixeira\u201d no Munic\u00edpio de Ub\u00e1 e d\u00e1 outras provid\u00eancias."}, {"id": "5513", "ano": "2020", "numero": "7", "tipo__sigla": "PLO", "tipo__descricao": "Projeto de Lei Ordin\u00e1ria", "autoria": "Edson Teixeira Filho", "texto_original": "http://sapl.uba.mg.leg.br/media/sapl/public/materialegislativa/2020/5513/mensagem__projeto_Ykr8oKc.pdf", "ementa": "AUTORIZA O MUNIC\u00cdPIO DE UB\u00c1-MG A CONTRATAR COM O BANCO DE DESENVOLVIMENTO DE MINAS GERAIS S/A - BDMG, OPERA\u00c7\u00d5ES DE CR\u00c9DITO COM OUTORGA DE GARANTIA E D\u00c1 OUTRAS PROVID\u00caNCIAS."}, {"id": "5514", "ano": "2020", "numero": "8", "tipo__sigla": "PLO", "tipo__descricao": "Projeto de Lei Ordin\u00e1ria", "autoria": "Edson Teixeira Filho", "texto_original": "http://sapl.uba.mg.leg.br/media/sapl/public/materialegislativa/2020/5514/mensagem__projeto.pdf", "ementa": "Autoriza a abertura de Cr\u00e9dito Especial."}, {"id": "5515", "ano": "2020", "numero": "9", "tipo__sigla": "PLO", "tipo__descricao": "Projeto de Lei Ordin\u00e1ria", "autoria": "Edson Teixeira Filho", "texto_original": "http://sapl.uba.mg.leg.br/media/sapl/public/materialegislativa/2020/5515/mensagem__projeto.pdf", "ementa": "AUTORIZA ABERTURA DE CREDITO ESPECIAL NO VALOR DE R$10.800,00 (DEZ MIL E OITOCENTOS REAIS ) JUNTO AO OR\u00c7AMENTO MUNICIPAL DE 2020, PARA REALIZA\u00c7\u00c3O DE DESPESAS DE CUSTEIO NO \u00c2MBITO DA SECRETARIA MUNICIPAL DE ADMINISTRA\u00c7\u00c3O E SECRETARIA MUNICIPAL DE OBRAS E DA OUTRAS PROVIDENCIAS."}, {"id": "5580", "ano": "2020", "numero": "10", "tipo__sigla": "PLO", "tipo__descricao": "Projeto de Lei Ordin\u00e1ria", "autoria": "Jorge Cust\u00f3dio Gerv\u00e1sio", "texto_original": "http://sapl.uba.mg.leg.br/media/sapl/public/materialegislativa/2020/5580/projeto.pdf", "ementa": "Acrescenta o Art. 3\u00b0-A na Lei n\u00b0 4.746. de 2 de janeiro de 2020, que \"disp\u00f5e sobre a regulamenta\u00e7\u00e3o do aux\u00edlio-transporte aos servidores da C\u00e2mara Municipal de Ub\u00e1\"."}, {"id": "5591", "ano": "2020", "numero": "11", "tipo__sigla": "PLO", "tipo__descricao": "Projeto de Lei Ordin\u00e1ria", "autoria": "Jos\u00e9 Roberto Reis Filgueiras", "texto_original": "http://sapl.uba.mg.leg.br/media/sapl/public/materialegislativa/2020/5591/projeto_IS8y4LE.pdf", "ementa": "Disp\u00f5e sobre a afixa\u00e7\u00e3o de cartaz alertando sobre os perigos da automedica\u00e7\u00e3o em todas as farm\u00e1cias, drogarias e unidades de sa\u00fade particulares localizados no Munic\u00edpio de Ub\u00e1 e d\u00e1 outras provid\u00eancias."}, {"id": "5581", "ano": "2020", "numero": "12", "tipo__sigla": "PLO", "tipo__descricao": "Projeto de Lei Ordin\u00e1ria", "autoria": "Jane Cristina Lacerda Pinto, Jorge Cust\u00f3dio Gerv\u00e1sio, Joseli An\u00edsio Pinto", "texto_original": "http://sapl.uba.mg.leg.br/media/sapl/public/materialegislativa/2020/5581/projeto.pdf", "ementa": "Fixa o subs\u00eddio do Prefeito Vice-Prefeito e Secret\u00e1rios do Munic\u00edpio de Ub\u00e1 para a legislatura 2021/2024 e d\u00e1 outras provid\u00eancias."}, {"id": "5560", "ano": "2020", "numero": "13", "tipo__sigla": "PLO", "tipo__descricao": "Projeto de Lei Ordin\u00e1ria", "autoria": "Edson Teixeira Filho", "texto_original": "http://sapl.uba.mg.leg.br/media/sapl/public/materialegislativa/2020/5560/mensagem__projeto.pdf", "ementa": "Autoriza a suplementa\u00e7\u00e3o de auxilio financeiro destinado a Sociedade Ubaense de Artes e Oficios (Patronato S\u00e3o Jos\u00e9), de que trata a Lei Municipal n\u00b0 4.747, de 09 de janeiro de 2020."}, {"id": "5579", "ano": "2020", "numero": "14", "tipo__sigla": "PLO", "tipo__descricao": "Projeto de Lei Ordin\u00e1ria", "autoria": "Ros\u00e2ngela Maria Alfenas de Andrade", "texto_original": "http://sapl.uba.mg.leg.br/media/sapl/public/materialegislativa/2020/5579/projeto_aziOWam.pdf", "ementa": "Disp\u00f5e sobre a denomina\u00e7\u00e3o de Rua Francisco Xavier Pereira (Xax\u00e1), a logradouro p\u00fablico desta cidade."}, {"id": "5582", "ano": "2020", "numero": "15", "tipo__sigla": "PLO", "tipo__descricao": "Projeto de Lei Ordin\u00e1ria", "autoria": "Jos\u00e9 Roberto Reis Filgueiras", "texto_original": "http://sapl.uba.mg.leg.br/media/sapl/public/materialegislativa/2020/5582/projeto_SNWyhBX.pdf", "ementa": "Disp\u00f5e sobre a denomina\u00e7\u00e3o de Rua Expedito Delfino Mendes, na Col\u00f4nia Padre Dami\u00e3o, a logradouro p\u00fablico desta cidade."}, {"id": "5583", "ano": "2020", "numero": "16", "tipo__sigla": "PLO", "tipo__descricao": "Projeto de Lei Ordin\u00e1ria", "autoria": "Edeir Pacheco", "texto_original": "http://sapl.uba.mg.leg.br/media/sapl/public/materialegislativa/2020/5583/projeto_wHApnDZ.pdf", "ementa": "Institui o Dia Municipal de Conscientiza\u00e7\u00e3o e Enfrentamento a Fibromialgia no Munic\u00edpio de Ub\u00e1."}, {"id": "5584", "ano": "2020", "numero": "17", "tipo__sigla": "PLO", "tipo__descricao": "Projeto de Lei Ordin\u00e1ria", "autoria": "Edeir Pacheco", "texto_original": "http://sapl.uba.mg.leg.br/media/sapl/public/materialegislativa/2020/5584/projeto.pdf", "ementa": "Disp\u00f5e sobre atendimento aos portadores de Fibromialgia em filas preferenciais no munic\u00edpio de Ub\u00e1 e d\u00e1 outras provid\u00eancias."}, {"id": "5585", "ano": "2020", "numero": "18", "tipo__sigla": "PLO", "tipo__descricao": "Projeto de Lei Ordin\u00e1ria", "autoria": "Jorge Cust\u00f3dio Gerv\u00e1sio", "texto_original": "http://sapl.uba.mg.leg.br/media/sapl/public/materialegislativa/2020/5585/projeto_6hol9I7.pdf", "ementa": "Altera a Lei Municipal n\u00ba 2.422, de 28 de maio de 1993, que institui e regulamenta a Comenda Ary Barroso no Munic\u00edpio de Ub\u00e1."}, {"id": "5586", "ano": "2020", "numero": "19", "tipo__sigla": "PLO", "tipo__descricao": "Projeto de Lei Ordin\u00e1ria", "autoria": "Jorge Cust\u00f3dio Gerv\u00e1sio", "texto_original": "http://sapl.uba.mg.leg.br/media/sapl/public/materialegislativa/2020/5586/projeto_CguOHAx.pdf", "ementa": "Altera a Lei Municipal n\u00ba 3.099, de 25 de setembro de 2001, que institui e regulamenta as concess\u00f5es do T\u00edtulo de Cidadania Honor\u00e1ria de Ub\u00e1 e do T\u00edtulo de Personalidade Ubaense do Ano."}, {"id": "5628", "ano": "2020", "numero": "20", "tipo__sigla": "PLO", "tipo__descricao": "Projeto de Lei Ordin\u00e1ria", "autoria": "Edson Teixeira Filho", "texto_original": "http://sapl.uba.mg.leg.br/media/sapl/public/materialegislativa/2020/5628/mensagem_projeto.pdf", "ementa": "AUTORIZA ABERTURA DE CREDITO ESPECIAL NO VALOR DE R$462.632,73 (QUATROCENTOS E SESSENTA E DOIS MIL, SEISCENTOS E TRINTA E DOIS REAIS E SETENTA E TR\u00caS CENTAVOS ) JUNTO AO OR\u00c7AMENTO MUNICIPAL DE 2020, REFERENTE A TRANSFER\u00caNCIA DE RECURSOS DA AGEVAP PARA A ELABORA\u00c7\u00c3O DO PLANO MUNICIPAL DE GEST\u00c3O INTEGRADA-PMGIRS, NO \u00c2MBITO DA SECRETARIA MUNICIPAL DO AMBIENTE E MOBILIDADE URBANA E D\u00c1 OUTRAS PROVID\u00caNCIAS."}, {"id": "5629", "ano": "2020", "numero": "21", "tipo__sigla": "PLO", "tipo__descricao": "Projeto de Lei Ordin\u00e1ria", "autoria": "Edson Teixeira Filho", "texto_original": "http://sapl.uba.mg.leg.br/media/sapl/public/materialegislativa/2020/5629/mensagem__projeto.pdf", "ementa": "Autoriza o Poder Executivo a suplementar a Subven\u00e7\u00e3o Social destinada ao Bonsucesso Futebol Clube/EP, neste exerc\u00edcio."}, {"id": "5683", "ano": "2020", "numero": "22", "tipo__sigla": "PLO", "tipo__descricao": "Projeto de Lei Ordin\u00e1ria", "autoria": "Edson Teixeira Filho", "texto_original": "http://sapl.uba.mg.leg.br/media/sapl/public/materialegislativa/2020/5683/mensagem__projeto.pdf", "ementa": "AUTORIZA ABERTURA DE CREDITO ESPECIAL NO VALOR DE R$205.000,00 (DUZENTOS E CINCO MIL REAIS) AO OR\u00c7AMENTO MUNICIPAL DE 2020, RECURSOS DE CUSTEIO, ORIUNDOS DA SECRETARIA DO ESTADO DE SA\u00daDE, DESTINADOS A MANUTEN\u00c7\u00c3O DOS SERVI\u00c7OS DE MEDIA E ALTA\r\nCOMPLEXIDADE, NO \u00c2MBITO DA SECRETARIA MUNICIPAL DE SA\u00daDE/FUNDO MUNICIPAL DE SA\u00daDE E D\u00c1 OUTRAS PROVIDENCIAS."}, {"id": "5733", "ano": "2020", "numero": "23", "tipo__sigla": "PLO", "tipo__descricao": "Projeto de Lei Ordin\u00e1ria", "autoria": "Edson Teixeira Filho", "texto_original": "http://sapl.uba.mg.leg.br/media/sapl/public/materialegislativa/2020/5733/mensagem__projeto.pdf", "ementa": "AUTORIZA ABERTURA DE CREDITO ESPECIAL NO VALOR DE R$175.000,00 (CENTO E SETENTA E CINCO MIL REAIS) AO OR\u00c7AMENTO MUNICIPAL DE 2020, RECURSOS DESTINADOS A REALIZA\u00c7\u00c3O DE DESPESA DE CUSTEIO, NO \u00c2MBITO DA SECRETARIA MUNICIPAL DE OBRAS, E D\u00c1 OUTRAS PROVID\u00caNCIAS."}, {"id": "5684", "ano": "2020", "numero": "24", "tipo__sigla": "PLO", "tipo__descricao": "Projeto de Lei Ordin\u00e1ria", "autoria": "Edson Teixeira Filho", "texto_original": "http://sapl.uba.mg.leg.br/media/sapl/public/materialegislativa/2020/5684/mensagem__projeto_CLvu9av.pdf", "ementa": "Altera a reda\u00e7\u00e3o de dispositivos da Lei Municipal n\u00b0 4.545, de 24 de abril de 2018 e da Lei Municipal n\u00b0 4.673, de 16 de meio de 2019, concede remiss\u00e3o e isen\u00e7\u00e3o nos casos que espec\u00edfica e d\u00e1 outras provid\u00eancias."}, {"id": "5685", "ano": "2020", "numero": "25", "tipo__sigla": "PLO", "tipo__descricao": "Projeto de Lei Ordin\u00e1ria", "autoria": "Edson Teixeira Filho", "texto_original": "http://sapl.uba.mg.leg.br/media/sapl/public/materialegislativa/2020/5685/mensagem__projeto.pdf", "ementa": "AUTORIZA ABERTURA DE CREDITO ESPECIAL NO VALOR DE R$330.180,59 (TREZENTOS E TRINTA MIL, CENTO E OITENTA REAIS E CINQUENTA E NOVE CENTAVOS) AO OR\u00c7AMENTO MUNICIPAL DE 2020, RECUSO ORIUNDO DO MINIST\u00c9RIO DA SA\u00daDE, DESTINADO A REALIZA\u00c7\u00c3O DE DESPESA DE CUSTEIO, PARA REFOR\u00c7O DAS ACOES E SERVI\u00c7OS DE ENFRENTAMENTO DA EMERG\u00caNCIA -COVID-19, NO \u00c2MBITO DA SECRETARIA MUNICIPAL DE SA\u00daDE/FUNDO MUNICIPAL DE SA\u00daDE E D\u00c1 OUTRAS PROVID\u00caNCIAS."}, {"id": "5706", "ano": "2020", "numero": "26", "tipo__sigla": "PLO", "tipo__descricao": "Projeto de Lei Ordin\u00e1ria", "autoria": "Luis Carlos Teixeira Ribeiro", "texto_original": "http://sapl.uba.mg.leg.br/media/sapl/public/materialegislativa/2020/5706/projeto.pdf", "ementa": "Disp\u00f5e sobre a concess\u00e3o do T\u00edtulo de Cidadania Honor\u00e1ria de Ub\u00e1 ao Senhor Gustavo Deivid Paiva Mattedi."}, {"id": "5707", "ano": "2020", "numero": "27", "tipo__sigla": "PLO", "tipo__descricao": "Projeto de Lei Ordin\u00e1ria", "autoria": "Edson Teixeira Filho", "texto_original": "http://sapl.uba.mg.leg.br/media/sapl/public/materialegislativa/2020/5707/mensagem__projeto.pdf", "ementa": "AUTORIZA O MUNIC\u00cdPIO DE UB\u00c1 A TRANSFERIR RECURSOS DE SUBVEN\u00c7\u00c3O SOCIAL A ASSOCIA\u00c7\u00c3O DE PAIS E AMIGOS DOS EXCEPCIONAIS E A SOCIEDADE BENEFICENTE AN\u00c1LIA FRANCO, ORIUNDOS DE REPASSE DE EMENDA PARLAMENTAR AO OR\u00c7AMENTO DA UNI\u00c3O, REPASSADO AO FUNDO MUNICIPAL DE ASSIST\u00caNCIA SOCIAL, E DA OUTRAS PROVID\u00caNCIAS."}, {"id": "5734", "ano": "2020", "numero": "28", "tipo__sigla": "PLO", "tipo__descricao": "Projeto de Lei Ordin\u00e1ria", "autoria": "Edson Teixeira Filho", "texto_original": "http://sapl.uba.mg.leg.br/media/sapl/public/materialegislativa/2020/5734/mensagem__projeto.pdf", "ementa": "Disp\u00f5e sobre as diretrizes para elabora\u00e7\u00e3o da Lei Or\u00e7ament\u00e1ria do Munic\u00edpio de Ub\u00e1 para o exerc\u00edcio de 2021 e d\u00e1 outras provid\u00eancias. (LDO 2021)"}, {"id": "5789", "ano": "2020", "numero": "29", "tipo__sigla": "PLO", "tipo__descricao": "Projeto de Lei Ordin\u00e1ria", "autoria": "Jos\u00e9 Roberto Reis Filgueiras", "texto_original": "http://sapl.uba.mg.leg.br/media/sapl/public/materialegislativa/2020/5789/projeto.pdf", "ementa": "Disp\u00f5e sobre a concess\u00e3o da Comenda Ary Barroso ao Senhor Gilberto Teixeira Pereira Coelho."}, {"id": "5790", "ano": "2020", "numero": "30", "tipo__sigla": "PLO", "tipo__descricao": "Projeto de Lei Ordin\u00e1ria", "autoria": "Jos\u00e9 Roberto Reis Filgueiras", "texto_original": "http://sapl.uba.mg.leg.br/media/sapl/public/materialegislativa/2020/5790/projeto.pdf", "ementa": "Disp\u00f5e sobre a concess\u00e3o do T\u00edtulo de Cidadania Honor\u00e1ria de Ub\u00e1 ao Pastor Bruno lsaque Almada Pinheiro."}, {"id": "5791", "ano": "2020", "numero": "31", "tipo__sigla": "PLO", "tipo__descricao": "Projeto de Lei Ordin\u00e1ria", "autoria": "Edson Teixeira Filho", "texto_original": "http://sapl.uba.mg.leg.br/media/sapl/public/materialegislativa/2020/5791/mensagem__projeto_xaV1aVd.pdf", "ementa": "AUTORIZA ABERTURA DE CR\u00c9DITO ESPECIAL NO VALOR DE R$63.634,00 (SESSENTA E TR\u00caS MIL, SEISCENTOS E TRINTA E QUATRO REAIS) AO OR\u00c7AMENTO MUNICIPAL DE 2020, RECURSO ORIUNDO DO MINIST\u00c9RIO DA SA\u00daDE, DESTINADO A CONTRIBUI\u00c7\u00c3O SOCIAL PARA INCREMENTO TEMPOR\u00c1RIO AO CUSTEIO DOS SERVI\u00c7OS DE ASSIST\u00caNCIA HOSPITALAR E AMBULATORIAL, NO \u00c2MBITO DA SECRETARIA MUNICIPAL DE MUNICIPAL DE SA\u00daDE/FUNDO MUNICIPAL DE SA\u00daDE E D\u00c1 OUTRAS PROVID\u00caNCIAS."}, {"id": "5843", "ano": "2020", "numero": "32", "tipo__sigla": "PLO", "tipo__descricao": "Projeto de Lei Ordin\u00e1ria", "autoria": "Edson Teixeira Filho", "texto_original": "http://sapl.uba.mg.leg.br/media/sapl/public/materialegislativa/2020/5843/mensagem__projeto.pdf", "ementa": "AUTORIZA ABERTURA DE CR\u00c9DITO ESPECIAL NO VALOR DE R$ 998.389,14 (NOVECENTOS E NOVENTA E OITO MIL, TREZENTOS E OITENTA E NOVE REAIS E QUATORZE CENTAVOS) AO OR\u00c7AMENTO MUNICIPAL DE 2020, RECURSOS OBTIDOS JUNTO AO GOVERNO FEDERAL POR INTERM\u00c9DIO DA AG\u00caNCIA NACIONAL DE \u00c1GUAS \u2013 ANA, DESTINADO \u00c0 REVITALIZA\u00c7\u00c3O AMBIENTAL, ORIUNDO DO PROJETO DENOMINADO \"PRODUTORES DE \u00c1GUA DE UB\u00c1\u201d, NO \u00c2MBITO DA SECRETARIA MUNICIPAL DO AMBIENTE E MOBILIDADE URBANA E D\u00c1 OUTRAS PROVID\u00caNCIAS."}, {"id": "5921", "ano": "2020", "numero": "33", "tipo__sigla": "PLO", "tipo__descricao": "Projeto de Lei Ordin\u00e1ria", "autoria": "Edson Teixeira Filho", "texto_original": "http://sapl.uba.mg.leg.br/media/sapl/public/materialegislativa/2020/5921/mensagem__projeto.pdf", "ementa": "AUTORIZA O PODER EXECUTIVO A OUTORGAR CESS\u00c3O DE USO DE IM\u00d3VEL P\u00daBLICO AO INSTITUTO FEDERAL DE EDUCA\u00c7\u00c3O, CI\u00caNCIA E TECNOLOGIA DO SUDESTE DE MINAS GERAIS, DESTINADO AO FUNCIONAMENTO DO CAMPUS AVAN\u00c7ADO DO IF SUDESTE DE MINAS GERAIS, E D\u00c1 OUTRAS\r\nDISPOSI\u00c7\u00d5ES."}, {"id": "5922", "ano": "2020", "numero": "34", "tipo__sigla": "PLO", "tipo__descricao": "Projeto de Lei Ordin\u00e1ria", "autoria": "Edson Teixeira Filho", "texto_original": "http://sapl.uba.mg.leg.br/media/sapl/public/materialegislativa/2020/5922/mensagem__projeto.pdf", "ementa": "Disp\u00f5e sobre a reformula\u00e7\u00e3o do Conselho Municipal e o Fundo Municipal de Promo\u00e7\u00e3o da Igualdade Racial de Ub\u00e1 e d\u00e1 outras provid\u00eancias."}, {"id": "5923", "ano": "2020", "numero": "35", "tipo__sigla": "PLO", "tipo__descricao": "Projeto de Lei Ordin\u00e1ria", "autoria": "Edson Teixeira Filho", "texto_original": "http://sapl.uba.mg.leg.br/media/sapl/public/materialegislativa/2020/5923/mensagem__projeto.pdf", "ementa": "Altera a reda\u00e7\u00e3o de dispositivos da Lei Municipal n\u00b0 4.545, de 24 de abril de 2018 e da Lei Municipal n\u00b0 4.673, de 16 de maio de 2019, concede remiss\u00e3o\r\ne isen\u00e7\u00e3o nos casos que especifica e de outras provid\u00eancias."}, {"id": "5924", "ano": "2020", "numero": "36", "tipo__sigla": "PLO", "tipo__descricao": "Projeto de Lei Ordin\u00e1ria", "autoria": "Edson Teixeira Filho", "texto_original": "http://sapl.uba.mg.leg.br/media/sapl/public/materialegislativa/2020/5924/mensagem__projeto.pdf", "ementa": "Autoriza a abertura de cr\u00e9ditos adicionais especiais ao Or\u00e7amento Municipal de 2020, no \u00e2mbito do Fundo Municipal de Assist\u00eancia Social, e d\u00e1 outras provid\u00eancias."}, {"id": "5925", "ano": "2020", "numero": "37", "tipo__sigla": "PLO", "tipo__descricao": "Projeto de Lei Ordin\u00e1ria", "autoria": "Edson Teixeira Filho", "texto_original": "http://sapl.uba.mg.leg.br/media/sapl/public/materialegislativa/2020/5925/mensagem__projeto.pdf", "ementa": "Autoriza o Poder Executivo a conceder subven\u00e7\u00e3o social ao Asilo S\u00e3o Vicente de Paulo, desta cidade, no importe de R$ 79.186,00, e cont\u00e9m outras\r\ndisposi\u00e7\u00f5es."}, {"id": "5897", "ano": "2020", "numero": "38", "tipo__sigla": "PLO", "tipo__descricao": "Projeto de Lei Ordin\u00e1ria", "autoria": "Edson Teixeira Filho", "texto_original": "http://sapl.uba.mg.leg.br/media/sapl/public/materialegislativa/2020/5897/mensagem__projeto.pdf", "ementa": "SUSPENDE, NA FORMA DO ART. 9\u00b0, CAPUT E \u00a7 20 DA LEI COMPLEMENTAR FEDERAL N\u00b0 173, DE 27 DE MAIO DE 2020, O RECOLHIMENTO DAS CONTRIBUI\u00c7\u00d5ES PREVIDENCI\u00c1RIAS PATRONAIS DO MUNIC\u00cdPIO, DEVIDO AO REGIME PR\u00d3PRIO DE PREVID\u00caNCIA SOCIAL DOS SERVIDORES P\u00daBLICOS DO MUNIC\u00cdPIO DE UB\u00c1, E D\u00c1 OUTRAS PROVID\u00caNCIAS."}, {"id": "6088", "ano": "2020", "numero": "39", "tipo__sigla": "PLO", "tipo__descricao": "Projeto de Lei Ordin\u00e1ria", "autoria": "Jorge Cust\u00f3dio Gerv\u00e1sio", "texto_original": "http://sapl.uba.mg.leg.br/media/sapl/public/materialegislativa/2020/6088/projeto.pdf", "ementa": "Disp\u00f5e sobre a concess\u00e3o do T\u00edtulo de Personalidade Ubaense do Ano de 2020 ao Sr. \u00c1ureo Cal\u00e7ado Barbosa."}, {"id": "5891", "ano": "2020", "numero": "40", "tipo__sigla": "PLO", "tipo__descricao": "Projeto de Lei Ordin\u00e1ria", "autoria": "Luis Carlos Teixeira Ribeiro", "texto_original": "http://sapl.uba.mg.leg.br/media/sapl/public/materialegislativa/2020/5891/projeto.pdf", "ementa": "Disp\u00f5e sobre a concess\u00e3o da Comenda Ary Barroso ao Senhor Jo\u00e3o Batista Coutinho."}, {"id": "5892", "ano": "2020", "numero": "41", "tipo__sigla": "PLO", "tipo__descricao": "Projeto de Lei Ordin\u00e1ria", "autoria": "Edson Teixeira Filho", "texto_original": "http://sapl.uba.mg.leg.br/media/sapl/public/materialegislativa/2020/5892/mensagem__projeto.pdf", "ementa": "Disp\u00f5e sobre a cria\u00e7\u00e3o da Escola Municipal Professor Francisco Arthidoro da Costa."}, {"id": "5893", "ano": "2020", "numero": "42", "tipo__sigla": "PLO", "tipo__descricao": "Projeto de Lei Ordin\u00e1ria", "autoria": "Edson Teixeira Filho", "texto_original": "http://sapl.uba.mg.leg.br/media/sapl/public/materialegislativa/2020/5893/mensagem__projeto_RU7XV6k.pdf", "ementa": "Autoriza abertura de cr\u00e9dito especial no valor de R$ 1.071.124,00 (um milh\u00e3o, setenta e um mil, cento e vinte e quatro reais e setenta centavo) ao Or\u00e7amento Municipal de 2020, recursos de custeio e de capital, oriundos da Secretaria do Estado de Educa\u00e7\u00e3o, destinados \u00e0 manuten\u00e7\u00e3o dos servi\u00e7os do ensino fundamental, no \u00e2mbito da Secretaria Municipal de Educa\u00e7\u00e3o, e d\u00e1 outras provid\u00eancias."}, {"id": "5894", "ano": "2020", "numero": "43", "tipo__sigla": "PLO", "tipo__descricao": "Projeto de Lei Ordin\u00e1ria", "autoria": "Edson Teixeira Filho", "texto_original": "http://sapl.uba.mg.leg.br/media/sapl/public/materialegislativa/2020/5894/mensagem__projeto.pdf", "ementa": "Autoriza o Poder Executivo a conceder subven\u00e7\u00e3o social \u00e0 Sociedade Ubaense de Artes e Of\u00edcios - Casa da Crian\u00e7a, neste exerc\u00edcio, no limite de R$ 84.155,67, e cont\u00e9m outras disposi\u00e7\u00f5es."}, {"id": "5895", "ano": "2020", "numero": "44", "tipo__sigla": "PLO", "tipo__descricao": "Projeto de Lei Ordin\u00e1ria", "autoria": "Jorge Cust\u00f3dio Gerv\u00e1sio", "texto_original": "http://sapl.uba.mg.leg.br/media/sapl/public/materialegislativa/2020/5895/projeto.pdf", "ementa": "Disp\u00f5e sobre a concess\u00e3o da Comenda Ary Barroso ao Senhor Haroldo Magalh\u00e3es de Almeida."}, {"id": "6001", "ano": "2020", "numero": "45", "tipo__sigla": "PLO", "tipo__descricao": "Projeto de Lei Ordin\u00e1ria", "autoria": "Luis Carlos Teixeira Ribeiro", "texto_original": "http://sapl.uba.mg.leg.br/media/sapl/public/materialegislativa/2020/6001/projeto.pdf", "ementa": "Disp\u00f5e sobre a concess\u00e3o do Titulo de Cidadania Honor\u00e1ria de Ub\u00e1 ao Senhor Everton Xavier da Concei\u00e7\u00e3o."}, {"id": "5979", "ano": "2020", "numero": "46", "tipo__sigla": "PLO", "tipo__descricao": "Projeto de Lei Ordin\u00e1ria", "autoria": "Edson Teixeira Filho", "texto_original": "http://sapl.uba.mg.leg.br/media/sapl/public/materialegislativa/2020/5979/mensagem__projeto.pdf", "ementa": "Autoriza abertura de cr\u00e9ditos especiais no valor de R$ 120.000,00 (cento e vinte mil reais) ao Or\u00e7amento Municipal de 2020, recurso oriundo do Fundo Estadual de Sa\u00fade, destinado ao Desafio Jovem de Ub\u00e1 e N\u00facleo Regional de Volunt\u00e1rios de Combate ao C\u00e2ncer."}, {"id": "5978", "ano": "2020", "numero": "47", "tipo__sigla": "PLO", "tipo__descricao": "Projeto de Lei Ordin\u00e1ria", "autoria": "Edson Teixeira Filho", "texto_original": "http://sapl.uba.mg.leg.br/media/sapl/public/materialegislativa/2020/5978/mensagem__projeto.pdf", "ementa": "Autoriza a abertura de cr\u00e9dito adicional especial ao Or\u00e7amento Municipal de 2020, no limite de R$ 60.000,00, no \u00e2mbito do Fundo Municipal de Sa\u00fade, destinado \u00e0 Irmandade de Nossa Senhora da Sa\u00fade, e cont\u00e9m outras disposi\u00e7\u00f5es."}, {"id": "5976", "ano": "2020", "numero": "48", "tipo__sigla": "PLO", "tipo__descricao": "Projeto de Lei Ordin\u00e1ria", "autoria": "Edson Teixeira Filho", "texto_original": "http://sapl.uba.mg.leg.br/media/sapl/public/materialegislativa/2020/5976/mensagem__projeto.pdf", "ementa": "Autoriza a concess\u00e3o de subsidio tarif\u00e1rio tempor\u00e1rio ao Transporte Publico Coletivo Urbano de Passageiros no Munic\u00edpio de Ub\u00e1, para manuten\u00e7\u00e3o do servi\u00e7o adequado, em raz\u00e3o das medidas de enfrentamento ao Coronav\u00edrus SARS-CoV-2 (Covid-19)."}, {"id": "5997", "ano": "2020", "numero": "49", "tipo__sigla": "PLO", "tipo__descricao": "Projeto de Lei Ordin\u00e1ria", "autoria": "Jorge Cust\u00f3dio Gerv\u00e1sio", "texto_original": "http://sapl.uba.mg.leg.br/media/sapl/public/materialegislativa/2020/5997/projeto.pdf", "ementa": "Disp\u00f5e sobre a denomina\u00e7\u00e3o de Vila Rita da Silva Pereira, em Liga\u00e7\u00e3o, a logradouro publico desta cidade.\r\n(Disp\u00f5e sobre a denomina\u00e7\u00e3o de Rua Jos\u00e9 Carlos Pereira, em Liga\u00e7\u00e3o, a logradouro p\u00fablico desta cidade.)"}, {"id": "5998", "ano": "2020", "numero": "50", "tipo__sigla": "PLO", "tipo__descricao": "Projeto de Lei Ordin\u00e1ria", "autoria": "Darci Pires da Silva", "texto_original": "http://sapl.uba.mg.leg.br/media/sapl/public/materialegislativa/2020/5998/projeto.pdf", "ementa": "Disp\u00f5e sobre a concess\u00e3o do Titulo de Cidadania Honor\u00e1ria de Ub\u00e1 a Mission\u00e1ria Maria Oliveira Mariano."}, {"id": "5999", "ano": "2020", "numero": "51", "tipo__sigla": "PLO", "tipo__descricao": "Projeto de Lei Ordin\u00e1ria", "autoria": "Darci Pires da Silva", "texto_original": "http://sapl.uba.mg.leg.br/media/sapl/public/materialegislativa/2020/5999/projeto.pdf", "ementa": "Disp\u00f5e sobre a concess\u00e3o da Comenda Ary Barroso ao Pastor Raimundo Teodoro da Silva."}, {"id": "6000", "ano": "2020", "numero": "52", "tipo__sigla": "PLO", "tipo__descricao": "Projeto de Lei Ordin\u00e1ria", "autoria": "Gilson Fazolla Filgueiras", "texto_original": "http://sapl.uba.mg.leg.br/media/sapl/public/materialegislativa/2020/6000/projeto.pdf", "ementa": "Disp\u00f5e sobre a concess\u00e3o da Comenda Ary Barroso ao Senhor Jo\u00e3o da Silva Gato."}, {"id": "5987", "ano": "2020", "numero": "53", "tipo__sigla": "PLO", "tipo__descricao": "Projeto de Lei Ordin\u00e1ria", "autoria": "Joseli An\u00edsio Pinto", "texto_original": "http://sapl.uba.mg.leg.br/media/sapl/public/materialegislativa/2020/5987/projeto.pdf", "ementa": "Disp\u00f5e sobre a concess\u00e3o do T\u00edtulo de Cidadania Honor\u00e1ria de Ub\u00e1 ao Senhor Jo\u00e3o Ara\u00fajo de Andrade."}, {"id": "5988", "ano": "2020", "numero": "54", "tipo__sigla": "PLO", "tipo__descricao": "Projeto de Lei Ordin\u00e1ria", "autoria": "Alexandre de Barros Mendes", "texto_original": "http://sapl.uba.mg.leg.br/media/sapl/public/materialegislativa/2020/5988/projeto.pdf", "ementa": "Disp\u00f5e sobre a concess\u00e3o do T\u00edtulo de Cidadania Honor\u00e1ria de Ub\u00e1 ao Senhor Jo\u00e3o Gomes Junior."}, {"id": "5989", "ano": "2020", "numero": "55", "tipo__sigla": "PLO", "tipo__descricao": "Projeto de Lei Ordin\u00e1ria", "autoria": "Alexandre de Barros Mendes", "texto_original": "http://sapl.uba.mg.leg.br/media/sapl/public/materialegislativa/2020/5989/projeto.pdf", "ementa": "Disp\u00f5e sobre a concess\u00e3o da Comenda Ary Barroso ao Senhor Jos\u00e9 Carlos Gomes Teixeira."}, {"id": "5990", "ano": "2020", "numero": "56", "tipo__sigla": "PLO", "tipo__descricao": "Projeto de Lei Ordin\u00e1ria", "autoria": "Gilson Fazolla Filgueiras", "texto_original": "http://sapl.uba.mg.leg.br/media/sapl/public/materialegislativa/2020/5990/projeto.pdf", "ementa": "Disp\u00f5e sobre a concess\u00e3o do Titulo de Cidadania Honoraria de Ub\u00e1 a Senhora Soraia Vieira de Queiroz."}, {"id": "5991", "ano": "2020", "numero": "57", "tipo__sigla": "PLO", "tipo__descricao": "Projeto de Lei Ordin\u00e1ria", "autoria": "Antero Gomes de Aguiar", "texto_original": "http://sapl.uba.mg.leg.br/media/sapl/public/materialegislativa/2020/5991/projeto.pdf", "ementa": "Disp\u00f5e sobre a concess\u00e3o do T\u00edtulo de Cidadania Honor\u00e1ria de Ub\u00e1 ao Senhor Francisco Gon\u00e7alves Pereira."}, {"id": "5992", "ano": "2020", "numero": "58", "tipo__sigla": "PLO", "tipo__descricao": "Projeto de Lei Ordin\u00e1ria", "autoria": "Antero Gomes de Aguiar", "texto_original": "http://sapl.uba.mg.leg.br/media/sapl/public/materialegislativa/2020/5992/projeto.pdf", "ementa": "Disp\u00f5e sobre a concess\u00e3o da Comenda Ary Barroso a Senhora Oradia Ant\u00f4nia Rocha."}, {"id": "5993", "ano": "2020", "numero": "59", "tipo__sigla": "PLO", "tipo__descricao": "Projeto de Lei Ordin\u00e1ria", "autoria": "Ros\u00e2ngela Maria Alfenas de Andrade", "texto_original": "http://sapl.uba.mg.leg.br/media/sapl/public/materialegislativa/2020/5993/projeto.pdf", "ementa": "Disp\u00f5e sobre a concess\u00e3o da Comenda Ary Barroso a Senhora Marilene de F\u00e1tima Arruda Alves."}, {"id": "5994", "ano": "2020", "numero": "60", "tipo__sigla": "PLO", "tipo__descricao": "Projeto de Lei Ordin\u00e1ria", "autoria": "Ros\u00e2ngela Maria Alfenas de Andrade", "texto_original": "http://sapl.uba.mg.leg.br/media/sapl/public/materialegislativa/2020/5994/projeto.pdf", "ementa": "Disp\u00f5e sobre a concess\u00e3o do Titulo de Cidadania Honor\u00e1ria de Ub\u00e1 a Deputada Estadual Ione Pinheiro."}, {"id": "5977", "ano": "2020", "numero": "61", "tipo__sigla": "PLO", "tipo__descricao": "Projeto de Lei Ordin\u00e1ria", "autoria": "Edson Teixeira Filho", "texto_original": "http://sapl.uba.mg.leg.br/media/sapl/public/materialegislativa/2020/5977/mensagem__projeto.pdf", "ementa": "Autoriza abertura de cr\u00e9dito especial no valor de R$ 5.000,00 (cinco mil reais) ao Or\u00e7amento Municipal de 2020, destinado ao pagamento de senten\u00e7a judicial, no \u00e2mbito da Secretaria Municipal de Finan\u00e7as e d\u00e1 outras provid\u00eancias."}, {"id": "6085", "ano": "2020", "numero": "62", "tipo__sigla": "PLO", "tipo__descricao": "Projeto de Lei Ordin\u00e1ria", "autoria": "Jorge Cust\u00f3dio Gerv\u00e1sio", "texto_original": "http://sapl.uba.mg.leg.br/media/sapl/public/materialegislativa/2020/6085/projeto.pdf", "ementa": "Disp\u00f5e sobre a concess\u00e3o do T\u00edtulo de Cidadania Honor\u00e1ria de Ub\u00e1 ao Senhor Jacques de Moura Pacheco."}, {"id": "6086", "ano": "2020", "numero": "63", "tipo__sigla": "PLO", "tipo__descricao": "Projeto de Lei Ordin\u00e1ria", "autoria": "Edeir Pacheco", "texto_original": "http://sapl.uba.mg.leg.br/media/sapl/public/materialegislativa/2020/6086/projeto.pdf", "ementa": "Disp\u00f5e sobre a concess\u00e3o do T\u00edtulo de Cidadania Honor\u00e1ria de Ub\u00e1 ao Padre Volnei Ferreira Noro."}, {"id": "6087", "ano": "2020", "numero": "64", "tipo__sigla": "PLO", "tipo__descricao": "Projeto de Lei Ordin\u00e1ria", "autoria": "Edeir Pacheco", "texto_original": "http://sapl.uba.mg.leg.br/media/sapl/public/materialegislativa/2020/6087/projeto.pdf", "ementa": "Disp\u00f5e sobre a concess\u00e3o da Comenda Ary Barroso ao Senhor Guttemberg Souza Filho."}, {"id": "6049", "ano": "2020", "numero": "65", "tipo__sigla": "PLO", "tipo__descricao": "Projeto de Lei Ordin\u00e1ria", "autoria": "Edson Teixeira Filho", "texto_original": "http://sapl.uba.mg.leg.br/media/sapl/public/materialegislativa/2020/6049/mensagem__projeto.pdf", "ementa": "Autoriza o Poder Executivo a conceder subven\u00e7\u00e3o social ao asilo S\u00e3o Vicente de Paulo, desta cidade, para a\u00e7\u00f5es emergenciais de preven\u00e7\u00e3o e combate ao Covid-19."}, {"id": "6050", "ano": "2020", "numero": "66", "tipo__sigla": "PLO", "tipo__descricao": "Projeto de Lei Ordin\u00e1ria", "autoria": "Edson Teixeira Filho", "texto_original": "http://sapl.uba.mg.leg.br/media/sapl/public/materialegislativa/2020/6050/mensagem__projeto.pdf", "ementa": "Convalida altera\u00e7\u00e3o de c\u00f3digo de a\u00e7\u00e3o mencionado pela Lei n\u00b0 4.773, de 09 de junho de 2020."}, {"id": "6051", "ano": "2020", "numero": "67", "tipo__sigla": "PLO", "tipo__descricao": "Projeto de Lei Ordin\u00e1ria", "autoria": "Edson Teixeira Filho", "texto_original": "http://sapl.uba.mg.leg.br/media/sapl/public/materialegislativa/2020/6051/mensagem__projeto.pdf", "ementa": "Autoriza o Poder Executivo a adquirir im\u00f3vel mediante permuta, e d\u00e1 outras provid\u00eancias."}, {"id": "6210", "ano": "2020", "numero": "68", "tipo__sigla": "PLO", "tipo__descricao": "Projeto de Lei Ordin\u00e1ria", "autoria": "Edson Teixeira Filho", "texto_original": "http://sapl.uba.mg.leg.br/media/sapl/public/materialegislativa/2020/6210/mensagem__projeto.pdf", "ementa": "Autoriza o Poder Executivo a suplementar a subven\u00e7\u00e3o social destinada a Irmandade Nossa Senhora da Sa\u00fade, neste exerc\u00edcio."}, {"id": "6211", "ano": "2020", "numero": "69", "tipo__sigla": "PLO", "tipo__descricao": "Projeto de Lei Ordin\u00e1ria", "autoria": "Darci Pires da Silva", "texto_original": "http://sapl.uba.mg.leg.br/media/sapl/public/materialegislativa/2020/6211/projeto.pdf", "ementa": "Disp\u00f5e sobre a caracteriza\u00e7\u00e3o de celebra\u00e7\u00f5es religiosas como atividades essenciais em estado de emerg\u00eancia e/ou estado de calamidade p\u00fablica."}, {"id": "6285", "ano": "2020", "numero": "70", "tipo__sigla": "PLO", "tipo__descricao": "Projeto de Lei Ordin\u00e1ria", "autoria": "Jorge Cust\u00f3dio Gerv\u00e1sio", "texto_original": "http://sapl.uba.mg.leg.br/media/sapl/public/materialegislativa/2020/6285/projeto.pdf", "ementa": "Disp\u00f5e sobre a denomina\u00e7\u00e3o de Vila Rita da Silva Pereira, em Liga\u00e7\u00e3o, a logradouro p\u00fablico desta cidade."}, {"id": "6286", "ano": "2020", "numero": "71", "tipo__sigla": "PLO", "tipo__descricao": "Projeto de Lei Ordin\u00e1ria", "autoria": "Edson Teixeira Filho", "texto_original": "http://sapl.uba.mg.leg.br/media/sapl/public/materialegislativa/2020/6286/projeto.pdf", "ementa": "Autoriza o Poder Executivo a celebrar contrato de cess\u00e3o de uso de \u00e1rea em im\u00f3vel p\u00fablico para a Superintend\u00eancia Regional de Meio Ambiente da Zona da Mata - SUPRAM/ZM, \u00f3rg\u00e3o integrante da Secretaria de Estado de Meio Ambiente e Desenvolvimento Sustent\u00e1vel do Estado de Minas Gerais."}, {"id": "6318", "ano": "2020", "numero": "72", "tipo__sigla": "PLO", "tipo__descricao": "Projeto de Lei Ordin\u00e1ria", "autoria": "Edson Teixeira Filho", "texto_original": "http://sapl.uba.mg.leg.br/media/sapl/public/materialegislativa/2020/6318/mensagem__projeto.pdf", "ementa": "Convalida altera\u00e7\u00e3o da Fonte e DR-Destina\u00e7\u00e3o de Recursos mencionado pela Lei n\u00b0 4.781, de 30 de junho de 2020."}, {"id": "6326", "ano": "2020", "numero": "73", "tipo__sigla": "PLO", "tipo__descricao": "Projeto de Lei Ordin\u00e1ria", "autoria": "Edson Teixeira Filho", "texto_original": "http://sapl.uba.mg.leg.br/media/sapl/public/materialegislativa/2020/6326/mensagem__projeto.pdf", "ementa": "Autoriza a abertura de Cr\u00e9dito Adicional Especial no valor de R$ 780.000,00 (setecentos de oitenta mil reais), junto ao or\u00e7amento municipal de 2020, recursos oriundo do Minist\u00e9rio da Sa\u00fade, destinado ao enfretamento da emerg\u00eancia de sa\u00fade, em virtude da pandemia do COVID 1, no \u00e2mbito da Secretaria Municipal de Sa\u00fade/Fundo Municipal  de Sa\u00fade e d\u00e1 outras provid\u00eancias."}, {"id": "6317", "ano": "2020", "numero": "74", "tipo__sigla": "PLO", "tipo__descricao": "Projeto de Lei Ordin\u00e1ria", "autoria": "Edson Teixeira Filho", "texto_original": "http://sapl.uba.mg.leg.br/media/sapl/public/materialegislativa/2020/6317/projeto_consolidado.pdf", "ementa": "Estabelece proposta or\u00e7ament\u00e1ria, estimando a receita e fixando a despesa do munic\u00edpio de ub\u00e1 para o exerc\u00edcio de 2021. (LOA 2021)"}, {"id": "6347", "ano": "2020", "numero": "75", "tipo__sigla": "PLO", "tipo__descricao": "Projeto de Lei Ordin\u00e1ria", "autoria": "Edson Teixeira Filho", "texto_original": "http://sapl.uba.mg.leg.br/media/sapl/public/materialegislativa/2020/6347/projeto_de_lei_075.pdf", "ementa": "Disp\u00f5e sobre a contrata\u00e7\u00e3o por tempo determinado para atender a necessidade tempor\u00e1ria de excepcional interesse p\u00fablico, nos termos do Incisco IX do Art 37 da Constitui\u00e7\u00e3o Federal, e d\u00e1 outras provid\u00eancias."}, {"id": "6375", "ano": "2020", "numero": "76", "tipo__sigla": "PLO", "tipo__descricao": "Projeto de Lei Ordin\u00e1ria", "autoria": "Edson Teixeira Filho", "texto_original": "http://sapl.uba.mg.leg.br/media/sapl/public/materialegislativa/2020/6375/projeto_de_lei_076.pdf", "ementa": "Institui o servi\u00e7o de plant\u00e3o de 24 horas das farm\u00e1cias e drogarias no mun\u00edcipio de Ub\u00e1 e d\u00e1 outras provid\u00eancias."}, {"id": "6376", "ano": "2020", "numero": "77", "tipo__sigla": "PLO", "tipo__descricao": "Projeto de Lei Ordin\u00e1ria", "autoria": "Edson Teixeira Filho", "texto_original": "http://sapl.uba.mg.leg.br/media/sapl/public/materialegislativa/2020/6376/mensagem__projeto.pdf", "ementa": "Autoriza o Poder Executivo a suplementar a dota\u00e7\u00e3o or\u00e7ament\u00e1ria aberta pelo Decreto 6.388, autorizada pela Lei Municipal 4.768, de 5 de maio de 2020, destinada a despesa de custeio no enfretamento da emerg\u00eancia da COVID-19 e d\u00e1 outras provid\u00eancias."}, {"id": "6433", "ano": "2020", "numero": "78", "tipo__sigla": "PLO", "tipo__descricao": "Projeto de Lei Ordin\u00e1ria", "autoria": "Edson Teixeira Filho", "texto_original": "http://sapl.uba.mg.leg.br/media/sapl/public/materialegislativa/2020/6433/mensagem__projeto.pdf", "ementa": "Autoriza o Poder Executivo a adquirir im\u00f3vel mediante permuta, e d\u00e1 outras provid\u00eancias."}, {"id": "6434", "ano": "2020", "numero": "79", "tipo__sigla": "PLO", "tipo__descricao": "Projeto de Lei Ordin\u00e1ria", "autoria": "Edson Teixeira Filho", "texto_original": "http://sapl.uba.mg.leg.br/media/sapl/public/materialegislativa/2020/6434/mensagem__projeto.pdf", "ementa": "Autoriza o Poder Executivo a suplementar dota\u00e7\u00e3o referente a Subven\u00e7\u00e3o Social destinada a Sociedade Ubaense de Prote\u00e7\u00e3o aos Animais, tendo como fonte de recursos a anula\u00e7\u00e3o de dota\u00e7\u00e3o de valor equivalente referente a Aux\u00edlio Financeiro destinado a mesma entidade."}, {"id": "6471", "ano": "2020", "numero": "80", "tipo__sigla": "PLO", "tipo__descricao": "Projeto de Lei Ordin\u00e1ria", "autoria": "Luis Carlos Teixeira Ribeiro", "texto_original": "http://sapl.uba.mg.leg.br/media/sapl/public/materialegislativa/2020/6471/projeto.pdf", "ementa": "Disp\u00f5e sobre a denomina\u00e7\u00e3o de Rua Jos\u00e9 Mauricio de Souza, no Bairro San Raphael II, a logradouro p\u00fablico desta cidade."}, {"id": "6472", "ano": "2020", "numero": "81", "tipo__sigla": "PLO", "tipo__descricao": "Projeto de Lei Ordin\u00e1ria", "autoria": "Luis Carlos Teixeira Ribeiro", "texto_original": "http://sapl.uba.mg.leg.br/media/sapl/public/materialegislativa/2020/6472/projeto.pdf", "ementa": "Disp\u00f5e sobre a denomina\u00e7\u00e3o de Rua Maria de F\u00e1tima Alexandre Gordiano, no Bairro San Raphael II, a logradouro p\u00fablico desta cidade."}, {"id": "6473", "ano": "2020", "numero": "82", "tipo__sigla": "PLO", "tipo__descricao": "Projeto de Lei Ordin\u00e1ria", "autoria": "Edson Teixeira Filho", "texto_original": "http://sapl.uba.mg.leg.br/media/sapl/public/materialegislativa/2020/6473/mensagem__projeto.pdf", "ementa": "Autoriza o Poder Executivo a repassar recursos ao Movimento Cultural S\u00e3o Jos\u00e9, para manuten\u00e7\u00e3o de bem tombado, e d\u00e1 outras provid\u00eancias."}, {"id": "6474", "ano": "2020", "numero": "83", "tipo__sigla": "PLO", "tipo__descricao": "Projeto de Lei Ordin\u00e1ria", "autoria": "Edson Teixeira Filho", "texto_original": "http://sapl.uba.mg.leg.br/media/sapl/public/materialegislativa/2020/6474/mensagem__projeto.pdf", "ementa": "Disp\u00f5e sobre a altera\u00e7\u00e3o do anexo de metas fiscais e do anexo de metas e prioridades, ambos integrantes das Diretrizes Or\u00e7ament\u00e1rias para o exerc\u00edcio de 2021, institu\u00eddas pela Lei Municipal n\u00ba 4.790/2020, e d\u00e1 outras provid\u00eancias."}, {"id": "6480", "ano": "2020", "numero": "84", "tipo__sigla": "PLO", "tipo__descricao": "Projeto de Lei Ordin\u00e1ria", "autoria": "Edson Teixeira Filho", "texto_original": "http://sapl.uba.mg.leg.br/media/sapl/public/materialegislativa/2020/6480/mensagem__projeto.pdf", "ementa": "Disp\u00f5e sobre a altera\u00e7\u00e3o dos programas, objetivos e metas da Administra\u00e7\u00e3o Municipal referente ao Plano Plurianual do quadri\u00eanio 2018-2021, institu\u00eddo pela Lei Municipal n\u00ba 4.525/2017, e d\u00e1 outras provid\u00eancias."}, {"id": "6547", "ano": "2020", "numero": "85", "tipo__sigla": "PLO", "tipo__descricao": "Projeto de Lei Ordin\u00e1ria", "autoria": "Edson Teixeira Filho", "texto_original": "http://sapl.uba.mg.leg.br/media/sapl/public/materialegislativa/2020/6547/mensagem__projeto.pdf", "ementa": "Autoriza o Poder Executivo a conceder, no exerc\u00edcio de 2021, subven\u00e7\u00f5es sociais, aux\u00edlios financeiros e transfer\u00eancias as entidades que espec\u00edfica e d\u00e1 outras provid\u00eancias."}, {"id": "6773", "ano": "2020", "numero": "86", "tipo__sigla": "PLO", "tipo__descricao": "Projeto de Lei Ordin\u00e1ria", "autoria": "Edson Teixeira Filho", "texto_original": "http://sapl.uba.mg.leg.br/media/sapl/public/materialegislativa/2020/6773/mensagem__projeto.pdf", "ementa": "Autoriza o Poder Executivo a conceder nova subven\u00e7\u00e3o social, no exerc\u00edcio de 2020, \u00e0 Associa\u00e7\u00e3o Beneficente Cat\u00f3lica/Hospital Santa Isabel, decorrente de emenda parlamentar, e cont\u00e9m outras provid\u00eancias."}, {"id": "6830", "ano": "2020", "numero": "87", "tipo__sigla": "PLO", "tipo__descricao": "Projeto de Lei Ordin\u00e1ria", "autoria": "Gilson Fazolla Filgueiras", "texto_original": "http://sapl.uba.mg.leg.br/media/sapl/public/materialegislativa/2020/6830/projeto.pdf", "ementa": "Disp\u00f5e sobre a denomina\u00e7\u00e3o de Rua Rubens Gr\u00f4ppo, no Bairro Jardim In\u00eas Gr\u00f4ppo, a logradouro p\u00fablico desta cidade."}, {"id": "6815", "ano": "2020", "numero": "88", "tipo__sigla": "PLO", "tipo__descricao": "Projeto de Lei Ordin\u00e1ria", "autoria": "Edson Teixeira Filho", "texto_original": "http://sapl.uba.mg.leg.br/media/sapl/public/materialegislativa/2020/6815/projeto.pdf", "ementa": "Autoriza abertura de cr\u00e9dito especial no valor de R$ 115.790,00 (cento e quinze mil setecentos e noventa reais) ao or\u00e7amento municipal de 2020, no \u00e2mbito da Secretaria Municipal de Obras e d\u00e1 outras provid\u00eancias."}, {"id": "6831", "ano": "2020", "numero": "89", "tipo__sigla": "PLO", "tipo__descricao": "Projeto de Lei Ordin\u00e1ria", "autoria": "Alexandre de Barros Mendes", "texto_original": "http://sapl.uba.mg.leg.br/media/sapl/public/materialegislativa/2020/6831/projeto.pdf", "ementa": "Declara como essenciais os servi\u00e7os prestados por academias de gin\u00e1stica e similares durante a decreta\u00e7\u00e3o de calamidade p\u00fablica e/ou estado de emerg\u00eancia, e d\u00e1 outras provid\u00eancias."}, {"id": "6861", "ano": "2020", "numero": "90", "tipo__sigla": "PLO", "tipo__descricao": "Projeto de Lei Ordin\u00e1ria", "autoria": "Edeir Pacheco", "texto_original": "http://sapl.uba.mg.leg.br/media/sapl/public/materialegislativa/2020/6861/projeto.pdf", "ementa": "Autoriza o Munic\u00edpio de Ub\u00e1 a repassar os recursos financeiros \u00e0s pessoas jur\u00eddicas que menciona."}, {"id": "5588", "ano": "2020", "numero": "1", "tipo__sigla": "PRE", "tipo__descricao": "Projeto de Resolu\u00e7\u00e3o", "autoria": "Jane Cristina Lacerda Pinto, Jorge Cust\u00f3dio Gerv\u00e1sio, Luis Carlos Teixeira Ribeiro", "texto_original": "http://sapl.uba.mg.leg.br/media/sapl/public/materialegislativa/2020/5588/projeto.pdf", "ementa": "Regulamenta o Programa de Capacita\u00e7\u00e3o dos Servidores da C\u00e2mara Municipal disposto no art. 34 da Lei Complementar n\u00ba 199/2019 e d\u00e1 outras provid\u00eancias."}, {"id": "5589", "ano": "2020", "numero": "2", "tipo__sigla": "PRE", "tipo__descricao": "Projeto de Resolu\u00e7\u00e3o", "autoria": "Jane Cristina Lacerda Pinto, Jorge Cust\u00f3dio Gerv\u00e1sio, Luis Carlos Teixeira Ribeiro", "texto_original": "http://sapl.uba.mg.leg.br/media/sapl/public/materialegislativa/2020/5589/projeto.pdf", "ementa": "Disp\u00f5e sobre o Regimento lnterno da Escola do Legislativo da C\u00e2mara Municipal de Ub\u00e1."}, {"id": "5592", "ano": "2020", "numero": "3", "tipo__sigla": "PRE", "tipo__descricao": "Projeto de Resolu\u00e7\u00e3o", "autoria": "", "texto_original": "http://sapl.uba.mg.leg.br/media/sapl/public/materialegislativa/2020/5592/projeto.pdf", "ementa": "Altera os Par\u00e1grafos 1\u00ba, 2\u00ba e 3\u00ba do Art. 179 do Regimento Interno da C\u00e2mara Municipal de Ub\u00e1."}, {"id": "5735", "ano": "2020", "numero": "4", "tipo__sigla": "PRE", "tipo__descricao": "Projeto de Resolu\u00e7\u00e3o", "autoria": "Jane Cristina Lacerda Pinto, Jorge Cust\u00f3dio Gerv\u00e1sio, Luis Carlos Teixeira Ribeiro", "texto_original": "http://sapl.uba.mg.leg.br/media/sapl/public/materialegislativa/2020/5735/projeto.pdf", "ementa": "Acrescenta \u00a77\u00ba e \u00a78\u00ba ao Art. 74 do Regimento Interno da C\u00e2mara Municipal de Ub\u00e1."}, {"id": "5766", "ano": "2020", "numero": "5", "tipo__sigla": "PRE", "tipo__descricao": "Projeto de Resolu\u00e7\u00e3o", "autoria": "Jane Cristina Lacerda Pinto, Jorge Cust\u00f3dio Gerv\u00e1sio, Luis Carlos Teixeira Ribeiro", "texto_original": "http://sapl.uba.mg.leg.br/media/sapl/public/materialegislativa/2020/5766/projeto.pdf", "ementa": "Institui ritos de procedimentos para a realiza\u00e7\u00e3o de sess\u00f5es ordin\u00e1rias e extraordin\u00e1rias, na modalidade remota, no \u00e2mbito da C\u00e2mara Municipal de\r\nUb\u00e1/MG, a serem utilizados durante o estado de calamidade p\u00fablica ou estado de emerg\u00eancia decretados no munic\u00edpio."}, {"id": "6774", "ano": "2020", "numero": "6", "tipo__sigla": "PRE", "tipo__descricao": "Projeto de Resolu\u00e7\u00e3o", "autoria": "Jane Cristina Lacerda Pinto, Jorge Cust\u00f3dio Gerv\u00e1sio, Luis Carlos Teixeira Ribeiro", "texto_original": "http://sapl.uba.mg.leg.br/media/sapl/public/materialegislativa/2020/6774/projeto.pdf", "ementa": "Altera a reda\u00e7\u00e3o dos Arts. 46, 47, 48, 49, 50, 51, 51A e 51B e acrescenta Art. 51C no Regimento Interno da C\u00e2mara Municipal de Ub\u00e1."}, {"id": "6775", "ano": "2020", "numero": "7", "tipo__sigla": "PRE", "tipo__descricao": "Projeto de Resolu\u00e7\u00e3o", "autoria": "", "texto_original": "http://sapl.uba.mg.leg.br/media/sapl/public/materialegislativa/2020/6775/projeto.pdf", "ementa": "Altera e revoga dispositivos que tratam das reuni\u00f5es secretas no Regimento Interno da C\u00e2mara Municipal de Ub\u00e1."}, {"id": "5553", "ano": "2020", "numero": "1", "tipo__sigla": "REP", "tipo__descricao": "Representa\u00e7\u00e3o", "autoria": "Gilson Fazolla Filgueiras, Edeir Pacheco", "texto_original": "http://sapl.uba.mg.leg.br/media/sapl/public/materialegislativa/2020/5553/representacao_001.pdf", "ementa": "\u00c0 ENERGISA,  solicitando estudos t\u00e9cnicos que verifiquem a possibilidade de mudan\u00e7a de um poste na rua Domingos Ferro, bairro Industrial"}, {"id": "5554", "ano": "2020", "numero": "2", "tipo__sigla": "REP", "tipo__descricao": "Representa\u00e7\u00e3o", "autoria": "Jorge Cust\u00f3dio Gerv\u00e1sio", "texto_original": "http://sapl.uba.mg.leg.br/media/sapl/public/materialegislativa/2020/5554/representacao_002_ecp.pdf", "ementa": "\u00c0 ECP Engenharia, solicitando a coloca\u00e7\u00e3o de cont\u00eaineres ou tambores de lixo nas ruas do bairro Santa Edwiges II"}, {"id": "5555", "ano": "2020", "numero": "3", "tipo__sigla": "REP", "tipo__descricao": "Representa\u00e7\u00e3o", "autoria": "Jos\u00e9 Roberto Reis Filgueiras", "texto_original": "http://sapl.uba.mg.leg.br/media/sapl/public/materialegislativa/2020/5555/representacao_003_cop.pdf", "ementa": "\u00c0 COPASA, solicitando recomposi\u00e7\u00e3o asf\u00e1ltica em dois buracos decorrentes de obra realizada pela empresa, em frente aos n\u00fameros 56 e 66 da Rua Irlanda, bairro Fazendinha"}, {"id": "5556", "ano": "2020", "numero": "4", "tipo__sigla": "REP", "tipo__descricao": "Representa\u00e7\u00e3o", "autoria": "Jos\u00e9 Roberto Reis Filgueiras", "texto_original": "http://sapl.uba.mg.leg.br/media/sapl/public/materialegislativa/2020/5556/representacao_004_cop.pdf", "ementa": "\u00c0 COPASA, solicitando a recomposi\u00e7\u00e3o asf\u00e1ltica em buracos decorrentes de obra da empresa, em frente ao n\u00famero 60 da Rua Santa Edwiges, bairro Schiavon"}, {"id": "5557", "ano": "2020", "numero": "5", "tipo__sigla": "REP", "tipo__descricao": "Representa\u00e7\u00e3o", "autoria": "Alexandre de Barros Mendes", "texto_original": "http://sapl.uba.mg.leg.br/media/sapl/public/materialegislativa/2020/5557/representacao_005_ecp.pdf", "ementa": "\u00c0 ECP, solicitando a coloca\u00e7\u00e3o de cont\u00eaineres ou tambores de lixo na Col\u00f4nia Padre Dami\u00e3o e Povoados Boa Vista e S\u00e3o Domingos"}, {"id": "5572", "ano": "2020", "numero": "6", "tipo__sigla": "REP", "tipo__descricao": "Representa\u00e7\u00e3o", "autoria": "Jos\u00e9 Roberto Reis Filgueiras", "texto_original": "http://sapl.uba.mg.leg.br/media/sapl/public/materialegislativa/2020/5572/representacao_006.pdf", "ementa": "\u00c0 Copasa, solicitando recomposi\u00e7\u00e3o da pavimenta\u00e7\u00e3o asf\u00e1ltica em buracos decorrentes de obra realizada pela Companhia, em frente ao n\u00ba 172 da rua Cec\u00edlia Buzato Marcos, bairro Ponte Preta."}, {"id": "5573", "ano": "2020", "numero": "7", "tipo__sigla": "REP", "tipo__descricao": "Representa\u00e7\u00e3o", "autoria": "Jos\u00e9 Roberto Reis Filgueiras", "texto_original": "http://sapl.uba.mg.leg.br/media/sapl/public/materialegislativa/2020/5573/representacao_007.pdf", "ementa": "\u00c0 Copasa, solicitando recomposi\u00e7\u00e3o da pavimenta\u00e7\u00e3o asf\u00e1ltica em buracos decorrentes de obra realizada pela Companhia, em frente ao n\u00ba 32 da rua Arlindo da Silva Costa, bairro Schiavon"}, {"id": "5574", "ano": "2020", "numero": "8", "tipo__sigla": "REP", "tipo__descricao": "Representa\u00e7\u00e3o", "autoria": "Jos\u00e9 Roberto Reis Filgueiras", "texto_original": "http://sapl.uba.mg.leg.br/media/sapl/public/materialegislativa/2020/5574/representacao_008.pdf", "ementa": "\u00c0 ECP, solicitando a coloca\u00e7\u00e3o de dois cont\u00eaineres ou tambores de lixo pr\u00f3ximo ao n\u00ba 214 da rua Ant\u00f4nio Carlos Caiaffa, bairro Primavera"}, {"id": "5575", "ano": "2020", "numero": "9", "tipo__sigla": "REP", "tipo__descricao": "Representa\u00e7\u00e3o", "autoria": "Jos\u00e9 Roberto Reis Filgueiras", "texto_original": "http://sapl.uba.mg.leg.br/media/sapl/public/materialegislativa/2020/5575/representacao_009.pdf", "ementa": "\u00c0 ECP, solicitando a coloca\u00e7\u00e3o de cont\u00eaineres ou tambores de lixo pr\u00f3ximo ao n\u00ba 157 da rua Dr. Fecas, bairro Eldorado"}, {"id": "5601", "ano": "2020", "numero": "10", "tipo__sigla": "REP", "tipo__descricao": "Representa\u00e7\u00e3o", "autoria": "Antero Gomes de Aguiar", "texto_original": "http://sapl.uba.mg.leg.br/media/sapl/public/materialegislativa/2020/5601/representacao_010.pdf", "ementa": "\u00c1 Via\u00e7\u00e3o Ub\u00e1, solicitando abertura de uma linha de \u00f4nibus do bairro Mangueira Rural para o Centro, fazendo o trajeto: Mangueira Rural/ Meu Sonho/ Olaria/ Ponte Preta/ Paulino Fernandes/ In\u00eas Groppo/ Rodovi\u00e1ria"}, {"id": "5618", "ano": "2020", "numero": "11", "tipo__sigla": "REP", "tipo__descricao": "Representa\u00e7\u00e3o", "autoria": "Jorge Cust\u00f3dio Gerv\u00e1sio", "texto_original": "http://sapl.uba.mg.leg.br/media/sapl/public/materialegislativa/2020/5618/representacao_011.pdf", "ementa": "\u00c0 ECP:  coloca\u00e7\u00e3o de dois cont\u00eaineres ou tambores de lixo no trecho compreendido entre os n\u00fameros 540 e 590 da rua Manoel Casal, bairro Vila Casal, a pedido do Presidente da C\u00e2mara da Melhor Idade, Sr. Roberto Garcia Alves Filho, e dos moradores locais"}, {"id": "5619", "ano": "2020", "numero": "12", "tipo__sigla": "REP", "tipo__descricao": "Representa\u00e7\u00e3o", "autoria": "Gilson Fazolla Filgueiras", "texto_original": "http://sapl.uba.mg.leg.br/media/sapl/public/materialegislativa/2020/5619/representacao_012.pdf", "ementa": "\u00c0 COPASA: solicitando o reparo do cal\u00e7amento de pedra fincada em buracos decorrentes de obra realizada pela Companhia, em frente ao n\u00ba 163 da rua Titita Batalha, bairro Noeme Batalha."}, {"id": "5620", "ano": "2020", "numero": "13", "tipo__sigla": "REP", "tipo__descricao": "Representa\u00e7\u00e3o", "autoria": "Jos\u00e9 Roberto Reis Filgueiras", "texto_original": "http://sapl.uba.mg.leg.br/media/sapl/public/materialegislativa/2020/5620/representacao_013.pdf", "ementa": "\u00c0 Caixa Econ\u00f4mica Federal, solicitando informa\u00e7\u00f5es sobre a manuten\u00e7\u00e3o das vias e das edifica\u00e7\u00f5es do conjunto habitacional Solar de Ub\u00e1."}, {"id": "5626", "ano": "2020", "numero": "14", "tipo__sigla": "REP", "tipo__descricao": "Representa\u00e7\u00e3o", "autoria": "Jorge Cust\u00f3dio Gerv\u00e1sio, Joseli An\u00edsio Pinto", "texto_original": "http://sapl.uba.mg.leg.br/media/sapl/public/materialegislativa/2020/5626/representacao_014.pdf", "ementa": "Correspond\u00eancia a ser entregue ao Deputado Federal Rodrigo Batista, solicitando que seja analisada a possiblidade de destina\u00e7\u00e3o de recursos ao munic\u00edpio de Ub\u00e1, especificamente para a Coordenadoria de Prote\u00e7\u00e3o e Defesa Civil, que permitam a realiza\u00e7\u00e3o de obras de infraestrutura preventivas, de forma a evitar, ou pelo menos minimizar, o estrago causado pelas chuvas em nossa cidade."}, {"id": "5627", "ano": "2020", "numero": "15", "tipo__sigla": "REP", "tipo__descricao": "Representa\u00e7\u00e3o", "autoria": "Antero Gomes de Aguiar", "texto_original": "http://sapl.uba.mg.leg.br/media/sapl/public/materialegislativa/2020/5627/representacao_015.pdf", "ementa": "\u00c0 COPASA solicitando finaliza\u00e7\u00e3o do conserto de obra, aberta pela empresa h\u00e1 alguns meses, na Rua Sebasti\u00e3o Paiva Soares \u2013 S\u00e3o Domingos e que , com as chuvas, expandiu-se com uma cratera por baixo da obra."}, {"id": "5651", "ano": "2020", "numero": "16", "tipo__sigla": "REP", "tipo__descricao": "Representa\u00e7\u00e3o", "autoria": "Gilson Fazolla Filgueiras", "texto_original": "http://sapl.uba.mg.leg.br/media/sapl/public/materialegislativa/2020/5651/representacao_016.pdf", "ementa": "\u00c0 ger\u00eancia local da Copasa solicitando que seja feita a recomposi\u00e7\u00e3o asf\u00e1ltica em um buraco decorrente de obra realizada pela Companhia, na rua Coronel Otaviano da Rocha, bairro S\u00e3o Domingos.\r\nRequer ainda que c\u00f3pia desta Representa\u00e7\u00e3o seja encaminhada \u00e0 Prefeitura para ci\u00eancia, solicitando a devida fiscaliza\u00e7\u00e3o do cumprimento dos servi\u00e7os previstos no Contrato firmado entre o munic\u00edpio e a Copasa."}, {"id": "5638", "ano": "2020", "numero": "17", "tipo__sigla": "REP", "tipo__descricao": "Representa\u00e7\u00e3o", "autoria": "Gilson Fazolla Filgueiras", "texto_original": "http://sapl.uba.mg.leg.br/media/sapl/public/materialegislativa/2020/5638/representacao_017.pdf", "ementa": "\u00c0 ger\u00eancia local da Copasa - tapamento e a recomposi\u00e7\u00e3o asf\u00e1ltica em um buraco decorrente de obra realizada pela Companhia, na rua Adolfo Pereira Cortez, bairro S\u00e3o Domingos."}, {"id": "5639", "ano": "2020", "numero": "18", "tipo__sigla": "REP", "tipo__descricao": "Representa\u00e7\u00e3o", "autoria": "Edeir Pacheco", "texto_original": "http://sapl.uba.mg.leg.br/media/sapl/public/materialegislativa/2020/5639/representacao_018.pdf", "ementa": "\u00c0 ger\u00eancia local da Copasa - reforma da rede de esgoto numa \u00e1rea de servid\u00e3o existente no bairro Conc\u00f3rdia."}, {"id": "5654", "ano": "2020", "numero": "19", "tipo__sigla": "REP", "tipo__descricao": "Representa\u00e7\u00e3o", "autoria": "Jorge Cust\u00f3dio Gerv\u00e1sio", "texto_original": "http://sapl.uba.mg.leg.br/media/sapl/public/materialegislativa/2020/5654/representaouo_019.pdf", "ementa": "Ao PROCON, solicitando a fiscaliza\u00e7\u00e3o de todos os supermercados da cidade durante o per\u00edodo de calamidade p\u00fablica causado pelo covid-19, pois existem diversas den\u00fancias de moradores informando que alguns estabelecimentos est\u00e3o se aproveitando do momento para praticar pre\u00e7os abusivos e, algumas vezes, sequer informando o valor dos produtos nas prateleiras."}, {"id": "5673", "ano": "2020", "numero": "20", "tipo__sigla": "REP", "tipo__descricao": "Representa\u00e7\u00e3o", "autoria": "Ademir da Fonseca Firmiano", "texto_original": "http://sapl.uba.mg.leg.br/media/sapl/public/materialegislativa/2020/5673/representacao_020.pdf", "ementa": "\u00c0 ger\u00eancia local da Copasa solicitando que realize o tratamento de toda a rede de \u00e1gua e esgoto da comunidade do Tanquinho."}, {"id": "5674", "ano": "2020", "numero": "21", "tipo__sigla": "REP", "tipo__descricao": "Representa\u00e7\u00e3o", "autoria": "Ademir da Fonseca Firmiano", "texto_original": "http://sapl.uba.mg.leg.br/media/sapl/public/materialegislativa/2020/5674/representacao_021.pdf", "ementa": "Ao Coordenador Regional do DEER/MG, solicitando a limpeza da Rodovia Ub\u00e1-Divin\u00e9sia, no trecho pr\u00f3ximo \u00e0 comunidade do Tanquinho."}, {"id": "5675", "ano": "2020", "numero": "22", "tipo__sigla": "REP", "tipo__descricao": "Representa\u00e7\u00e3o", "autoria": "Ademir da Fonseca Firmiano", "texto_original": "http://sapl.uba.mg.leg.br/media/sapl/public/materialegislativa/2020/5675/representacao_022.pdf", "ementa": "\u00c0s empresas prestadoras de servi\u00e7o de telefonia m\u00f3vel locais, para solicitar-lhes a instala\u00e7\u00e3o de uma torre de celular nas proximidades do Tanquinho."}, {"id": "5676", "ano": "2020", "numero": "23", "tipo__sigla": "REP", "tipo__descricao": "Representa\u00e7\u00e3o", "autoria": "Jos\u00e9 Roberto Reis Filgueiras", "texto_original": "http://sapl.uba.mg.leg.br/media/sapl/public/materialegislativa/2020/5676/representacao_023.pdf", "ementa": "\u00c0  diretoria do Cons\u00f3rcio Intermunicipal de Sa\u00fade de Ub\u00e1 e Regi\u00e3o-SIMSA\u00daDE, solicitando apoio e capta\u00e7\u00e3o de recursos, junto aos munic\u00edpios consorciados e que s\u00e3o atendidos pelas institui\u00e7\u00f5es de sa\u00fade de nossa cidade, a serem destinados \u00e0 Secretaria Municipal de Sa\u00fade de Ub\u00e1 para aquisi\u00e7\u00e3o dos insumos necess\u00e1rios, objetivando ajudar o munic\u00edpio a ter uma estrutura melhor para preven\u00e7\u00e3o, atendimento e combate ao coronav\u00edrus (covid-19)."}, {"id": "5682", "ano": "2020", "numero": "24", "tipo__sigla": "REP", "tipo__descricao": "Representa\u00e7\u00e3o", "autoria": "Jos\u00e9 Roberto Reis Filgueiras", "texto_original": "http://sapl.uba.mg.leg.br/media/sapl/public/materialegislativa/2020/5682/representacao_024.pdf", "ementa": "\u00c0 Copasa solicitando a suspens\u00e3o da cobran\u00e7a da taxa de esgoto nos pr\u00f3ximos 02 meses, em todas as regi\u00f5es afetadas pela enchente ocorrida no \u00faltimo dia 07 de abril em nossa cidade.\r\n\r\n(A numera\u00e7\u00e3o desta proposi\u00e7\u00e3o \u00e9 24 e n\u00e3o 23 como consta do arquivo pdf)"}, {"id": "5703", "ano": "2020", "numero": "25", "tipo__sigla": "REP", "tipo__descricao": "Representa\u00e7\u00e3o", "autoria": "Edeir Pacheco", "texto_original": "http://sapl.uba.mg.leg.br/media/sapl/public/materialegislativa/2020/5703/representacao_025.pdf", "ementa": "\u00c0 ger\u00eancia local da ECP Engenharia solicitando estudo para que o caminh\u00e3o que faz a coleta no bairro Palmeiras passe tamb\u00e9m \u00e0s segundas-feiras, devido ao grande volume de lixo."}, {"id": "5704", "ano": "2020", "numero": "26", "tipo__sigla": "REP", "tipo__descricao": "Representa\u00e7\u00e3o", "autoria": "Edeir Pacheco", "texto_original": "http://sapl.uba.mg.leg.br/media/sapl/public/materialegislativa/2020/5704/representacao_026.pdf", "ementa": "\u00c0 ger\u00eancia local da ECP Engenharia solicitando coloca\u00e7\u00e3o de um cont\u00eainer de lixo na rua Passos, pr\u00f3ximo ao n\u00ba 86, no bairro Santana."}, {"id": "5705", "ano": "2020", "numero": "27", "tipo__sigla": "REP", "tipo__descricao": "Representa\u00e7\u00e3o", "autoria": "Edeir Pacheco", "texto_original": "http://sapl.uba.mg.leg.br/media/", "ementa": "Ao PROCON solicitando informa\u00e7\u00f5es de como est\u00e1 sendo realizada a fiscaliza\u00e7\u00e3o dos pre\u00e7os nesse per\u00edodo, em especial os pre\u00e7os dos combust\u00edveis."}, {"id": "5727", "ano": "2020", "numero": "28", "tipo__sigla": "REP", "tipo__descricao": "Representa\u00e7\u00e3o", "autoria": "Jorge Cust\u00f3dio Gerv\u00e1sio", "texto_original": "http://sapl.uba.mg.leg.br/media/sapl/public/materialegislativa/2020/5727/representacao_028.pdf", "ementa": "\u00c0 ger\u00eancia local da Copasa solicitando que seja feita a finaliza\u00e7\u00e3o da rede de abastecimento de \u00e1gua da rua Luiz Sperandio, bairro Mangueira Rural."}, {"id": "5728", "ano": "2020", "numero": "29", "tipo__sigla": "REP", "tipo__descricao": "Representa\u00e7\u00e3o", "autoria": "Jos\u00e9 Roberto Reis Filgueiras", "texto_original": "http://sapl.uba.mg.leg.br/media/sapl/public/materialegislativa/2020/5728/representacao_029.pdf", "ementa": "\u00c0 ger\u00eancia da ECP Engenharia Ltda, solicitando que providencie a coloca\u00e7\u00e3o de dois tambores de lixo em frente ao n\u00ba 860 da r Mauri Martins de Oliveira, b. Santa Bernadete."}, {"id": "5729", "ano": "2020", "numero": "30", "tipo__sigla": "REP", "tipo__descricao": "Representa\u00e7\u00e3o", "autoria": "Jorge Cust\u00f3dio Gerv\u00e1sio", "texto_original": "http://sapl.uba.mg.leg.br/media/sapl/public/materialegislativa/2020/5729/representacao_030.pdf", "ementa": "Ao Governador de Minas Gerais, solicitando a prorroga\u00e7\u00e3o do prazo de pagamento do IPVA, pelo prazo de 90 (noventa) dias, dadas as dificuldades financeiras que os propriet\u00e1rios atravessam em nosso munic\u00edpio."}, {"id": "5752", "ano": "2020", "numero": "31", "tipo__sigla": "REP", "tipo__descricao": "Representa\u00e7\u00e3o", "autoria": "Luis Carlos Teixeira Ribeiro", "texto_original": "http://sapl.uba.mg.leg.br/media/sapl/public/materialegislativa/2020/5752/representacao_031.pdf", "ementa": "Ao Secret\u00e1rio de Planejamento e Gest\u00e3o de Minas Gerais solicitando a instala\u00e7\u00e3o de uma Unidade de Atendimento Integrado na cidade de Ub\u00e1, onde sejam previstos os servi\u00e7os de emiss\u00e3o de carteira de identidade e CPF, consulta de multas, carteira de trabalho, antecedentes criminais, t\u00edtulo de eleitor, SINE e outras importantes demandas de natureza p\u00fablica para atender popula\u00e7\u00e3o de Ub\u00e1 e regi\u00e3o"}, {"id": "5753", "ano": "2020", "numero": "32", "tipo__sigla": "REP", "tipo__descricao": "Representa\u00e7\u00e3o", "autoria": "Jos\u00e9 Roberto Reis Filgueiras", "texto_original": "http://sapl.uba.mg.leg.br/media/sapl/public/materialegislativa/2020/5753/representacao_032.pdf", "ementa": "\u00c0 ECP Engenharia, solicitando avalia\u00e7\u00e3o da possibilidade de passagem do caminh\u00e3o de coleta do lixo nas ruas Floriano Peixoto e Jos\u00e9 Fernandes, ambas no bairro Encosta do Sol, a pedido dos moradores"}, {"id": "5754", "ano": "2020", "numero": "33", "tipo__sigla": "REP", "tipo__descricao": "Representa\u00e7\u00e3o", "autoria": "Gilson Fazolla Filgueiras", "texto_original": "http://sapl.uba.mg.leg.br/media/sapl/public/materialegislativa/2020/5754/representacao_033.pdf", "ementa": "\u00c0 Copasa, solicitando que realize o tapamento de um buraco pr\u00f3ximo ao n\u00ba 357, na rua Jos\u00e9 Augusto Marcos, bairro Olaria"}, {"id": "5755", "ano": "2020", "numero": "34", "tipo__sigla": "REP", "tipo__descricao": "Representa\u00e7\u00e3o", "autoria": "Edeir Pacheco", "texto_original": "http://sapl.uba.mg.leg.br/media/sapl/public/materialegislativa/2020/5755/representacao_034.pdf", "ementa": "\u00c0 COPASA, solicitando o nivelamento do cal\u00e7amento danificado ap\u00f3s obra de reparo da rede de esgoto realizado pela companhia na rua Coronel J\u00falio Soares, bairro Caxang\u00e1"}, {"id": "5756", "ano": "2020", "numero": "36", "tipo__sigla": "REP", "tipo__descricao": "Representa\u00e7\u00e3o", "autoria": "Edeir Pacheco", "texto_original": "http://sapl.uba.mg.leg.br/media/sapl/public/materialegislativa/2020/5756/representacao_036.pdf", "ementa": "\u00c0 ECP Engenharia, solicitando a coloca\u00e7\u00e3o de dois cont\u00eaineres de lixo na esquina da rua Francisca Batalha com a rua Silv\u00e9rio Amaral, bairro Noeme Batalha"}, {"id": "5780", "ano": "2020", "numero": "38", "tipo__sigla": "REP", "tipo__descricao": "Representa\u00e7\u00e3o", "autoria": "", "texto_original": "http://sapl.uba.mg.leg.br/media/sapl/public/materialegislativa/2020/5780/representacao_038.pdf", "ementa": "\u00c0 ger\u00eancia local da Energisa solicitando que realize a poda de \u00e1rvores que se encontram em contato com a rede de alta tens\u00e3o, causando curtos-circuitos, pr\u00f3ximo ao n\u00ba 635 da rua Manoel Casal, bairro Vila Casal."}, {"id": "5770", "ano": "2020", "numero": "39", "tipo__sigla": "REP", "tipo__descricao": "Representa\u00e7\u00e3o", "autoria": "", "texto_original": "http://sapl.uba.mg.leg.br/media/sapl/public/materialegislativa/2020/5770/representacao_039.pdf", "ementa": "\u00c0 ger\u00eancia da Via\u00e7\u00e3o Ub\u00e1 solicitando que, no per\u00edodo de paralisa\u00e7\u00e3o escolar em virtude da pandemia do covid-19, a empresa mantenha pelo menos 03 linhas de \u00f4nibus (de manh\u00e3/no almo\u00e7o/no fim da tarde) para atender a comunidade do Tanquinho, que engloba os bairros Jo\u00e3o Teixeira, Jos\u00e9 Cavaliere e Jardim Esperan\u00e7a, pois os moradores dessa regi\u00e3o est\u00e3o sem transporte p\u00fablico para se locomoverem de casa para o trabalho ou vice-versa."}, {"id": "5781", "ano": "2020", "numero": "40", "tipo__sigla": "REP", "tipo__descricao": "Representa\u00e7\u00e3o", "autoria": "", "texto_original": "http://sapl.uba.mg.leg.br/media/sapl/public/materialegislativa/2020/5781/representacao_040.pdf", "ementa": "\u00e0 ger\u00eancia local da Energisa solicitando que analise a possibilidade de retomar o atendimento presencial, ainda que em hor\u00e1rio reduzido, e/ou disponibilizar um quantidade maior de linhas telef\u00f4nicas para as demandas da popula\u00e7\u00e3o de Ub\u00e1."}, {"id": "5786", "ano": "2020", "numero": "41", "tipo__sigla": "REP", "tipo__descricao": "Representa\u00e7\u00e3o", "autoria": "", "texto_original": "http://sapl.uba.mg.leg.br/media/sapl/public/materialegislativa/2020/5786/representacao_041.pdf", "ementa": "\u00c0 ger\u00eancia local da Copasa, solicitando que realize o tapamento de um buraco, decorrente de obra realizada pela companhia h\u00e1 mais de 01 ano, na esquina da rua Celina Micherif Vieira com a rua Francisco Teixeira de Abreu, bairro Palmeiras."}, {"id": "5817", "ano": "2020", "numero": "42", "tipo__sigla": "REP", "tipo__descricao": "Representa\u00e7\u00e3o", "autoria": "", "texto_original": "http://sapl.uba.mg.leg.br/media/sapl/public/materialegislativa/2020/5817/representacao_042.pdf", "ementa": "\u00e0 ger\u00eancia local da Energisa solicitando que providencie a substitui\u00e7\u00e3o de um poste danificado na rua Prefeito Adolfo Nicolato, bairro Pires da Luz"}, {"id": "5798", "ano": "2020", "numero": "43", "tipo__sigla": "REP", "tipo__descricao": "Representa\u00e7\u00e3o", "autoria": "", "texto_original": "http://sapl.uba.mg.leg.br/media/", "ementa": "\u00e0 ger\u00eancia local da ECP Engenharia solicitando a coloca\u00e7\u00e3o de dois cont\u00eaineres de lixo em frente ao n\u00ba 410 da rua Sebasti\u00e3o Lisboa de Andrade, bairro Peluso."}, {"id": "5793", "ano": "2020", "numero": "44", "tipo__sigla": "REP", "tipo__descricao": "Representa\u00e7\u00e3o", "autoria": "", "texto_original": "http://sapl.uba.mg.leg.br/media/sapl/public/materialegislativa/2020/5793/representacao_044_1.pdf", "ementa": "\u00e0 ger\u00eancia local da Empresa Unida solicitando o retorno da linha noturna de Ub\u00e1/Tocantins, que era utilizada por funcion\u00e1rios do Supermercado Mart Minas, Minas Rio e outros."}, {"id": "5811", "ano": "2020", "numero": "45", "tipo__sigla": "REP", "tipo__descricao": "Representa\u00e7\u00e3o", "autoria": "", "texto_original": "http://sapl.uba.mg.leg.br/media/sapl/public/materialegislativa/2020/5811/representacao_045.pdf", "ementa": "\u00e0 ger\u00eancia local da Copasa, solicitando que realize o tapamento de um buraco, decorrente de obra da companhia, em frente ao n\u00ba 08 da rua Jos\u00e9 Gualberto de Melo, bairro Industrial."}, {"id": "5866", "ano": "2020", "numero": "46", "tipo__sigla": "REP", "tipo__descricao": "Representa\u00e7\u00e3o", "autoria": "Gilson Fazolla Filgueiras", "texto_original": "http://sapl.uba.mg.leg.br/media/sapl/public/materialegislativa/2020/5866/representaouo_046.pdf", "ementa": "\u00c0 ger\u00eancia local da Energisa solicitando que providencie o reparo ou substitui\u00e7\u00e3o de um poste danificado na rua Jos\u00e9 Gravina Moreira, bairro Vila Casal (Morro do Querosene)."}, {"id": "5867", "ano": "2020", "numero": "47", "tipo__sigla": "REP", "tipo__descricao": "Representa\u00e7\u00e3o", "autoria": "Ademir da Fonseca Firmiano", "texto_original": "http://sapl.uba.mg.leg.br/media/sapl/public/materialegislativa/2020/5867/representaouo_047.pdf", "ementa": "Ao Coordenador Regional do DEER/MG, para solicitar-lhe que realize a limpeza da Rodovia Ub\u00e1-Divin\u00e9sia, no trecho pr\u00f3ximo \u00e0 comunidade do Tanquinho."}, {"id": "5868", "ano": "2020", "numero": "48", "tipo__sigla": "REP", "tipo__descricao": "Representa\u00e7\u00e3o", "autoria": "Ademir da Fonseca Firmiano", "texto_original": "http://sapl.uba.mg.leg.br/media/sapl/public/materialegislativa/2020/5868/representaouo_048.pdf", "ementa": "Ao Coordenador Regional do DEER/MG, para solicitar-lhe que realize uma opera\u00e7\u00e3o tapa-buracos na Rodovia Ub\u00e1-Divin\u00e9sia, no trecho pr\u00f3ximo \u00e0 comunidade do Tanquinho."}, {"id": "5869", "ano": "2020", "numero": "49", "tipo__sigla": "REP", "tipo__descricao": "Representa\u00e7\u00e3o", "autoria": "Ademir da Fonseca Firmiano", "texto_original": "http://sapl.uba.mg.leg.br/media/sapl/public/materialegislativa/2020/5869/representacao_049.pdf", "ementa": "Ao Presidente do Sindicato dos Empregados em Postos de Combust\u00edveis e Derivados de Petr\u00f3leo de Belo Horizonte e Regi\u00e3o \u2013 SINPOSPETRO/BH, solicitando que os postos de combust\u00edveis de Ub\u00e1 que n\u00e3o oferecem assentos para descanso durante as pausas do trabalho dos frentistas sejam fiscalizados e acionados na forma da lei, em raz\u00e3o do descumprimento da Norma Regulamentadora n\u00ba 17, com c\u00f3pia desta proposi\u00e7\u00e3o seja encaminhada para todos os postos de combust\u00edveis da cidade."}, {"id": "5870", "ano": "2020", "numero": "50", "tipo__sigla": "REP", "tipo__descricao": "Representa\u00e7\u00e3o", "autoria": "Ademir da Fonseca Firmiano", "texto_original": "http://sapl.uba.mg.leg.br/media/sapl/public/materialegislativa/2020/5870/representacao_050.pdf", "ementa": "Ao Presidente do Sindicato do Com\u00e9rcio Varejista de Derivados de Petr\u00f3leo no Estado de Minas Gerais - Minaspetro, para solicitar-lhe que os postos de combust\u00edveis de Ub\u00e1 que n\u00e3o oferecem assentos para descanso durante as pausas do trabalho dos frentistas sejam fiscalizados e acionados na forma da lei, em raz\u00e3o do descumprimento da Norma Regulamentadora n\u00ba 17, com c\u00f3pia aos postos da cidade."}, {"id": "5871", "ano": "2020", "numero": "51", "tipo__sigla": "REP", "tipo__descricao": "Representa\u00e7\u00e3o", "autoria": "Ademir da Fonseca Firmiano", "texto_original": "http://sapl.uba.mg.leg.br/media/sapl/public/materialegislativa/2020/5871/representaouo_051.pdf", "ementa": "Ao Procon/Ub\u00e1, solicitando que realize a fiscaliza\u00e7\u00e3o dos pre\u00e7os e qualidade dos combust\u00edveis vendidos nos postos de abastecimento da cidade, pois existem den\u00fancias de pr\u00e1tica de pre\u00e7os abusivos bem como de adultera\u00e7\u00e3o dos combust\u00edveis."}, {"id": "5872", "ano": "2020", "numero": "52", "tipo__sigla": "REP", "tipo__descricao": "Representa\u00e7\u00e3o", "autoria": "Edeir Pacheco", "texto_original": "http://sapl.uba.mg.leg.br/media/sapl/public/materialegislativa/2020/5872/representaouo_052.pdf", "ementa": "\u00c0 ger\u00eancia local da ECP Engenharia solicitando a coloca\u00e7\u00e3o de tr\u00eas cont\u00eaineres de lixo nas proximidades do n\u00ba 350 da rua Francisco de Paula Ribeiro, bairro Eldorado."}, {"id": "5836", "ano": "2020", "numero": "53", "tipo__sigla": "REP", "tipo__descricao": "Representa\u00e7\u00e3o", "autoria": "Luis Carlos Teixeira Ribeiro", "texto_original": "http://sapl.uba.mg.leg.br/media/sapl/public/materialegislativa/2020/5836/representacao_053.pdf", "ementa": "\u00c0  ger\u00eancia local da Energisa, solicitando que providencie a substitui\u00e7\u00e3o de um poste danificado pr\u00f3ximo ao n\u00ba 365 da avenida Rubens Bai\u00e3o, bairro Pires da Luz"}, {"id": "5837", "ano": "2020", "numero": "54", "tipo__sigla": "REP", "tipo__descricao": "Representa\u00e7\u00e3o", "autoria": "Gilson Fazolla Filgueiras", "texto_original": "http://sapl.uba.mg.leg.br/media/sapl/public/materialegislativa/2020/5837/representacao_054.pdf", "ementa": "\u00c0 ger\u00eancia local da ECP Engenharia solicitando a coloca\u00e7\u00e3o de dois cont\u00eaineres de lixo na rua Guerino Peron, bairro Agroceres."}, {"id": "5890", "ano": "2020", "numero": "55", "tipo__sigla": "REP", "tipo__descricao": "Representa\u00e7\u00e3o", "autoria": "Edeir Pacheco", "texto_original": "http://sapl.uba.mg.leg.br/media/sapl/public/materialegislativa/2020/5890/representaouo_055.pdf", "ementa": "\u00c0 ger\u00eancia local da ECP Engenharia solicitando a coloca\u00e7\u00e3o de dois cont\u00eaineres de lixo em frente ao n\u00ba 265 da rua principal do Condom\u00ednio Horizontes da Serra."}, {"id": "5919", "ano": "2020", "numero": "56", "tipo__sigla": "REP", "tipo__descricao": "Representa\u00e7\u00e3o", "autoria": "Jane Cristina Lacerda Pinto", "texto_original": "http://sapl.uba.mg.leg.br/media/sapl/public/materialegislativa/2020/5919/representaouo_056.pdf", "ementa": "Ao Comandante do 21\u00ba Batalh\u00e3o da Pol\u00edcia Militar de Minas Gerais, Ten. Cel. Giovani do Carmo Ramos, solicitando policiamento no entroncamento do trevo entre os distritos de Ubari e Miragaia, pr\u00f3ximo \u00e0 ponte."}, {"id": "5920", "ano": "2020", "numero": "57", "tipo__sigla": "REP", "tipo__descricao": "Representa\u00e7\u00e3o", "autoria": "Jos\u00e9 Roberto Reis Filgueiras", "texto_original": "http://sapl.uba.mg.leg.br/media/sapl/public/materialegislativa/2020/5920/representacao_057.pdf", "ementa": "\u00c0 ger\u00eancia local da Copasa, solicitando informa\u00e7\u00e3o e provid\u00eancias quanto \u00e0 qualidade da \u00e1gua fornecida aos bairros Santa Bernadete, Palmeiras e avenida Governador Valadares, uma vez que a \u00e1gua que chega \u00e0s torneiras est\u00e1 turva e imprest\u00e1vel para qualquer uso."}, {"id": "5909", "ano": "2020", "numero": "58", "tipo__sigla": "REP", "tipo__descricao": "Representa\u00e7\u00e3o", "autoria": "Antero Gomes de Aguiar", "texto_original": "http://sapl.uba.mg.leg.br/media/sapl/public/materialegislativa/2020/5909/representaouo_058.pdf", "ementa": "\u00c0 ger\u00eancia local dos Correios solicitando que a ag\u00eancia comece a prestar servi\u00e7o de entrega de correspond\u00eancia nos bairros Santa Edwiges II e Rosa de Toledo. Reitera parcialmente a Representa\u00e7\u00e3o n\u00ba 011/2019, de autoria do vereador Jos\u00e9 Roberto Reis Filgueiras."}, {"id": "5910", "ano": "2020", "numero": "59", "tipo__sigla": "REP", "tipo__descricao": "Representa\u00e7\u00e3o", "autoria": "Antero Gomes de Aguiar", "texto_original": "http://sapl.uba.mg.leg.br/media/sapl/public/materialegislativa/2020/5910/representaouo_059.pdf", "ementa": "\u00c0 ger\u00eancia local da ECP Engenharia solicitando a coloca\u00e7\u00e3o de dois cont\u00eaineres de lixo em frente ao n\u00ba 174 da rua Ant\u00f4nio Carlos Caiaffa, bairro Primavera. Reitera as Representa\u00e7\u00f5es n\u00ba 057/2019 e 008/2020, de mesma autoria."}, {"id": "5947", "ano": "2020", "numero": "60", "tipo__sigla": "REP", "tipo__descricao": "Representa\u00e7\u00e3o", "autoria": "Luis Carlos Teixeira Ribeiro", "texto_original": "http://sapl.uba.mg.leg.br/media/sapl/public/materialegislativa/2020/5947/representacao_060.pdf", "ementa": "\u00c0 ger\u00eancia local da Copasa, solicitando que providencie o reparo de um vazamento na rede de esgoto da rua Evaldo de Oliveira, no distrito de Miragaia."}, {"id": "5948", "ano": "2020", "numero": "61", "tipo__sigla": "REP", "tipo__descricao": "Representa\u00e7\u00e3o", "autoria": "Edeir Pacheco", "texto_original": "http://sapl.uba.mg.leg.br/media/sapl/public/materialegislativa/2020/5948/representacao_061.pdf", "ementa": "\u00c0 ger\u00eancia local da ECP Engenharia, solicitando a coloca\u00e7\u00e3o de tr\u00eas cont\u00eaineres de lixo pr\u00f3ximo \u00e0 Padaria Planalto, no n\u00ba 351 da rua Ver. Sebasti\u00e3o Lisboa de Andrade, b. Peluso."}, {"id": "5949", "ano": "2020", "numero": "62", "tipo__sigla": "REP", "tipo__descricao": "Representa\u00e7\u00e3o", "autoria": "Edeir Pacheco", "texto_original": "http://sapl.uba.mg.leg.br/media/sapl/public/materialegislativa/2020/5949/representacao_062.pdf", "ementa": "\u00c0 ger\u00eancia local da ECP Engenharia, solicitando a coloca\u00e7\u00e3o de tr\u00eas cont\u00eaineres de lixo pr\u00f3ximo ao Patronato S\u00e3o Jos\u00e9, na rua Francisco Teixeira Nascimento, bairro S\u00e3o Jos\u00e9."}, {"id": "5950", "ano": "2020", "numero": "63", "tipo__sigla": "REP", "tipo__descricao": "Representa\u00e7\u00e3o", "autoria": "Edeir Pacheco", "texto_original": "http://sapl.uba.mg.leg.br/media/sapl/public/materialegislativa/2020/5950/representacao_063.pdf", "ementa": "\u00c0 ger\u00eancia local da Copasa, solicitando que providencie o tapamento de um buraco proveniente de obra realizada pela companhia ao lado da pracinha da Escola Municipal Ana Maria de Teixeira Costa, antiga Escola L\u00e1pis de Cor, na entrada do bairro Peluso."}, {"id": "6026", "ano": "2020", "numero": "64", "tipo__sigla": "REP", "tipo__descricao": "Representa\u00e7\u00e3o", "autoria": "Gilson Fazolla Filgueiras", "texto_original": "http://sapl.uba.mg.leg.br/media/sapl/public/materialegislativa/2020/6026/representacao_064.pdf", "ementa": "\u00c0 ger\u00eancia local da ECP Engenharia solicitando a coloca\u00e7\u00e3o de cont\u00eaineres de lixo na pra\u00e7a da comunidade da Barrinha."}, {"id": "6027", "ano": "2020", "numero": "65", "tipo__sigla": "REP", "tipo__descricao": "Representa\u00e7\u00e3o", "autoria": "Antero Gomes de Aguiar", "texto_original": "http://sapl.uba.mg.leg.br/media/sapl/public/materialegislativa/2020/6027/representacao_065.pdf", "ementa": "\u00c1 ger\u00eancia local da Copasa, solicitando que providencie o tapamento de um buraco proveniente de obra realizada pela companhia em frente ao n\u00ba 140 da rua Marcos Batista Zanotti, bairro Boa Vista."}, {"id": "6028", "ano": "2020", "numero": "66", "tipo__sigla": "REP", "tipo__descricao": "Representa\u00e7\u00e3o", "autoria": "Ademir da Fonseca Firmiano", "texto_original": "http://sapl.uba.mg.leg.br/media/sapl/public/materialegislativa/2020/6028/representacao_066.pdf", "ementa": "Ao Coordenador Regional do DEER/MG, para solicitar-lhe que realize a limpeza da Rodovia Ub\u00e1-Divin\u00e9sia, no trecho pr\u00f3ximo \u00e0 comunidade do Tanquinho."}, {"id": "6029", "ano": "2020", "numero": "67", "tipo__sigla": "REP", "tipo__descricao": "Representa\u00e7\u00e3o", "autoria": "Edeir Pacheco", "texto_original": "http://sapl.uba.mg.leg.br/media/sapl/public/materialegislativa/2020/6029/representacao_067.pdf", "ementa": "\u00c0 ger\u00eancia local da Copasa, solicitando que realize a reforma da rede de esgoto da rua Jefferson Ladislau Tavares, bairro Altair Rocha."}, {"id": "6157", "ano": "2020", "numero": "68", "tipo__sigla": "REP", "tipo__descricao": "Representa\u00e7\u00e3o", "autoria": "Edeir Pacheco", "texto_original": "http://sapl.uba.mg.leg.br/media/sapl/public/materialegislativa/2020/6157/representacao_068.pdf", "ementa": "\u00c0 ger\u00eancia local da ECP Engenharia solicitando a coloca\u00e7\u00e3o de 02 cont\u00eaineres de lixo pr\u00f3ximo ao n\u00ba 265 da rua Francisco Teixeira de Abreu, bairro Palmeiras"}, {"id": "6186", "ano": "2020", "numero": "69", "tipo__sigla": "REP", "tipo__descricao": "Representa\u00e7\u00e3o", "autoria": "Edeir Pacheco", "texto_original": "http://sapl.uba.mg.leg.br/media/sapl/public/materialegislativa/2020/6186/representaouo_069.pdf", "ementa": "\u00c0 ger\u00eancia local da ECP Engenharia solicitando a coloca\u00e7\u00e3o de 02 cont\u00eaineres de lixo pr\u00f3ximo ao n\u00ba 189 da rua Francisco Teixeira de Abreu, bairro Palmeiras."}, {"id": "6207", "ano": "2020", "numero": "70", "tipo__sigla": "REP", "tipo__descricao": "Representa\u00e7\u00e3o", "autoria": "Jorge Cust\u00f3dio Gerv\u00e1sio", "texto_original": "http://sapl.uba.mg.leg.br/media/sapl/public/materialegislativa/2020/6207/representaouo_070.pdf", "ementa": "\u00c0 ger\u00eancia local da Caixa Econ\u00f4mica Federal, solicitando a verifica\u00e7\u00e3o e avalia\u00e7\u00e3o das casas abandonadas no Residencial Solar I."}, {"id": "6208", "ano": "2020", "numero": "71", "tipo__sigla": "REP", "tipo__descricao": "Representa\u00e7\u00e3o", "autoria": "Edeir Pacheco", "texto_original": "http://sapl.uba.mg.leg.br/media/sapl/public/materialegislativa/2020/6208/representaouo_071.pdf", "ementa": "\u00c0 ger\u00eancia local da Copasa, solicitando o nivelamento de todos os tamp\u00f5es de bueiros na rua Coronel Otaviano da Rocha, bairro S\u00e3o Domingos."}, {"id": "6280", "ano": "2020", "numero": "72", "tipo__sigla": "REP", "tipo__descricao": "Representa\u00e7\u00e3o", "autoria": "Gilson Fazolla Filgueiras", "texto_original": "http://sapl.uba.mg.leg.br/media/sapl/public/materialegislativa/2020/6280/representacao_072.pdf", "ementa": "\u00c0 ger\u00eancia local da Copasa, solicitando o reparo na rede de abastecimento que est\u00e1 vazando e posterior tapamento de um buraco em frente ao n\u00ba 766 da rua Francisco Teixeira de Abreu, bairro Palmeiras."}, {"id": "6281", "ano": "2020", "numero": "73", "tipo__sigla": "REP", "tipo__descricao": "Representa\u00e7\u00e3o", "autoria": "Gilson Fazolla Filgueiras", "texto_original": "http://sapl.uba.mg.leg.br/media/sapl/public/materialegislativa/2020/6281/representacao_073.pdf", "ementa": "\u00c0 ger\u00eancia local da Copasa, solicitando o reparo da rede de esgoto que est\u00e1 vazando, causando mau cheiro e risco de acidentes, na rua Francisco Teixeira de Abreu, bairro Palmeiras."}, {"id": "6292", "ano": "2020", "numero": "74", "tipo__sigla": "REP", "tipo__descricao": "Representa\u00e7\u00e3o", "autoria": "Gilson Fazolla Filgueiras", "texto_original": "http://sapl.uba.mg.leg.br/media/sapl/public/materialegislativa/2020/6292/representacao_074.pdf", "ementa": "\u00c0 ger\u00eancia local da Copasa, solicitando extens\u00e3o da rede de abastecimento de \u00e1gua da rua Lenir Guizilini de Andrade, bairro Industrial."}, {"id": "6293", "ano": "2020", "numero": "75", "tipo__sigla": "REP", "tipo__descricao": "Representa\u00e7\u00e3o", "autoria": "Gilson Fazolla Filgueiras", "texto_original": "http://sapl.uba.mg.leg.br/media/sapl/public/materialegislativa/2020/6293/representacao_075.pdf", "ementa": "\u00c0 ger\u00eancia local da Copasa, solicitando extens\u00e3o da rede de abastecimento de \u00e1gua da rua Projetada, situada pr\u00f3ximo \u00e0 rua Jo\u00e3o Sperandio, bairro Mangueira Rural."}, {"id": "6301", "ano": "2020", "numero": "76", "tipo__sigla": "REP", "tipo__descricao": "Representa\u00e7\u00e3o", "autoria": "Gilson Fazolla Filgueiras", "texto_original": "http://sapl.uba.mg.leg.br/media/sapl/public/materialegislativa/2020/6301/representacao_076.pdf", "ementa": "\u00c0 ger\u00eancia local da Energisa solicitando que realize a poda de duas \u00e1rvores que se encontram em contato com a rede de alta tens\u00e3o em frente ao n\u00ba 580 da rua Dr. Fecas, bairro Eldorado."}, {"id": "6302", "ano": "2020", "numero": "77", "tipo__sigla": "REP", "tipo__descricao": "Representa\u00e7\u00e3o", "autoria": "Luis Carlos Teixeira Ribeiro", "texto_original": "http://sapl.uba.mg.leg.br/media/sapl/public/materialegislativa/2020/6302/representacao_077.pdf", "ementa": "\u00c0 ger\u00eancia local da ECP Engenharia solicitando a coloca\u00e7\u00e3o de cont\u00eaineres de lixo na rua Maria Celia Fagundes Reis, bairro Santa Clara."}, {"id": "6303", "ano": "2020", "numero": "78", "tipo__sigla": "REP", "tipo__descricao": "Representa\u00e7\u00e3o", "autoria": "Luis Carlos Teixeira Ribeiro", "texto_original": "http://sapl.uba.mg.leg.br/media/sapl/public/materialegislativa/2020/6303/representacao_078.pdf", "ementa": "\u00c0 ger\u00eancia local da Via\u00e7\u00e3o Ub\u00e1 solicitando a inclus\u00e3o de uma linha de \u00f4nibus que atenda ao Residencial Solar, a pedido dos moradores."}, {"id": "6304", "ano": "2020", "numero": "79", "tipo__sigla": "REP", "tipo__descricao": "Representa\u00e7\u00e3o", "autoria": "Gilson Fazolla Filgueiras", "texto_original": "http://sapl.uba.mg.leg.br/media/sapl/public/materialegislativa/2020/6304/representacao_079.pdf", "ementa": "\u00c0 ger\u00eancia local da Energisa, solicitando a substitui\u00e7\u00e3o do transformador monof\u00e1sico de 19kva situado \u00e0 rua \u00c2ngelo Sperandio, bairro Aeroporto, por um transformador trif\u00e1sico, al\u00e9m de um refor\u00e7o na rede de m\u00e9dia tens\u00e3o."}, {"id": "6305", "ano": "2020", "numero": "80", "tipo__sigla": "REP", "tipo__descricao": "Representa\u00e7\u00e3o", "autoria": "Gilson Fazolla Filgueiras", "texto_original": "http://sapl.uba.mg.leg.br/media/sapl/public/materialegislativa/2020/6305/representacao_080.pdf", "ementa": "\u00c0 ger\u00eancia local da Copasa solicitando que providencie a reinstala\u00e7\u00e3o das manilhas localizadas nas proximidades do n\u00ba 369 e da bomba d\u2019\u00e1gua da Avenida Dr. Manoel Louren\u00e7o de Azevedo, bairro Peixoto Filho, em seus devidos lugares."}, {"id": "6315", "ano": "2020", "numero": "81", "tipo__sigla": "REP", "tipo__descricao": "Representa\u00e7\u00e3o", "autoria": "Jos\u00e9 Roberto Reis Filgueiras", "texto_original": "http://sapl.uba.mg.leg.br/media/sapl/public/materialegislativa/2020/6315/representaouo_081.pdf", "ementa": "\u00c0 ger\u00eancia local da ECP Engenharia, solicitando que o caminh\u00e3o de coleta de lixo passe a atender a rua Jos\u00e9 Louren\u00e7o Sperandio, bairro Mangueira Rural."}, {"id": "6316", "ano": "2020", "numero": "82", "tipo__sigla": "REP", "tipo__descricao": "Representa\u00e7\u00e3o", "autoria": "Jos\u00e9 Roberto Reis Filgueiras", "texto_original": "http://sapl.uba.mg.leg.br/media/sapl/public/materialegislativa/2020/6316/representaouo_082.pdf", "ementa": "\u00c0  ger\u00eancia local dos Correios, solicitando informa\u00e7\u00f5es sobre o motivo da empresa n\u00e3o realizar entrega de correspond\u00eancia rua Jos\u00e9 Louren\u00e7o Sperandio, bairro Mangueira Rural, e pedindo que inicie o atendimento ao referido logradouro uma vez que j\u00e1 \u00e9 feito o atendimento \u00e0 rua Paulo S\u00e9rgio Campos, que \u00e9 cont\u00edgua \u00e0 via mencionada."}, {"id": "6323", "ano": "2020", "numero": "83", "tipo__sigla": "REP", "tipo__descricao": "Representa\u00e7\u00e3o", "autoria": "Gilson Fazolla Filgueiras", "texto_original": "http://sapl.uba.mg.leg.br/media/sapl/public/materialegislativa/2020/6323/representaouo_083.pdf", "ementa": "\u00c0 ger\u00eancia local da Copasa solicitando reparo de buraco causado por defeito na rede de abastecimento da Rua Francisco Xavier Gomes, pr\u00f3ximo ao n\u00ba209, bairro Primavera."}, {"id": "6331", "ano": "2020", "numero": "84", "tipo__sigla": "REP", "tipo__descricao": "Representa\u00e7\u00e3o", "autoria": "Gilson Fazolla Filgueiras", "texto_original": "http://sapl.uba.mg.leg.br/media/sapl/public/materialegislativa/2020/6331/representaouo_084.pdf", "ementa": "\u00c0 ger\u00eancia local da Copasa solicitando a retomada do atendimento presencial, conforme autoriza\u00e7\u00e3o do Decreto municipal n\u00ba 6393/2020."}, {"id": "6332", "ano": "2020", "numero": "85", "tipo__sigla": "REP", "tipo__descricao": "Representa\u00e7\u00e3o", "autoria": "Gilson Fazolla Filgueiras", "texto_original": "http://sapl.uba.mg.leg.br/media/sapl/public/materialegislativa/2020/6332/representaouo_085.pdf", "ementa": "\u00c0 ger\u00eancia local da Copasa solicitando a separa\u00e7\u00e3o das redes de \u00e1guas pluviais e de esgoto na Rua Farmac\u00eautico M\u00e1rio Azevedo, bairro Jardim Gl\u00f3ria."}, {"id": "6436", "ano": "2020", "numero": "86", "tipo__sigla": "REP", "tipo__descricao": "Representa\u00e7\u00e3o", "autoria": "Jane Cristina Lacerda Pinto", "texto_original": "http://sapl.uba.mg.leg.br/media/sapl/public/materialegislativa/2020/6436/representaouo_086.pdf", "ementa": "\u00c0 ger\u00eancia local da ECP Engenharia solicitando que realize a troca de um cont\u00eainer localizado em frente ao n\u00ba 365 da Avenida Juscelino Kubitscheck, que se encontra danificado ocasionando o vazamento do lixo nele depositado."}, {"id": "5537", "ano": "2020", "numero": "1", "tipo__sigla": "REQ A", "tipo__descricao": "Requerimento (Regimento Antigo)", "autoria": "Gilson Fazolla Filgueiras, Edeir Pacheco", "texto_original": "http://sapl.uba.mg.leg.br/media/sapl/public/materialegislativa/2020/5537/requerimento_001.pdf", "ementa": "Solicitando que realize uma opera\u00e7\u00e3o tapa-buracos em todas as ruas do bairro S\u00e3o Jo\u00e3o - REITERA Indica\u00e7\u00e3o n\u00ba 364/2019, de autoria do vereador Antero Gomes de Aguiar"}, {"id": "5538", "ano": "2020", "numero": "2", "tipo__sigla": "REQ A", "tipo__descricao": "Requerimento (Regimento Antigo)", "autoria": "Gilson Fazolla Filgueiras, Edeir Pacheco", "texto_original": "http://sapl.uba.mg.leg.br/media/sapl/public/materialegislativa/2020/5538/requerimento_002.pdf", "ementa": "Opera\u00e7\u00e3o tapa-buracos em todas as ruas do bairro Peluso - REITERA Indica\u00e7\u00e3o n\u00ba 138/2019, de mesma autoria"}, {"id": "5539", "ano": "2020", "numero": "3", "tipo__sigla": "REQ A", "tipo__descricao": "Requerimento (Regimento Antigo)", "autoria": "Gilson Fazolla Filgueiras, Edeir Pacheco", "texto_original": "http://sapl.uba.mg.leg.br/media/sapl/public/materialegislativa/2020/5539/requerimento_003.pdf", "ementa": "Constru\u00e7\u00e3o de muro de conten\u00e7\u00e3o na rua Ipanema, bairro Nova Olinda - REITERA Indica\u00e7\u00e3o n\u00ba 449/2017 de autoria do vereador Jos\u00e9 Roberto Reis Filgueiras"}, {"id": "5540", "ano": "2020", "numero": "4", "tipo__sigla": "REQ A", "tipo__descricao": "Requerimento (Regimento Antigo)", "autoria": "Gilson Fazolla Filgueiras, Edeir Pacheco", "texto_original": "http://sapl.uba.mg.leg.br/media/sapl/public/materialegislativa/2020/5540/requerimento_004.pdf", "ementa": "Aasfaltamento da rua Francisco Andr\u00e9 de Ara\u00fajo, bairro Industrial (Beira-Linha) - REITERA Requerimento 269/2018 de autoria do vereador Antero Gomes de Aguiar e Indica\u00e7\u00e3o 687/17 de autoria dos vereadores Joseli An\u00edsio Pinto, Edeir Pacheco da Costa e Gilson Fazolla Filgueiras"}, {"id": "5541", "ano": "2020", "numero": "5", "tipo__sigla": "REQ A", "tipo__descricao": "Requerimento (Regimento Antigo)", "autoria": "Jos\u00e9 Roberto Reis Filgueiras", "texto_original": "http://sapl.uba.mg.leg.br/media/sapl/public/materialegislativa/2020/5541/requerimento_005.pdf", "ementa": "Capina e limpeza das ruas do bairro Encosta do Sol - REITERA indica\u00e7\u00f5es 328/2017 e 023/2019 de mesma autoria e Indica\u00e7\u00e3o 020/2019 de autoria do vereador Gilson Fazolla Filgueiras"}, {"id": "5542", "ano": "2020", "numero": "6", "tipo__sigla": "REQ A", "tipo__descricao": "Requerimento (Regimento Antigo)", "autoria": "Luis Carlos Teixeira Ribeiro", "texto_original": "http://sapl.uba.mg.leg.br/media/sapl/public/materialegislativa/2020/5542/requerimento_006.pdf", "ementa": "Cal\u00e7amento da rua S\u00e3o Dion\u00edsio, bairro Talma - \r\nREITERA Indica\u00e7\u00e3o n\u00ba 348/2017, dos vereadores Darci Pires da Silva, Edeir Pacheco da Costa, Gilson Fazolla Filgueiras e Joseli An\u00edsio Pinto; Requerimento n\u00ba 162/2017, do vereador Luis Carlos Teixeira Ribeiro; Requerimento n\u00ba 120/2018, dos vereadores Edeir Pacheco da Costa e Gilson Fazolla Filgueiras; Requerimento n\u00ba 131/2019, do vereador Antero Gomes de Aguiar; Requerimento n\u00ba 116/2019, do vereador Gilson Fazolla Filgueiras; e Indica\u00e7\u00e3o n\u00ba 170/2019, do vereador Edeir Pacheco da Costa"}, {"id": "5543", "ano": "2020", "numero": "7", "tipo__sigla": "REQ A", "tipo__descricao": "Requerimento (Regimento Antigo)", "autoria": "Antero Gomes de Aguiar", "texto_original": "http://sapl.uba.mg.leg.br/media/sapl/public/materialegislativa/2020/5543/requerimento_007.pdf", "ementa": "Cal\u00e7amento de aproximadamente 300 metros na Vila Couto, entrada da comunidade Ub\u00e1 Pequeno - REITERA Indica\u00e7\u00e3o 346/2019 de mesma autoria"}, {"id": "5544", "ano": "2020", "numero": "8", "tipo__sigla": "REQ A", "tipo__descricao": "Requerimento (Regimento Antigo)", "autoria": "Luis Carlos Teixeira Ribeiro", "texto_original": "http://sapl.uba.mg.leg.br/media/sapl/public/materialegislativa/2020/5544/requerimento_008.pdf", "ementa": "Limpeza do escad\u00e3o que liga os bairros Jardim Gl\u00f3ria e S\u00e3o Domingos - REITERA Indica\u00e7\u00e3o 213/2017 de mesma autoria e Indica\u00e7\u00f5es 397/2018 e 401/2019 de autoria do vereador Antero Gomes de Aguiar"}, {"id": "5545", "ano": "2020", "numero": "9", "tipo__sigla": "REQ A", "tipo__descricao": "Requerimento (Regimento Antigo)", "autoria": "Antero Gomes de Aguiar", "texto_original": "http://sapl.uba.mg.leg.br/media/sapl/public/materialegislativa/2020/5545/requerimento_009.pdf", "ementa": "Cal\u00e7amento de aproximadamente 300 metros na Vila Couto, entrada da comunidade Ub\u00e1 Pequeno - REITERA Indica\u00e7\u00e3o 346/2019 de mesma autoria"}, {"id": "5546", "ano": "2020", "numero": "10", "tipo__sigla": "REQ A", "tipo__descricao": "Requerimento (Regimento Antigo)", "autoria": "Antero Gomes de Aguiar", "texto_original": "http://sapl.uba.mg.leg.br/media/sapl/public/materialegislativa/2020/5546/requerimento_010.pdf", "ementa": "Limpeza e capina das ruas do bairro S\u00e3o Domingos, especialmente atr\u00e1s do Terminal Rodovi\u00e1rio de Ub\u00e1, na rua Adolfo Pereira Cortez - REITERA Indica\u00e7\u00f5es n\u00ba 179/2017 e 379/2017, de mesma autoria; Requerimento n\u00ba 038/2018, do vereador Jos\u00e9 Roberto Reis Filgueiras; Requerimento n\u00ba 063/2018, do vereador Luis Carlos Teixeira Ribeiro; e Requerimento n\u00ba 075/2018 dos vereadores Edeir Pacheco da Costa e Gilson Fazolla Filgueiras"}, {"id": "5547", "ano": "2020", "numero": "11", "tipo__sigla": "REQ A", "tipo__descricao": "Requerimento (Regimento Antigo)", "autoria": "Antero Gomes de Aguiar", "texto_original": "http://sapl.uba.mg.leg.br/media/sapl/public/materialegislativa/2020/5547/requerimento_011.pdf", "ementa": "Cascalhamento de todas as estradas da comunidade de Ub\u00e1 Pequeno - REITERA Indica\u00e7\u00f5es n\u00ba 005/2019 e 219/2019, e Requerimento n\u00ba 062/2019, de mesma autoria; Indica\u00e7\u00e3o n\u00ba 359/2019, da vereadora suplente Maria Auxiliadora Duarte Montezano; e Requerimentos n\u00ba 080/2018, n\u00ba 097/2018, n\u00ba 241/2018 e n\u00ba 262/2018, dos vereadores Edeir Pacheco da Costa e Gilson Fazolla Filgueiras"}, {"id": "5548", "ano": "2020", "numero": "12", "tipo__sigla": "REQ A", "tipo__descricao": "Requerimento (Regimento Antigo)", "autoria": "Alexandre de Barros Mendes", "texto_original": "http://sapl.uba.mg.leg.br/media/sapl/public/materialegislativa/2020/5548/requerimento_012.pdf", "ementa": "Instala\u00e7\u00e3o de dois postes de energia el\u00e9trica no Povoado S\u00e3o Domingos, sendo um no final da rua Jos\u00e9 Messias e outro no final da rua Maria de Lourdes Mar\u00e7al - REITERA Requerimentos 150/2019, 077/2018 e 107/2018 de mesma autoria."}, {"id": "5549", "ano": "2020", "numero": "13", "tipo__sigla": "REQ A", "tipo__descricao": "Requerimento (Regimento Antigo)", "autoria": "Gilson Fazolla Filgueiras, Edeir Pacheco", "texto_original": "http://sapl.uba.mg.leg.br/media/sapl/public/materialegislativa/2020/5549/requerimento_013.pdf", "ementa": "Asfaltamento da rua Jaime de Almeida, bairro Olaria - REITERA Requerimento 065/2018 de mesma autoria e a Indica\u00e7\u00e3o 080/2017 de autoria do vereador Antero Gomes de Aguiar"}, {"id": "5550", "ano": "2020", "numero": "14", "tipo__sigla": "REQ A", "tipo__descricao": "Requerimento (Regimento Antigo)", "autoria": "Alexandre de Barros Mendes", "texto_original": "http://sapl.uba.mg.leg.br/media/sapl/public/materialegislativa/2020/5550/requerimento_014.pdf", "ementa": "Opera\u00e7\u00e3o tapa-buracos na Rodovia Dr. Heitor Peixoto Toledo e nas comunidades da Col\u00f4nia Padra Dami\u00e3o, Povoado S\u00e3o Domingos e Boa Vista - REITERA Requerimento 031/2019 de mesma autoria"}, {"id": "5551", "ano": "2020", "numero": "15", "tipo__sigla": "REQ A", "tipo__descricao": "Requerimento (Regimento Antigo)", "autoria": "Gilson Fazolla Filgueiras, Edeir Pacheco", "texto_original": "http://sapl.uba.mg.leg.br/media/sapl/public/materialegislativa/2020/5551/requerimento_015.pdf", "ementa": "Limpeza e capina de todas as ruas do bairro Boa Vista - REITERA Indica\u00e7\u00e3o 069/2019 de mesma autoria"}, {"id": "5552", "ano": "2020", "numero": "16", "tipo__sigla": "REQ A", "tipo__descricao": "Requerimento (Regimento Antigo)", "autoria": "Gilson Fazolla Filgueiras", "texto_original": "http://sapl.uba.mg.leg.br/media/sapl/public/materialegislativa/2020/5552/requerimento_016.pdf", "ementa": "Limpeza geral das ruas do Morro do Querosene - REITERA Indica\u00e7\u00e3o 044/2018 de autoria do vereador Antero Gomes de Aguiar"}, {"id": "5568", "ano": "2020", "numero": "17", "tipo__sigla": "REQ A", "tipo__descricao": "Requerimento (Regimento Antigo)", "autoria": "Antero Gomes de Aguiar", "texto_original": "http://sapl.uba.mg.leg.br/media/sapl/public/materialegislativa/2020/5568/requerimento_017.pdf", "ementa": "Solicitando a limpeza geral da rua Marechal Floriano Peixoto (Beira-linha), bairro Vila Casal - REITERA Indica\u00e7\u00e3o n\u00ba 139/2017 e Requerimento n\u00ba 068/2019, de mesma autoria"}, {"id": "5569", "ano": "2020", "numero": "18", "tipo__sigla": "REQ A", "tipo__descricao": "Requerimento (Regimento Antigo)", "autoria": "Antero Gomes de Aguiar", "texto_original": "http://sapl.uba.mg.leg.br/media/sapl/public/materialegislativa/2020/5569/requerimento_018.pdf", "ementa": "Solicitando a limpeza geral da Pra\u00e7a dos Amigos, na rua Lambari, bairro Ponte Preta - REITERA Indica\u00e7\u00e3o n\u00ba 541/2017, de mesma autoria."}, {"id": "5570", "ano": "2020", "numero": "19", "tipo__sigla": "REQ A", "tipo__descricao": "Requerimento (Regimento Antigo)", "autoria": "", "texto_original": "http://sapl.uba.mg.leg.br/media/sapl/public/materialegislativa/2020/5570/requerimento_019.pdf", "ementa": "Substitui\u00e7\u00e3o de tr\u00eas postes de ferro por tr\u00eas postes de concreto na rua Maria Aparecida Teixeira Luiz, bairro S\u00e3o Domingos, pois quando chove os postes conduzem energia e d\u00e3o choque nos moradores - REITERA Indica\u00e7\u00e3o n\u00ba 293/2019, de mesma autoria."}, {"id": "5571", "ano": "2020", "numero": "22", "tipo__sigla": "REQ A", "tipo__descricao": "Requerimento (Regimento Antigo)", "autoria": "Darci Pires da Silva", "texto_original": "http://sapl.uba.mg.leg.br/media/sapl/public/materialegislativa/2020/5571/requerimento_022.pdf", "ementa": "\u00c0 Secret\u00e1ria de Sa\u00fade, solicitando esclarecimentos sobre as den\u00fancias feitas pelo jornalista Amarildo Oliveira Neto, da R\u00e1dio Educadora, sobre poss\u00edveis irregularidades no Canil Municipal"}, {"id": "5602", "ano": "2020", "numero": "23", "tipo__sigla": "REQ A", "tipo__descricao": "Requerimento (Regimento Antigo)", "autoria": "Luis Carlos Teixeira Ribeiro", "texto_original": "http://sapl.uba.mg.leg.br/media/sapl/public/materialegislativa/2020/5602/requerimento_023.pdf", "ementa": "Limpeza da rua Gon\u00e7alves Dias, bairro Santa Bernadete - REITERA a Indica\u00e7\u00e3o 043/2019, de autoria dos vereadores Edeir Pacheco da Costa, Gilson Fazolla Filgueiras e Ros\u00e2ngela Maria Alfenas de Andrade"}, {"id": "5616", "ano": "2020", "numero": "24", "tipo__sigla": "REQ A", "tipo__descricao": "Requerimento (Regimento Antigo)", "autoria": "Jos\u00e9 Roberto Reis Filgueiras", "texto_original": "http://sapl.uba.mg.leg.br/media/sapl/public/materialegislativa/2020/5616/requerimento_024.pdf", "ementa": "Ao Prefeito, solicitando a reconstru\u00e7\u00e3o da ponte na comunidade da Moradinha, zona rural, ponte conhecida como \"Ponte do Quinca\" - REITERA as Indica\u00e7\u00f5es 171/2017 e 346/2017, de autoria dos vereadores Darci Pires da Silva, Edeir Pacheco da Costa, Gilson Fazolla Filgueiras, Joseli An\u00edsio Pinto e Ros\u00e2ngela Maria Alfenas de Andrade"}, {"id": "5617", "ano": "2020", "numero": "25", "tipo__sigla": "REQ A", "tipo__descricao": "Requerimento (Regimento Antigo)", "autoria": "Edeir Pacheco", "texto_original": "http://sapl.uba.mg.leg.br/media/sapl/public/materialegislativa/2020/5617/requerimento_025.pdf", "ementa": "Ao Secret\u00e1rio de Ambiente e Mobilidade Urbana e ao Gerente da Divis\u00e3o de Tr\u00e2nsito e Transporte P\u00fablico, convidando-os para comparecerem \u00e0 pr\u00f3xima reuni\u00e3o ordin\u00e1ria desta Casa para prestar esclarecimentos sobre a cobran\u00e7a do estacionamento rotativo e a situa\u00e7\u00e3o da empresa Street Park Estacionamentos no munic\u00edpio."}, {"id": "5624", "ano": "2020", "numero": "26", "tipo__sigla": "REQ A", "tipo__descricao": "Requerimento (Regimento Antigo)", "autoria": "Gilson Fazolla Filgueiras", "texto_original": "http://sapl.uba.mg.leg.br/media/sapl/public/materialegislativa/2020/5624/requerimento_026.pdf", "ementa": "Convite ao Coordenador Municipal de Defesa Civil, Sr. Gilger Menezes, para falar sobre os estragos causados pelas chuvas em nosso munic\u00edpio recentemente e as medidas que est\u00e3o sendo tomadas para evitar novos danos."}, {"id": "5625", "ano": "2020", "numero": "27", "tipo__sigla": "REQ A", "tipo__descricao": "Requerimento (Regimento Antigo)", "autoria": "Antero Gomes de Aguiar", "texto_original": "http://sapl.uba.mg.leg.br/media/sapl/public/materialegislativa/2020/5625/requerimento_027.pdf", "ementa": "Manuten\u00e7\u00e3o da pra\u00e7a Rosalina M. N. Pereira, com limpeza e corte da grama, no bairro Altair Rocha ."}, {"id": "5658", "ano": "2020", "numero": "28", "tipo__sigla": "REQ A", "tipo__descricao": "Requerimento (Regimento Antigo)", "autoria": "Antero Gomes de Aguiar", "texto_original": "http://sapl.uba.mg.leg.br/media/sapl/public/materialegislativa/2020/5658/req_028-20_antero__calcamento_da_avenida_senad_SnLsCh9.docx", "ementa": "Cal\u00e7amento da avenida Senador Levindo Coelho, do trecho que vai da avenida Alvaro Bigonha at\u00e9 o Curumim II, bairro Universit\u00e1rio \u2013 Reitera Indica\u00e7\u00e3o 210/19"}, {"id": "5659", "ano": "2020", "numero": "29", "tipo__sigla": "REQ A", "tipo__descricao": "Requerimento (Regimento Antigo)", "autoria": "Edeir Pacheco", "texto_original": "http://sapl.uba.mg.leg.br/media/sapl/public/materialegislativa/2020/5659/req_029-20_edeir__recapeamento_asfaltico_do_ba_9UE9DvR.docx", "ementa": "Recapeamento asf\u00e1ltico do bairro S\u00e3o Jo\u00e3o.\r\nReitera a  Indica\u00e7\u00e3o n\u00ba 364/2019, de autoria do vereador Antero Gomes de Aguiar e o Requerimento n\u00ba 01/2020, de autoria dos vereadores Edeir Pacheco e Gilson Fazolla."}, {"id": "5640", "ano": "2020", "numero": "30", "tipo__sigla": "REQ A", "tipo__descricao": "Requerimento (Regimento Antigo)", "autoria": "Edeir Pacheco", "texto_original": "http://sapl.uba.mg.leg.br/media/sapl/public/materialegislativa/2020/5640/requerimento_030.pdf", "ementa": "Corte de duas moitas de bambu e uma \u00e1rvore localizadas pr\u00f3ximo ao n\u00ba 99 da rua Marieta Augusta Silva Marcos, bairro Olaria. \r\nReitera a Indica\u00e7\u00e3o n\u00ba 019/2020, de autoria dos vereadores Edeir Pacheco da Costa e Gilson Fazolla Filgueiras."}, {"id": "5641", "ano": "2020", "numero": "31", "tipo__sigla": "REQ A", "tipo__descricao": "Requerimento (Regimento Antigo)", "autoria": "Edeir Pacheco", "texto_original": "http://sapl.uba.mg.leg.br/media/sapl/public/materialegislativa/2020/5641/requerimento_031.pdf", "ementa": "Patrolamento e cascalhamento das estradas da comunidade do Ubazinho.\r\n Reitera o Requerimento n\u00ba 042/2019, de autoria dos vereadores Edeir Pacheco e Gilson Fazolla Filgueiras."}, {"id": "5642", "ano": "2020", "numero": "32", "tipo__sigla": "REQ A", "tipo__descricao": "Requerimento (Regimento Antigo)", "autoria": "Edeir Pacheco", "texto_original": "http://sapl.uba.mg.leg.br/media/", "ementa": "Patrolamento e cascalhamento nas estradas da comunidade do Ub\u00e1 Pequeno. \r\nReitera o Requerimento n\u00ba 011/2020, de autoria do vereador Antero Gomes de Aguiar."}, {"id": "5656", "ano": "2020", "numero": "33", "tipo__sigla": "REQ A", "tipo__descricao": "Requerimento (Regimento Antigo)", "autoria": "Edeir Pacheco", "texto_original": "http://sapl.uba.mg.leg.br/media/sapl/public/materialegislativa/2020/5656/requerimento_033.pdf", "ementa": "Patrolamento e cascalhamento da estrada da Barrinha, sobretudo na comunidade da Pedra Branca. Reitera parcialmente a Indica\u00e7\u00e3o 048/2020 do vereador Lu\u00eds Carlos Teixeira Ribeiro."}, {"id": "5657", "ano": "2020", "numero": "34", "tipo__sigla": "REQ A", "tipo__descricao": "Requerimento (Regimento Antigo)", "autoria": "Antero Gomes de Aguiar", "texto_original": "http://sapl.uba.mg.leg.br/media/sapl/public/materialegislativa/2020/5657/requerimento_034.pdf", "ementa": "Desentupimento da boca da manilha, que foi tampada com concreto, na rodovia que passa em frente ao bairro Jo\u00e3o Teixeira (Tanquinho), que est\u00e1 dificultando a sa\u00edda da \u00e1gua que vem das ruas Bom Jesus e Cristo Rei. \r\nReitera a Indica\u00e7\u00e3o n\u00ba 053/2020, de mesma autoria."}, {"id": "5671", "ano": "2020", "numero": "35", "tipo__sigla": "REQ A", "tipo__descricao": "Requerimento (Regimento Antigo)", "autoria": "Alexandre de Barros Mendes", "texto_original": "http://sapl.uba.mg.leg.br/media/sapl/public/materialegislativa/2020/5671/requerimento_035.pdf", "ementa": "Asfaltamento da Rua Roberto Fellippe, bairro Encosta do Sol.  Reitera parcialmente a Indica\u00e7\u00e3o n\u00ba 302/2019, de autoria do vereador Darci Pires da Silva."}, {"id": "5701", "ano": "2020", "numero": "36", "tipo__sigla": "REQ A", "tipo__descricao": "Requerimento (Regimento Antigo)", "autoria": "Luis Carlos Teixeira Ribeiro", "texto_original": "http://sapl.uba.mg.leg.br/media/sapl/public/materialegislativa/2020/5701/requerimento_036.pdf", "ementa": "Ao Prefeito, solicitando o patrolamento da estrada da Barrinha, especialmente na comunidade da Pedra Redonda. \r\nReitera parcialmente: Indica\u00e7\u00e3o n\u00ba 149/18, do vereador Antero Gomes de Aguiar; Requerimentos n\u00ba 142/18 e n\u00ba 006/19, do vereador Luis Carlos Teixeira Ribeiro."}, {"id": "5672", "ano": "2020", "numero": "37", "tipo__sigla": "REQ A", "tipo__descricao": "Requerimento (Regimento Antigo)", "autoria": "Jorge Cust\u00f3dio Gerv\u00e1sio", "texto_original": "http://sapl.uba.mg.leg.br/media/sapl/public/materialegislativa/2020/5672/requerimento_037.pdf", "ementa": "Prorroga\u00e7\u00e3o do prazo de pagamento de IPTU, sem \u00f4nus para o contribuinte, durante o per\u00edodo de validade do Decreto n\u00ba 6.356 de 16 de mar\u00e7o de 2020, que declarou situa\u00e7\u00e3o de emerg\u00eancia em sa\u00fade p\u00fablica devido ao Covid-19."}, {"id": "5702", "ano": "2020", "numero": "38", "tipo__sigla": "REQ A", "tipo__descricao": "Requerimento (Regimento Antigo)", "autoria": "Luis Carlos Teixeira Ribeiro", "texto_original": "http://sapl.uba.mg.leg.br/media/sapl/public/materialegislativa/2020/5702/requerimento_038.pdf", "ementa": "Ao Prefeito, solicitando o cal\u00e7amento da rua S\u00e3o Dion\u00edsio, bairro Talma.\r\n Esta solicita\u00e7\u00e3o reitera: Indica\u00e7\u00e3o n\u00ba 348/2017, dos vereadores Darci Pires da Silva, Edeir Pacheco da Costa, Gilson Fazolla Filgueiras e Joseli An\u00edsio Pinto; Requerimento n\u00ba 162/2017, do vereador Luis Carlos Teixeira Ribeiro; Requerimento n\u00ba 120/2018, dos vereadores Edeir Pacheco da Costa e Gilson Fazolla Filgueiras; Requerimento n\u00ba 131/2019, do vereador Antero Gomes de Aguiar;"}, {"id": "5730", "ano": "2020", "numero": "39", "tipo__sigla": "REQ A", "tipo__descricao": "Requerimento (Regimento Antigo)", "autoria": "Gilson Fazolla Filgueiras", "texto_original": "http://sapl.uba.mg.leg.br/media/sapl/public/materialegislativa/2020/5730/requerimento_039.pdf", "ementa": "\u00c1 Secret\u00e1ria Municipal de Educa\u00e7\u00e3o, convocando-lhe a comparecer a esta Casa, na Reuni\u00e3o de 04/05/2020, esclarecer sobre: 1) Retorno dos alunos da rede municipal \u00e0s aulas; 2) Crit\u00e9rios de sele\u00e7\u00e3o de alunos para recebimento de cestas b\u00e1sicas durante o per\u00edodo de paralisa\u00e7\u00e3o."}, {"id": "5731", "ano": "2020", "numero": "40", "tipo__sigla": "REQ A", "tipo__descricao": "Requerimento (Regimento Antigo)", "autoria": "Jorge Cust\u00f3dio Gerv\u00e1sio", "texto_original": "http://sapl.uba.mg.leg.br/media/sapl/public/materialegislativa/2020/5731/requerimento_040.pdf", "ementa": "Cal\u00e7amento da rua Luiz Sperandio, bairro Mangueira Rural. Reitera os Requerimentos 216/18 e 110/19, de autoria do vereador Alexandre de Barros Mendes."}, {"id": "5732", "ano": "2020", "numero": "41", "tipo__sigla": "REQ A", "tipo__descricao": "Requerimento (Regimento Antigo)", "autoria": "Antero Gomes de Aguiar", "texto_original": "http://sapl.uba.mg.leg.br/media/sapl/public/materialegislativa/2020/5732/requerimento_041.pdf", "ementa": "Limpeza do c\u00f3rrego que passa entre os bairros Jo\u00e3o Teixeira e Jardim Esperan\u00e7a, no Tanquinho. Esta solicita\u00e7\u00e3o reitera a Indica\u00e7\u00e3o n\u00ba 073/2020, do suplente de vereador Ademir da Fonseca Firmiano."}, {"id": "5757", "ano": "2020", "numero": "42", "tipo__sigla": "REQ A", "tipo__descricao": "Requerimento (Regimento Antigo)", "autoria": "Jos\u00e9 Roberto Reis Filgueiras", "texto_original": "http://sapl.uba.mg.leg.br/media/sapl/public/materialegislativa/2020/5757/requerimento_042.pdf", "ementa": "Solicita uma opera\u00e7\u00e3o tapa-buracos na rua Amadeu Jos\u00e9 Schiavon, bairro Schiavon - REITERA a Indica\u00e7\u00e3o n\u00ba 008/2019 de autoria dos vereadores Edeir Pacheco da Costa e Gilson Fazolla Filgueiras"}, {"id": "5758", "ano": "2020", "numero": "43", "tipo__sigla": "REQ A", "tipo__descricao": "Requerimento (Regimento Antigo)", "autoria": "Jos\u00e9 Roberto Reis Filgueiras", "texto_original": "http://sapl.uba.mg.leg.br/media/", "ementa": "Solicita uma opera\u00e7\u00e3o tapa-buracos em todas as ruas do bairro S\u00e3o Jo\u00e3o - REITERA a Indica\u00e7\u00e3o n\u00ba 364/2019 de autoria do vereador Antero Gomes de Aguiar e o Requerimento n\u00ba 151/2019 de autoria dos vereadores Edeir Pacheco da Costa e Gilson Fazolla Filgueiras"}, {"id": "5759", "ano": "2020", "numero": "44", "tipo__sigla": "REQ A", "tipo__descricao": "Requerimento (Regimento Antigo)", "autoria": "Jane Cristina Lacerda Pinto", "texto_original": "http://sapl.uba.mg.leg.br/media/sapl/public/materialegislativa/2020/5759/requerimento_044.pdf", "ementa": "Solicita que determine \u00e0 Divis\u00e3o de Tr\u00e2nsito e Transporte P\u00fablico do munic\u00edpio que remeta \u00e0 esta Casa  explica\u00e7\u00f5es sobre os motivos da Via\u00e7\u00e3o Ub\u00e1 n\u00e3o estar mais realizando as linhas da Barrinha, Ubari, Miragaia e Diamante"}, {"id": "5760", "ano": "2020", "numero": "45", "tipo__sigla": "REQ A", "tipo__descricao": "Requerimento (Regimento Antigo)", "autoria": "Antero Gomes de Aguiar", "texto_original": "http://sapl.uba.mg.leg.br/media/sapl/public/materialegislativa/2020/5760/requerimento_045.pdf", "ementa": "Solicita a constru\u00e7\u00e3o de bueiros para capta\u00e7\u00e3o de \u00e1guas pluviais e recomposi\u00e7\u00e3o do asfalto no final da rua Mario Esp\u00f3sito, bairro Pires da Luz - REITERA parcialmente a Indica\u00e7\u00e3o n\u00ba 025/2020, de mesma autoria"}, {"id": "5761", "ano": "2020", "numero": "46", "tipo__sigla": "REQ A", "tipo__descricao": "Requerimento (Regimento Antigo)", "autoria": "Gilson Fazolla Filgueiras", "texto_original": "http://sapl.uba.mg.leg.br/media/sapl/public/materialegislativa/2020/5761/requerimento_046.pdf", "ementa": "Solicita a limpeza e capina da rua Joaquim Teixeira da Rocha, bairro Agroceres - REITERA a Indica\u00e7\u00e3o n\u00ba 206/2019, de mesma autoria"}, {"id": "5762", "ano": "2020", "numero": "47", "tipo__sigla": "REQ A", "tipo__descricao": "Requerimento (Regimento Antigo)", "autoria": "Gilson Fazolla Filgueiras", "texto_original": "http://sapl.uba.mg.leg.br/media/sapl/public/materialegislativa/2020/5762/requerimento_047.pdf", "ementa": "Solicita opera\u00e7\u00e3o tapa-buracos em todo o bairro S\u00e3o Judas Tadeu. Reitera a Indica\u00e7\u00e3o n\u00ba 352/2019, de autoria do vereador Jos\u00e9 Roberto Reis Filgueiras"}, {"id": "5763", "ano": "2020", "numero": "48", "tipo__sigla": "REQ A", "tipo__descricao": "Requerimento (Regimento Antigo)", "autoria": "Edeir Pacheco", "texto_original": "http://sapl.uba.mg.leg.br/media/", "ementa": "Solicita a limpeza geral do bairro Peluso - REITERA a Indica\u00e7\u00e3o n\u00ba 055/2019, de mesma autoria"}, {"id": "5764", "ano": "2020", "numero": "49", "tipo__sigla": "REQ A", "tipo__descricao": "Requerimento (Regimento Antigo)", "autoria": "Jos\u00e9 Roberto Reis Filgueiras", "texto_original": "http://sapl.uba.mg.leg.br/media/sapl/public/materialegislativa/2020/5764/requerimento_049.pdf", "ementa": "Solicita a recupera\u00e7\u00e3o da ponte do bairro Rosa de Toledo - REITERA a Indica\u00e7\u00e3o n\u00ba 029/2019, de autoria dos vereadores Gilson Fazolla Filgueiras e Edeir Pacheco"}, {"id": "5765", "ano": "2020", "numero": "51", "tipo__sigla": "REQ A", "tipo__descricao": "Requerimento (Regimento Antigo)", "autoria": "Gilson Fazolla Filgueiras", "texto_original": "http://sapl.uba.mg.leg.br/media/", "ementa": "Solicita uma opera\u00e7\u00e3o tapa-buracos em todo o bairro Primavera - REITERA a Indica\u00e7\u00e3o n\u00ba 063/2020, de autoria do vereador Edeir Pacheco da Costa"}, {"id": "5771", "ano": "2020", "numero": "54", "tipo__sigla": "REQ A", "tipo__descricao": "Requerimento (Regimento Antigo)", "autoria": "Antero Gomes de Aguiar", "texto_original": "http://sapl.uba.mg.leg.br/media/sapl/public/materialegislativa/2020/5771/requerimento_054.pdf", "ementa": "Ao Prefeito, solicitando o cascalhamento da estrada que compreende as comunidades Santo Anast\u00e1cio e 13 de Maio. Reitera parcialmente a Indica\u00e7\u00e3o n\u00ba 064/18 e Requerimento n\u00ba 063/19, de mesma autoria, e o Requerimento n\u00ba 142/18, de autoria do vereador Luis Carlos Teixeira Ribeiro."}, {"id": "5784", "ano": "2020", "numero": "55", "tipo__sigla": "REQ A", "tipo__descricao": "Requerimento (Regimento Antigo)", "autoria": "Jorge Cust\u00f3dio Gerv\u00e1sio", "texto_original": "http://sapl.uba.mg.leg.br/media/sapl/public/materialegislativa/2020/5784/requerimento_055.pdf", "ementa": "Ao Prefeito, solicitando remeta a esta Casa, nos termos do Par\u00e1grafo \u00danico do art. 56 da Lei Org\u00e2nica Municipal, informa\u00e7\u00f5es que especifica, sobre a situa\u00e7\u00e3o do contrato firmado entre o munic\u00edpio e a Via\u00e7\u00e3o Ub\u00e1 para realiza\u00e7\u00e3o de transporte escolar, durante a paralisa\u00e7\u00e3o das aulas em virtude da pandemia da Covid-19."}, {"id": "5787", "ano": "2020", "numero": "56", "tipo__sigla": "REQ A", "tipo__descricao": "Requerimento (Regimento Antigo)", "autoria": "Jos\u00e9 Roberto Reis Filgueiras", "texto_original": "http://sapl.uba.mg.leg.br/media/sapl/public/materialegislativa/2020/5787/req_056-20_jroberto__limpeza_da_rua_maria_da_gloria_araujo_altair_rocha.docx", "ementa": "Ao Prefeito, solicitando a limpeza da rua Maria da Gl\u00f3ria Ara\u00fajo, bairro Altair Rocha. Reitera a Indica\u00e7\u00e3o n\u00ba 110/2019, de mesma autoria."}, {"id": "5782", "ano": "2020", "numero": "57", "tipo__sigla": "REQ A", "tipo__descricao": "Requerimento (Regimento Antigo)", "autoria": "Gilson Fazolla Filgueiras", "texto_original": "http://sapl.uba.mg.leg.br/media/sapl/public/materialegislativa/2020/5782/requerimento_057.pdf", "ementa": "Ao Prefeito, solicitando a instala\u00e7\u00e3o de dois postes na rua Ceci Peron, bairro Agroceres; um poste em frente ao n\u00b0 047 da Rua Jofre Costa Marques, bairro Olaria; e um poste na rua Jade, bairro Santa Rosa. Reitera as Indica\u00e7\u00f5es n\u00ba 182/2019 e 316/2019, de mesma autoria."}, {"id": "5777", "ano": "2020", "numero": "58", "tipo__sigla": "REQ A", "tipo__descricao": "Requerimento (Regimento Antigo)", "autoria": "Edeir Pacheco", "texto_original": "http://sapl.uba.mg.leg.br/media/sapl/public/materialegislativa/2020/5777/requerimento_058.pdf", "ementa": "Ao Prefeito, solicitando a limpeza da pra\u00e7a do bairro Talma. Reitera a Ind. n\u00ba 048/2019 e Req. n\u00ba 073/2019, de autoria dos vereadores Edeir Pacheco da Costa e Gilson Fazolla Filgueiras; Requerimento n\u00ba 083/2019, de autoria dos vereadores Edeir Pacheco da Costa e Luis Carlos Teixeira Ribeiro."}, {"id": "5778", "ano": "2020", "numero": "59", "tipo__sigla": "REQ A", "tipo__descricao": "Requerimento (Regimento Antigo)", "autoria": "Edeir Pacheco", "texto_original": "http://sapl.uba.mg.leg.br/media/sapl/public/materialegislativa/2020/5778/requerimento_059.pdf", "ementa": "Ao Prefeito, solicitando uma opera\u00e7\u00e3o tapa-buracos na rua Amadeu Jos\u00e9 Schiavon, bairro Schiavon. Reitera a Ind. 008/2019 e Req. 092/2019, de autoria dos vereadores Edeir Pacheco da Costa e Gilson Fazolla Filgueiras; Req. 042/2020, de autoria do vereador Jos\u00e9 Roberto Reis Filgueiras."}, {"id": "5818", "ano": "2020", "numero": "60", "tipo__sigla": "REQ A", "tipo__descricao": "Requerimento (Regimento Antigo)", "autoria": "Luis Carlos Teixeira Ribeiro", "texto_original": "http://sapl.uba.mg.leg.br/media/sapl/public/materialegislativa/2020/5818/requerimento_060.pdf", "ementa": "ao Prefeito, solicitando a constru\u00e7\u00e3o de pelo menos 02 quebra-molas ao longo da rua M\u00e1rio Esp\u00f3sito, bairro Pires da Luz. Reitera o Requerimento n\u00ba 164/2018, de mesma autoria, e a Indica\u00e7\u00e3o n\u00ba 522/2017, de autoria do vereador Antero Gomes de Aguiar."}, {"id": "5815", "ano": "2020", "numero": "61", "tipo__sigla": "REQ A", "tipo__descricao": "Requerimento (Regimento Antigo)", "autoria": "Jos\u00e9 Roberto Reis Filgueiras", "texto_original": "http://sapl.uba.mg.leg.br/media/sapl/public/materialegislativa/2020/5815/requerimento_061.pdf", "ementa": "\u00e0 Secret\u00e1ria Municipal de Sa\u00fade, ao Gerente da Divis\u00e3o de Fiscaliza\u00e7\u00e3o e Regulariza\u00e7\u00e3o Ambiental da Prefeitura Municipal, e \u00e0 Promotora de Justi\u00e7a, Sra. Thereza Rachel d'\u00c1vila Riani, convidando-os a participarem de uma reuni\u00e3o nesta Casa para tratar sobre o posicionamento do \u00f3rg\u00e3o que representam frente \u00e0 pandemia do covid-19"}, {"id": "5799", "ano": "2020", "numero": "62", "tipo__sigla": "REQ A", "tipo__descricao": "Requerimento (Regimento Antigo)", "autoria": "Edeir Pacheco", "texto_original": "http://sapl.uba.mg.leg.br/media/sapl/public/materialegislativa/2020/5799/req_062-20_edeir_operacao_tapa-buracos_no_bairro_sao_joao.docx", "ementa": "ao Prefeito, solicitando uma opera\u00e7\u00e3o tapa-buracos no bairro S\u00e3o Jo\u00e3o."}, {"id": "5800", "ano": "2020", "numero": "63", "tipo__sigla": "REQ A", "tipo__descricao": "Requerimento (Regimento Antigo)", "autoria": "Edeir Pacheco", "texto_original": "http://sapl.uba.mg.leg.br/media/sapl/public/materialegislativa/2020/5800/req_063-20_edeir_limpeza_da_rua_que_liga_o_bairro_schiavon_a_parte_alta_do_bairro_vila_casal_morro_do_querosene.docx", "ementa": "ao Prefeito, solicitando a limpeza da rua que liga o bairro Schiavon \u00e0 parte alta do bairro Vila Casal (Morro do Querosene). Reitera a Ind. 201/2019, de autoria do Vereador Antero Gomes de Aguiar."}, {"id": "5801", "ano": "2020", "numero": "64", "tipo__sigla": "REQ A", "tipo__descricao": "Requerimento (Regimento Antigo)", "autoria": "Edeir Pacheco", "texto_original": "http://sapl.uba.mg.leg.br/media/sapl/public/materialegislativa/2020/5801/req_064-20_edeir_informacoes_sobre_as_grades_de_isolamento_da_praca_da_independencia.docx", "ementa": "ao Prefeito, solicitando que remeta a esta Casa, informa\u00e7\u00f5es: 1) As grades utilizadas para fazer o isolamento da Pra\u00e7a da Independ\u00eancia s\u00e3o de propriedade do munic\u00edpio ou alugadas? 2) Caso sejam alugadas, qual o valor pago e qual o tempo de vig\u00eancia do contrato de aluguel?"}, {"id": "5794", "ano": "2020", "numero": "65", "tipo__sigla": "REQ A", "tipo__descricao": "Requerimento (Regimento Antigo)", "autoria": "Antero Gomes de Aguiar", "texto_original": "http://sapl.uba.mg.leg.br/media/sapl/public/materialegislativa/2020/5794/requerimento_065.pdf", "ementa": "ao Prefeito, solicitando uma opera\u00e7\u00e3o tapa-buracos na rua Sebasti\u00e3o Paiva Soares, bairro S\u00e3o Domingos. Reitera a Indica\u00e7\u00e3o n\u00ba 097/2020, de mesma autoria."}, {"id": "5795", "ano": "2020", "numero": "66", "tipo__sigla": "REQ A", "tipo__descricao": "Requerimento (Regimento Antigo)", "autoria": "Antero Gomes de Aguiar", "texto_original": "http://sapl.uba.mg.leg.br/media/sapl/public/materialegislativa/2020/5795/req_066-20_antero_capina_e_limpeza_de_todas_as_ruas_do_santa_edwiges_ii.docx", "ementa": "ao Prefeito, solicitando a capina e limpeza de todas as ruas do bairro Santa Edwiges II. Reitera a Indica\u00e7\u00e3o n\u00ba 012/2020, de autoria do vereador Jorge Cust\u00f3dio Gerv\u00e1sio."}, {"id": "5812", "ano": "2020", "numero": "67", "tipo__sigla": "REQ A", "tipo__descricao": "Requerimento (Regimento Antigo)", "autoria": "Gilson Fazolla Filgueiras", "texto_original": "http://sapl.uba.mg.leg.br/media/sapl/public/materialegislativa/2020/5812/requerimento_067.pdf", "ementa": "ao Prefeito, solicitando a instala\u00e7\u00e3o de uma lumin\u00e1ria no poste n\u00ba 1/7113755-7, localizado em frente \u00e0 resid\u00eancia de n\u00ba 210 da rua Jurandir Peron, bairro Agroceres. Reitera a Indica\u00e7\u00e3o n\u00ba 520/2017, de autoria dos vereadores Edeir Pacheco, Gilson Fazolla e Joseli An\u00edsio Pinto."}, {"id": "5873", "ano": "2020", "numero": "68", "tipo__sigla": "REQ A", "tipo__descricao": "Requerimento (Regimento Antigo)", "autoria": "Ademir da Fonseca Firmiano", "texto_original": "http://sapl.uba.mg.leg.br/media/sapl/public/materialegislativa/2020/5873/requerimento_068.pdf", "ementa": "Ao Prefeito, solicitando que remeta a esta Casa, nos termos do Par\u00e1grafo \u00danico do art. 56 da Lei Org\u00e2nica Municipal, a rela\u00e7\u00e3o de todos os cargos comissionados ocupados na Prefeitura Municipal, no per\u00edodo de novembro de 2016 a maio de 2020, incluindo vencimentos e nome completo dos servidores, bem como a data das nomea\u00e7\u00f5es e exonera\u00e7\u00f5es, quando houver."}, {"id": "5874", "ano": "2020", "numero": "69", "tipo__sigla": "REQ A", "tipo__descricao": "Requerimento (Regimento Antigo)", "autoria": "Ademir da Fonseca Firmiano", "texto_original": "http://sapl.uba.mg.leg.br/media/sapl/public/materialegislativa/2020/5874/requerimento_069.pdf", "ementa": "Ao Prefeito, solicitando que remeta a esta Casa, nos termos do Par\u00e1grafo \u00danico do art. 56 da Lei Org\u00e2nica Municipal, Presta\u00e7\u00e3o de contas dos recursos recebidos pela Prefeitura Municipal para enfrentamento do covid-19 e  valor gasto pela Prefeitura Municipal para funcionamento das barreiras sanit\u00e1rias instaladas nos acessos da cidade."}, {"id": "5875", "ano": "2020", "numero": "70", "tipo__sigla": "REQ A", "tipo__descricao": "Requerimento (Regimento Antigo)", "autoria": "Ademir da Fonseca Firmiano", "texto_original": "http://sapl.uba.mg.leg.br/media/sapl/public/materialegislativa/2020/5875/requerimento_070.pdf", "ementa": "Ao Prefeito, solicitando que remeta a esta Casa, nos termos do Par\u00e1grafo \u00danico do art. 56 da Lei Org\u00e2nica Municipal, a presta\u00e7\u00e3o de contas sobre os servi\u00e7os realizados e valores pagos \u00e0s empreiteiras, atual e anterior, respons\u00e1veis pela obra da ponte da avenida Cristiano Ro\u00e7as, no Centro."}, {"id": "5876", "ano": "2020", "numero": "71", "tipo__sigla": "REQ A", "tipo__descricao": "Requerimento (Regimento Antigo)", "autoria": "Ademir da Fonseca Firmiano", "texto_original": "http://sapl.uba.mg.leg.br/media/sapl/public/materialegislativa/2020/5876/requerimento_071.pdf", "ementa": "Ao Prefeito, solicitando que remeta a esta Casa, nos termos do Par\u00e1grafo \u00danico do art. 56 da Lei Org\u00e2nica Municipal, c\u00f3pia do contrato de execu\u00e7\u00e3o das obras da escola que ser\u00e1 constru\u00edda no Residencial Solar de Ub\u00e1."}, {"id": "5877", "ano": "2020", "numero": "72", "tipo__sigla": "REQ A", "tipo__descricao": "Requerimento (Regimento Antigo)", "autoria": "Antero Gomes de Aguiar", "texto_original": "http://sapl.uba.mg.leg.br/media/sapl/public/materialegislativa/2020/5877/requerimento_072.pdf", "ementa": "Ao Prefeito, solicitando instala\u00e7\u00e3o de um poste de ilumina\u00e7\u00e3o p\u00fablica no final da rua Luiz M\u00e9dice, bairro Peluso, em frente ao n\u00ba 193, a pedido dos moradores. Reitera a Indica\u00e7\u00e3o n\u00ba 486/2017, de mesma autoria."}, {"id": "5878", "ano": "2020", "numero": "73", "tipo__sigla": "REQ A", "tipo__descricao": "Requerimento (Regimento Antigo)", "autoria": "Antero Gomes de Aguiar", "texto_original": "http://sapl.uba.mg.leg.br/media/sapl/public/materialegislativa/2020/5878/requerimento_073.pdf", "ementa": "Ao Prefeito, solicitando a instala\u00e7\u00e3o de um segundo bra\u00e7o de lumin\u00e1ria na rua Os\u00e9ias Maranh\u00e3o, esquina com a rua Edgard Lemos Duarte, bairro Os\u00e9ias Maranh\u00e3o, pois apenas uma delas encontra-se iluminada. Reitera a Indica\u00e7\u00e3o n\u00ba 112/2019, de mesma autoria."}, {"id": "5879", "ano": "2020", "numero": "74", "tipo__sigla": "REQ A", "tipo__descricao": "Requerimento (Regimento Antigo)", "autoria": "Edeir Pacheco", "texto_original": "http://sapl.uba.mg.leg.br/media/sapl/public/materialegislativa/2020/5879/requerimento_074.pdf", "ementa": "Ao Prefeito, solicitando a constru\u00e7\u00e3o de um bueiro nas proximidades do n\u00ba 1500 da rua Francisco Teixeira de Abreu, bairro Palmeiras. Reitera a Indica\u00e7\u00e3o n\u00ba 458/17 e os Requerimentos n\u00ba 277/2017 e 081/2019, de autoria dos vereadores Gilson Fazolla Filgueiras e Edeir Pacheco da Costa."}, {"id": "5838", "ano": "2020", "numero": "75", "tipo__sigla": "REQ A", "tipo__descricao": "Requerimento (Regimento Antigo)", "autoria": "Luis Carlos Teixeira Ribeiro", "texto_original": "http://sapl.uba.mg.leg.br/media/sapl/public/materialegislativa/2020/5838/requerimento_075.pdf", "ementa": "Solicita a constru\u00e7\u00e3o de 02 quebra-molas na rua Pedro Paiva, bairro Laurindo de Castro, a pedido dos moradores. \r\nReitera a Indica\u00e7\u00e3o n\u00ba 598/2017 e Requerimento n\u00ba 260/2017, de autoria do vereador Alexandre de Barros Mendes;"}, {"id": "5839", "ano": "2020", "numero": "76", "tipo__sigla": "REQ A", "tipo__descricao": "Requerimento (Regimento Antigo)", "autoria": "Luis Carlos Teixeira Ribeiro", "texto_original": "http://sapl.uba.mg.leg.br/media/sapl/public/materialegislativa/2020/5839/requerimento_076.pdf", "ementa": "Solicita o recapeamento asf\u00e1ltico da rua Dico Teixeira, bairro Dico Teixeira. \r\n\r\nReitera parcialmente a Indica\u00e7\u00e3o n\u00ba 370/2017, de autoria do vereador Antero Gomes de Aguiar, o Requerimento n\u00ba 244/2018, de autoria dos vereadores Gilson Fazolla Filgueiras e Edeir Pacheco da Costa, e o Requerimento n\u00ba 279/2018, de autoria do vereador Alexandre de Barros Mendes."}, {"id": "5840", "ano": "2020", "numero": "77", "tipo__sigla": "REQ A", "tipo__descricao": "Requerimento (Regimento Antigo)", "autoria": "Gilson Fazolla Filgueiras", "texto_original": "http://sapl.uba.mg.leg.br/media/sapl/public/materialegislativa/2020/5840/requerimento_077.pdf", "ementa": "Solicita a devida sinaliza\u00e7\u00e3o em toda a extens\u00e3o da avenida Oleg\u00e1rio Maciel, com pintura de faixa divis\u00f3ria de pista indicando m\u00e3o dupla; retirada da sinaliza\u00e7\u00e3o, faixa de delimita\u00e7\u00e3o de pista e tach\u00f5es da ciclovia; pintura de faixas de pedestres e instala\u00e7\u00e3o de placas de proibi\u00e7\u00e3o de estacionamento ao longo da avenida, exceto para carga e descarga. \r\n\r\nReitera a Indica\u00e7\u00e3o n\u00ba 051/2020, de mesma autoria"}, {"id": "5841", "ano": "2020", "numero": "78", "tipo__sigla": "REQ A", "tipo__descricao": "Requerimento (Regimento Antigo)", "autoria": "", "texto_original": "http://sapl.uba.mg.leg.br/media/sapl/public/materialegislativa/2020/5841/requerimento_078.pdf", "ementa": "Solicita a limpeza e capina geral do bairro Peluso. \r\n\r\nReitera a Indica\u00e7\u00e3o n\u00ba 055/2019 e o Requerimento n\u00ba 048/2020, de mesma autoria."}, {"id": "5842", "ano": "2020", "numero": "79", "tipo__sigla": "REQ A", "tipo__descricao": "Requerimento (Regimento Antigo)", "autoria": "Edeir Pacheco", "texto_original": "http://sapl.uba.mg.leg.br/media/sapl/public/materialegislativa/2020/5842/requerimento_079.pdf", "ementa": "Solicita que remeta a esta Casa, nos termos do Par\u00e1grafo \u00danico do art. 56 da Lei Org\u00e2nica Municipal, as seguintes informa\u00e7\u00f5es sobre o Preg\u00e3o Eletr\u00f4nico n\u00ba 152/2018: \r\n1) Todos os computadores foram entregues pela empresa vencedora do certame? \r\n2) Para quais unidades/setores da Secretaria Municipal de Sa\u00fade os computadores foram destinados? \r\n3) Todos os computadores est\u00e3o em pleno funcionamento?"}, {"id": "5915", "ano": "2020", "numero": "80", "tipo__sigla": "REQ A", "tipo__descricao": "Requerimento (Regimento Antigo)", "autoria": "Gilson Fazolla Filgueiras", "texto_original": "http://sapl.uba.mg.leg.br/media/sapl/public/materialegislativa/2020/5915/requerimento_080.pdf", "ementa": "Instala\u00e7\u00e3o de academias ao ar livre, nos moldes da que existe na avenida Beira-Rio, nos bairros Boa Vista, Barrinha e Liga\u00e7\u00e3o. Reitera as Indica\u00e7\u00f5es n\u00ba 001/2019, 347/2019 e 348/2019, de autoria dos vereadores Edeir Pacheco e Gilson Fazolla, e o Requerimento n\u00ba 142/2019, de autoria da vereadora Maria Auxiliadora Duarte Montezano."}, {"id": "5916", "ano": "2020", "numero": "81", "tipo__sigla": "REQ A", "tipo__descricao": "Requerimento (Regimento Antigo)", "autoria": "Gilson Fazolla Filgueiras", "texto_original": "http://sapl.uba.mg.leg.br/media/sapl/public/materialegislativa/2020/5916/requerimento_081.pdf", "ementa": "Limpeza do c\u00f3rrego do bairro Palmeiras. Reitera o Requerimento n\u00ba 048/2019, de autoria dos vereadores Edeir Pacheco da Costa, Gilson Fazolla Filgueiras e Rosangela Maria Alfenas de Andrade."}, {"id": "5917", "ano": "2020", "numero": "82", "tipo__sigla": "REQ A", "tipo__descricao": "Requerimento (Regimento Antigo)", "autoria": "Edeir Pacheco", "texto_original": "http://sapl.uba.mg.leg.br/media/sapl/public/materialegislativa/2020/5917/requerimento_082.pdf", "ementa": "Opera\u00e7\u00e3o tapa-buracos em todo o bairro Santa Bernadete. Reitera a Indica\u00e7\u00e3o n\u00ba 193/2020, de autoria do vereador Gilson Fazolla Filgueiras."}, {"id": "5918", "ano": "2020", "numero": "83", "tipo__sigla": "REQ A", "tipo__descricao": "Requerimento (Regimento Antigo)", "autoria": "Edeir Pacheco", "texto_original": "http://sapl.uba.mg.leg.br/media/sapl/public/materialegislativa/2020/5918/requerimento_083.pdf", "ementa": "Recapeamento asf\u00e1ltico da Travessa Perim, bairro Santa Luzia. Reitera a Indica\u00e7\u00e3o n\u00ba 115/2020, de autoria do ver. Luis Carlos Teixeira Ribeiro."}, {"id": "5911", "ano": "2020", "numero": "84", "tipo__sigla": "REQ A", "tipo__descricao": "Requerimento (Regimento Antigo)", "autoria": "Antero Gomes de Aguiar", "texto_original": "http://sapl.uba.mg.leg.br/media/sapl/public/materialegislativa/2020/5911/requerimento_084.pdf", "ementa": "Opera\u00e7\u00e3o tapa-buracos na entrada da rua Alberto Rodrigues Bai\u00e3o, bairro S\u00e3o Jo\u00e3o. Reitera o Requerimento n\u00ba 043/2018, de mesma autoria, e o Requerimento n\u00ba 134/2018, de autoria do vereador Alexandre de Barros Mendes."}, {"id": "5951", "ano": "2020", "numero": "85", "tipo__sigla": "REQ A", "tipo__descricao": "Requerimento (Regimento Antigo)", "autoria": "Edeir Pacheco", "texto_original": "http://sapl.uba.mg.leg.br/media/sapl/public/materialegislativa/2020/5951/requerimento_085.pdf", "ementa": "Ao Prefeito, solicitando que remeta a esta Casa, nos termos do Par\u00e1grafo \u00danico do art. 56 da Lei Org\u00e2nica Municipal, as seguintes informa\u00e7\u00f5es: Presta\u00e7\u00e3o de contas com descri\u00e7\u00e3o completa dos servi\u00e7os realizados pela empresa Delta Produ\u00e7\u00f5es Ltda., previstos no Contrato n\u00ba 207/2018, referentes especificamente ao fornecimento de grades para isolamento da Pra\u00e7a da Independ\u00eancia, contendo os itens alugados e quantidade de cada um, data de in\u00edcio e data final do fornecimento, valores pagos por cada item e valor total de pagamento para este fim."}, {"id": "5912", "ano": "2020", "numero": "86", "tipo__sigla": "REQ A", "tipo__descricao": "Requerimento (Regimento Antigo)", "autoria": "Edeir Pacheco", "texto_original": "http://sapl.uba.mg.leg.br/media/sapl/public/materialegislativa/2020/5912/requerimento_086.pdf", "ementa": "Solicita ao Prefeito que remeta a esta Casa, nos termos do Par\u00e1grafo \u00danico do art. 56 da Lei Org\u00e2nica Municipal, as seguintes informa\u00e7\u00f5es sobre as barreiras sanit\u00e1rias instaladas nas entradas da cidade: 1) O servi\u00e7o \u00e9 exercido por funcion\u00e1rios da Prefeitura ou terceirizados? 2) No caso de terceiriza\u00e7\u00e3o, quais as empresas participaram do processo para a presta\u00e7\u00e3o desse servi\u00e7o? 3) Qual o valor pago para manuten\u00e7\u00e3o das barreiras sanit\u00e1rias?"}, {"id": "5913", "ano": "2020", "numero": "87", "tipo__sigla": "REQ A", "tipo__descricao": "Requerimento (Regimento Antigo)", "autoria": "Edeir Pacheco, Gilson Fazolla Filgueiras", "texto_original": "http://sapl.uba.mg.leg.br/media/sapl/public/materialegislativa/2020/5913/requerimento_086.pdf", "ementa": "Ao Prefeito, solicitando remeta  a esta Casa, nos termos do Par\u00e1grafo \u00danico do art. 56 da Lei Org\u00e2nica Municipal, as seguintes informa\u00e7\u00f5es:1) Os equipamentos (grades, banheiro, tendas) utilizados na Feira Livre que tem sido realizada na Pra\u00e7a Guido Marliere pertencem ao munic\u00edpio ou a uma empresa particular? 2) No caso de empresa particular, solicita o valor pago por cada item, tempo de loca\u00e7\u00e3o e c\u00f3pia do contrato de presta\u00e7\u00e3o de servi\u00e7o."}, {"id": "5914", "ano": "2020", "numero": "88", "tipo__sigla": "REQ A", "tipo__descricao": "Requerimento (Regimento Antigo)", "autoria": "Luis Carlos Teixeira Ribeiro", "texto_original": "http://sapl.uba.mg.leg.br/media/sapl/public/materialegislativa/2020/5914/requerimento_088.pdf", "ementa": "Patrolamento da estrada do campo do Azul\u00e3o. Reitera parcialmente a Indica\u00e7\u00e3o n\u00ba 199/2019, de autoria da vereadora Jane Cristina Lacerda Pinto, e o Requerimento n\u00ba 132/2019, de autoria do vereador Gilson Fazolla Filgueiras."}, {"id": "5952", "ano": "2020", "numero": "89", "tipo__sigla": "REQ A", "tipo__descricao": "Requerimento (Regimento Antigo)", "autoria": "Antero Gomes de Aguiar", "texto_original": "http://sapl.uba.mg.leg.br/media/sapl/public/materialegislativa/2020/5952/requerimento_089.pdf", "ementa": "Constru\u00e7\u00e3o de um bueiro e recapeamento asf\u00e1ltico da rua Maria Duarte Cancella, bairro Antonina Coelho (COHAB). Reitera parcialmente a Indica\u00e7\u00e3o n\u00ba 027/2019, de mesma autoria."}, {"id": "5953", "ano": "2020", "numero": "90", "tipo__sigla": "REQ A", "tipo__descricao": "Requerimento (Regimento Antigo)", "autoria": "Antero Gomes de Aguiar", "texto_original": "http://sapl.uba.mg.leg.br/media/sapl/public/materialegislativa/2020/5953/requerimento_090.pdf", "ementa": "Constru\u00e7\u00e3o de um quebra-molas em frente ao n\u00ba 67 da rua Jos\u00e9 Louren\u00e7o da Silva, bairro da Luz. Reitera a Indica\u00e7\u00e3o n\u00ba 190/2017, de autoria da vereadora Jane Cristina Lacerda, e os Requerimentos n\u00ba 060/2018 e 041/2019, de autoria do vereador Jorge Cust\u00f3dio Gerv\u00e1sio."}, {"id": "5954", "ano": "2020", "numero": "91", "tipo__sigla": "REQ A", "tipo__descricao": "Requerimento (Regimento Antigo)", "autoria": "Gilson Fazolla Filgueiras", "texto_original": "http://sapl.uba.mg.leg.br/media/sapl/public/materialegislativa/2020/5954/requerimento_091.pdf", "ementa": "Tapamento de quatro buracos na Rua Dario Vieira, bairro Palmeiras. Reitera parcialmente a Indica\u00e7\u00e3o 033/2019 de autoria do Vereador Jos\u00e9 Roberto Reis Filgueiras."}, {"id": "5970", "ano": "2020", "numero": "92", "tipo__sigla": "REQ A", "tipo__descricao": "Requerimento (Regimento Antigo)", "autoria": "Gilson Fazolla Filgueiras", "texto_original": "http://sapl.uba.mg.leg.br/media/sapl/public/materialegislativa/2020/5970/requerimento_092.pdf", "ementa": "Limpeza, nivelamento e cal\u00e7amento da rua Sebasti\u00e3o Bressan, bairro S\u00e3o Francisco de Assis."}, {"id": "5971", "ano": "2020", "numero": "93", "tipo__sigla": "REQ A", "tipo__descricao": "Requerimento (Regimento Antigo)", "autoria": "Antero Gomes de Aguiar", "texto_original": "http://sapl.uba.mg.leg.br/media/sapl/public/materialegislativa/2020/5971/requerimento_093.pdf", "ementa": "Limpeza de todas as ruas do bairro S\u00e3o Domingos. Reitera o Requerimento n\u00ba 010/2020, de mesma autoria"}, {"id": "5972", "ano": "2020", "numero": "94", "tipo__sigla": "REQ A", "tipo__descricao": "Requerimento (Regimento Antigo)", "autoria": "Antero Gomes de Aguiar", "texto_original": "http://sapl.uba.mg.leg.br/media/sapl/public/materialegislativa/2020/5972/requerimento_094.pdf", "ementa": "Manuten\u00e7\u00e3o da estrada da comunidade da Pedra Branca, com a coloca\u00e7\u00e3o de fundo de pedreira. Reitera o Requerimento n\u00ba 033/2020, de autoria do vereador Edeir Pacheco, e Indica\u00e7\u00e3o 048/2020, de autoria do vereador Lu\u00eds Carlos Teixeira Ribeiro."}, {"id": "5973", "ano": "2020", "numero": "95", "tipo__sigla": "REQ A", "tipo__descricao": "Requerimento (Regimento Antigo)", "autoria": "Jos\u00e9 Roberto Reis Filgueiras", "texto_original": "http://sapl.uba.mg.leg.br/media/sapl/public/materialegislativa/2020/5973/requerimento_095.pdf", "ementa": "Capina e limpeza geral do bairro Altair Rocha. Reitera a Indica\u00e7\u00e3o n\u00ba 035/2020, de autoria do vereador Jos\u00e9 Roberto Reis Filgueiras, e o Requerimento n\u00ba 053/2020, de mesma autoria."}, {"id": "5974", "ano": "2020", "numero": "96", "tipo__sigla": "REQ A", "tipo__descricao": "Requerimento (Regimento Antigo)", "autoria": "Gilson Fazolla Filgueiras", "texto_original": "http://sapl.uba.mg.leg.br/media/sapl/public/materialegislativa/2020/5974/requerimento_096.pdf", "ementa": "Capina e limpeza geral do bairro S\u00e3o Lucas. Reitera a Indica\u00e7\u00e3o n\u00ba 041/2020, de mesma autoria."}, {"id": "5975", "ano": "2020", "numero": "97", "tipo__sigla": "REQ A", "tipo__descricao": "Requerimento (Regimento Antigo)", "autoria": "Antero Gomes de Aguiar", "texto_original": "http://sapl.uba.mg.leg.br/media/sapl/public/materialegislativa/2020/5975/requerimento_097.pdf", "ementa": "Extens\u00e3o da rede de \u00e1guas pluviais com instala\u00e7\u00e3o de oito manilhas na entrada da comunidade da Barrinha, ao lado da casa do Sr. Pestana. Reitera a Indica\u00e7\u00e3o 197/2020, de autoria do vereador Jos\u00e9 Roberto Filgueiras."}, {"id": "6019", "ano": "2020", "numero": "98", "tipo__sigla": "REQ A", "tipo__descricao": "Requerimento (Regimento Antigo)", "autoria": "", "texto_original": "http://sapl.uba.mg.leg.br/media/sapl/public/materialegislativa/2020/6019/requerimento_098.pdf", "ementa": "Recomposi\u00e7\u00e3o do cal\u00e7amento de pedra da rua Roberta de Oliveira, pr\u00f3ximo \u00e0 Escola Estadual S\u00e3o Jos\u00e9, no bairro Primavera. Reitera a Indica\u00e7\u00e3o n\u00ba 045/2020, de mesma autoria."}, {"id": "6020", "ano": "2020", "numero": "99", "tipo__sigla": "REQ A", "tipo__descricao": "Requerimento (Regimento Antigo)", "autoria": "Jos\u00e9 Roberto Reis Filgueiras", "texto_original": "http://sapl.uba.mg.leg.br/media/sapl/public/materialegislativa/2020/6020/requerimento_099.pdf", "ementa": "recomposi\u00e7\u00e3o do cal\u00e7amento de pedra da rua S\u00edlvio de Melo Quaglieta, bairro Encosta do Sol. Reitera a Indica\u00e7\u00e3o n\u00ba 253/2019, de mesma autoria."}, {"id": "6021", "ano": "2020", "numero": "100", "tipo__sigla": "REQ A", "tipo__descricao": "Requerimento (Regimento Antigo)", "autoria": "Antero Gomes de Aguiar", "texto_original": "http://sapl.uba.mg.leg.br/media/sapl/public/materialegislativa/2020/6021/requerimento_100.pdf", "ementa": "Cascalhamento das estradas da comunidade de Ub\u00e1 Pequeno. Reitera a Indica\u00e7\u00e3o n\u00ba 219/2019, de mesma autoria."}, {"id": "6022", "ano": "2020", "numero": "101", "tipo__sigla": "REQ A", "tipo__descricao": "Requerimento (Regimento Antigo)", "autoria": "Edeir Pacheco", "texto_original": "http://sapl.uba.mg.leg.br/media/", "ementa": "Patrolamento e cascalhamento da estrada do C\u00f3rrego dos Braguinhas. Reitera a Indica\u00e7\u00e3o n\u00ba 022/2018 e o Requerimento n\u00ba 094/2018, de autoria dos vereadores Edeir Pacheco e Gilson Fazolla, e o Requerimento n\u00ba 052/2020, de mesma autoria."}, {"id": "6023", "ano": "2020", "numero": "102", "tipo__sigla": "REQ A", "tipo__descricao": "Requerimento (Regimento Antigo)", "autoria": "Gilson Fazolla Filgueiras", "texto_original": "http://sapl.uba.mg.leg.br/media/sapl/public/materialegislativa/2020/6023/requerimento_102.pdf", "ementa": "Constru\u00e7\u00e3o de muro de gabi\u00e3o na cabeceira da ponte de madeira, na rua Pedro Candian, bairro Tri\u00e2ngulo. Esta solicita\u00e7\u00e3o reitera a Indica\u00e7\u00e3o n\u00ba 109/2020, de mesma autoria."}, {"id": "6158", "ano": "2020", "numero": "103", "tipo__sigla": "REQ A", "tipo__descricao": "Requerimento (Regimento Antigo)", "autoria": "Luis Carlos Teixeira Ribeiro", "texto_original": "http://sapl.uba.mg.leg.br/media/sapl/public/materialegislativa/2020/6158/requerimento_103.pdf", "ementa": "Recomposi\u00e7\u00e3o do cal\u00e7amento da rua Guerino Peron, bairro Cristal. Reitera a Indica\u00e7\u00e3o n\u00ba 053/2019, de autoria dos vereadores Edeir Pacheco da Costa, Gilson Fazolla Filgueiras e Rosangela Maria Alfenas de Andrade."}, {"id": "6159", "ano": "2020", "numero": "104", "tipo__sigla": "REQ A", "tipo__descricao": "Requerimento (Regimento Antigo)", "autoria": "Luis Carlos Teixeira Ribeiro", "texto_original": "http://sapl.uba.mg.leg.br/media/sapl/public/materialegislativa/2020/6159/requerimento_104.pdf", "ementa": "Cal\u00e7amento da rua S\u00e3o Dion\u00edsio, bairro Talma. \r\n\r\nReitera a Ind. n\u00ba 348/2017 - Darci Pires da Silva, Edeir Pacheco da Costa, Gilson Fazolla Filgueiras e Joseli An\u00edsio Pinto; Indica\u00e7\u00e3o n\u00ba 170/2019 - Edeir Pacheco da Costa; Requerimento n\u00ba 162/2017 - Luis Carlos Teixeira Ribeiro; Requerimento n\u00ba 120/2018 - Edeir Pacheco da Costa e Gilson Fazolla Filgueiras; Requerimento n\u00ba 116/2019 - Gilson Fazolla Filgueiras; e Requerimentos n\u00ba 007/2020 e 038/2020 - Luis Carlos Teixeira Ribeiro"}, {"id": "6187", "ano": "2020", "numero": "105", "tipo__sigla": "REQ A", "tipo__descricao": "Requerimento (Regimento Antigo)", "autoria": "Gilson Fazolla Filgueiras", "texto_original": "http://sapl.uba.mg.leg.br/media/sapl/public/materialegislativa/2020/6187/requerimento_105.pdf", "ementa": "Recomposi\u00e7\u00e3o do cal\u00e7amento da rua Roberta de Oliveira, bairro Primavera. Reitera a Indica\u00e7\u00e3o n\u00ba 045/2020 e o Requerimento n\u00ba 098/2020, de mesma autoria."}, {"id": "6160", "ano": "2020", "numero": "106", "tipo__sigla": "REQ A", "tipo__descricao": "Requerimento (Regimento Antigo)", "autoria": "Edeir Pacheco", "texto_original": "http://sapl.uba.mg.leg.br/media/sapl/public/materialegislativa/2020/6160/requerimento_106.pdf", "ementa": "Pintura de duas faixas de pedestres pr\u00f3ximas aos nos 265 e 350 da rua Francisco Teixeira de Abreu, bairro Palmeiras. \r\n\r\nReitera a Indica\u00e7\u00e3o n\u00ba 101/2019, de autoria dos vereadores Edeir Pacheco da Costa, Gilson Fazolla Filgueiras e Ros\u00e2ngela Maria Alfenas de Andrade, e a Indica\u00e7\u00e3o n\u00ba 265/2019, de autoria do vereador Jos\u00e9 Roberto Reis Filgueiras"}, {"id": "6188", "ano": "2020", "numero": "107", "tipo__sigla": "REQ A", "tipo__descricao": "Requerimento (Regimento Antigo)", "autoria": "Jos\u00e9 Roberto Reis Filgueiras", "texto_original": "http://sapl.uba.mg.leg.br/media/sapl/public/materialegislativa/2020/6188/requerimento_107.pdf", "ementa": "\u00c0 Secretaria de Obras, que realize um estudo t\u00e9cnico sobre a rua Roberto Fellipe, bairro Encosta do Sol.  Esta solicita\u00e7\u00e3o reitera a Indica\u00e7\u00e3o n\u00ba 255/2020, de mesma autoria."}, {"id": "6189", "ano": "2020", "numero": "108", "tipo__sigla": "REQ A", "tipo__descricao": "Requerimento (Regimento Antigo)", "autoria": "Jos\u00e9 Roberto Reis Filgueiras", "texto_original": "http://sapl.uba.mg.leg.br/media/sapl/public/materialegislativa/2020/6189/requerimento_108.pdf", "ementa": "Recomposi\u00e7\u00e3o do cal\u00e7amento da rua S\u00edlvio de Melo Quaglieta, bairro Encosta do Sol II. Reitera a Indica\u00e7\u00e3o n\u00ba 253/2019 e o Requerimento n\u00ba 99/2020, de mesma autoria."}, {"id": "6190", "ano": "2020", "numero": "109", "tipo__sigla": "REQ A", "tipo__descricao": "Requerimento (Regimento Antigo)", "autoria": "Jane Cristina Lacerda Pinto", "texto_original": "http://sapl.uba.mg.leg.br/media/sapl/public/materialegislativa/2020/6190/requerimento_109.pdf", "ementa": "Ao Prefeito, solicitando um estudo sobre al\u00edquotas progressivas e al\u00edquotas m\u00e1ximas efetivas por faixas de renda, para estabelecimento das al\u00edquotas de contribui\u00e7\u00e3o previdenci\u00e1ria dos servidores p\u00fablicos de Ub\u00e1, ap\u00f3s o estudo atuarial j\u00e1 solicitado pelo Ubaprev."}, {"id": "6209", "ano": "2020", "numero": "110", "tipo__sigla": "REQ A", "tipo__descricao": "Requerimento (Regimento Antigo)", "autoria": "Darci Pires da Silva", "texto_original": "http://sapl.uba.mg.leg.br/media/sapl/public/materialegislativa/2020/6209/requerimento_110.pdf", "ementa": "Solicita o envio de PL, reclassificando na LOA do atual exerc\u00edcio, recursos origin\u00e1rios da Emenda Parlamentar n\u00ba 8/2019, de sua autoria, anexada a este requerimento."}, {"id": "6282", "ano": "2020", "numero": "111", "tipo__sigla": "REQ A", "tipo__descricao": "Requerimento (Regimento Antigo)", "autoria": "Edeir Pacheco", "texto_original": "http://sapl.uba.mg.leg.br/media/sapl/public/materialegislativa/2020/6282/requerimento_111.pdf", "ementa": "Cascalhamento da estrada comunidade de Ub\u00e1 Pequeno. Reitera a Indica\u00e7\u00e3o 219/2019 e Requerimento 011/2020, autoria do vereador Antero Gomes de Aguiar."}, {"id": "6294", "ano": "2020", "numero": "112", "tipo__sigla": "REQ A", "tipo__descricao": "Requerimento (Regimento Antigo)", "autoria": "Gilson Fazolla Filgueiras", "texto_original": "http://sapl.uba.mg.leg.br/media/sapl/public/materialegislativa/2020/6294/requerimento_112.pdf", "ementa": "Instala\u00e7\u00e3o de tach\u00f5es pr\u00f3ximo ao n\u00ba 2351 da Jos\u00e9 Augusto Marcos, bairro Ponte Preta. Reitera parcialmente a Indica\u00e7\u00e3o n\u00ba 269/2019, de mesma autoria."}, {"id": "6313", "ano": "2020", "numero": "113", "tipo__sigla": "REQ A", "tipo__descricao": "Requerimento (Regimento Antigo)", "autoria": "Antero Gomes de Aguiar", "texto_original": "http://sapl.uba.mg.leg.br/media/sapl/public/materialegislativa/2020/6313/indicaouo_331.pdf", "ementa": "Opera\u00e7\u00e3o tapa-buracos em todas as ruas do bairro Pires da Luz. Reitera a Ind. n\u00ba 026/2019, de mesma autoria, e o Requerimento n\u00ba 146/2019, de autoria dos vereadores Edeir Pacheco da Costa e Gilson Fazolla Filgueiras."}, {"id": "6320", "ano": "2020", "numero": "114", "tipo__sigla": "REQ A", "tipo__descricao": "Requerimento (Regimento Antigo)", "autoria": "Darci Pires da Silva", "texto_original": "http://sapl.uba.mg.leg.br/media/sapl/public/materialegislativa/2020/6320/requerimento_114.pdf", "ementa": "Convoca\u00e7\u00e3o do Secret\u00e1rio de Ambiente e Mobilidade Urbana, Sr. Vicente de Paulo Pinto, para esclarecimentos sobre a reabertura da feira livre."}, {"id": "6324", "ano": "2020", "numero": "115", "tipo__sigla": "REQ A", "tipo__descricao": "Requerimento (Regimento Antigo)", "autoria": "Gilson Fazolla Filgueiras", "texto_original": "http://sapl.uba.mg.leg.br/media/sapl/public/materialegislativa/2020/6324/requerimento_115.pdf", "ementa": "Patrolamento e cascalhamento da estrada da fazenda Cruzeiro do Sul, a pedido de moradores. Reitera Indica\u00e7\u00e3o n\u00ba147/2020 de mesma autoria,"}, {"id": "6325", "ano": "2020", "numero": "116", "tipo__sigla": "REQ A", "tipo__descricao": "Requerimento (Regimento Antigo)", "autoria": "Darci Pires da Silva", "texto_original": "http://sapl.uba.mg.leg.br/media/sapl/public/materialegislativa/2020/6325/requerimento_116.pdf", "ementa": "Cascalhamento da estrada da comunidade do Ubazinho, no trecho que vai at\u00e9 a igreja local.  Reitera a Indica\u00e7\u00e3o n\u00ba315/2020, de autoria do vereador Edeir Pacheco."}, {"id": "6333", "ano": "2020", "numero": "117", "tipo__sigla": "REQ A", "tipo__descricao": "Requerimento (Regimento Antigo)", "autoria": "Luis Carlos Teixeira Ribeiro", "texto_original": "http://sapl.uba.mg.leg.br/media/sapl/public/materialegislativa/2020/6333/requerimento_117.pdf", "ementa": "Recapeamento asf\u00e1ltico da Rua Francisco Maia Neves, pr\u00f3ximo ao n\u00ba 90, bairro S\u00e3o Domingos.  Este Requerimento reitera a Indica\u00e7\u00e3o n\u00ba 211/2020, de autoria do vereador Antero Gomes de Aguiar."}, {"id": "6437", "ano": "2020", "numero": "118", "tipo__sigla": "REQ A", "tipo__descricao": "Requerimento (Regimento Antigo)", "autoria": "Antero Gomes de Aguiar", "texto_original": "http://sapl.uba.mg.leg.br/media/sapl/public/materialegislativa/2020/6437/requerimento_118.pdf", "ementa": "Asfaltamento da rua Maria Gabriela Fernandes, bairro Jardim \u00c9lida. Reitera parcialmente ao Indica\u00e7\u00e3o n\u00ba 215/2020, de autoria do vereador Gilson Fazolla Filgueiras"}, {"id": "6731", "ano": "2020", "numero": "119", "tipo__sigla": "REQ A", "tipo__descricao": "Requerimento (Regimento Antigo)", "autoria": "Jane Cristina Lacerda Pinto", "texto_original": "http://sapl.uba.mg.leg.br/media/sapl/public/materialegislativa/2020/6731/requerimento_119.pdf", "ementa": "Solicita ao Executivo envio de documentos que comprovem o cumprimento do Artigo 6\u00ba, par\u00e1grafo 3\u00ba, da Lei 4.484/2017, que determina \u00e0 Secretaria Municipal de Cultura  a disponibiliza\u00e7\u00e3o, de forma gratuita, de capacita\u00e7\u00e3o e suporte t\u00e9cnico aos produtores culturais interessados em apresentar projetos \u00e0 Secretaria."}, {"id": "6732", "ano": "2020", "numero": "120", "tipo__sigla": "REQ A", "tipo__descricao": "Requerimento (Regimento Antigo)", "autoria": "Jane Cristina Lacerda Pinto", "texto_original": "http://sapl.uba.mg.leg.br/media/sapl/public/materialegislativa/2020/6732/requerimento_120.pdf", "ementa": "Solicita informa\u00e7\u00f5es sobre fiscaliza\u00e7\u00e3o de maus tratos a animais: nome do setor, servidores lotados, capacita\u00e7\u00e3o dos servidores e documentos comprobat\u00f3rios."}, {"id": "6827", "ano": "2020", "numero": "121", "tipo__sigla": "REQ A", "tipo__descricao": "Requerimento (Regimento Antigo)", "autoria": "Jane Cristina Lacerda Pinto, COSPM - Comiss\u00e3o de Obras e Servi\u00e7os P\u00fablicos Municipais", "texto_original": "http://sapl.uba.mg.leg.br/media/sapl/public/materialegislativa/2020/6827/requerimento_121.pdf", "ementa": "Ao Secret\u00e1rio Municipal de Obras, Sr. Jo\u00e3o Gomes, nos termos do Art. 50 da Lei Org\u00e2nica de Ub\u00e1, convidando-o a comparecer \u00e0 pr\u00f3xima Reuni\u00e3o Ordin\u00e1ria, a fim de prestar esclarecimentos sobre a galeria de \u00e1guas pluviais que tem in\u00edcio na Pol\u00edcia Rodovi\u00e1ria em dire\u00e7\u00e3o ao bairro Primavera, dadas as reclama\u00e7\u00f5es e alertas recebidas pela vereadora e pela Comiss\u00e3o de Obras e Servi\u00e7os P\u00fablicos."}, {"id": "6828", "ano": "2020", "numero": "122", "tipo__sigla": "REQ A", "tipo__descricao": "Requerimento (Regimento Antigo)", "autoria": "Gilson Fazolla Filgueiras", "texto_original": "http://sapl.uba.mg.leg.br/media/sapl/public/materialegislativa/2020/6828/requerimento_122.pdf", "ementa": "Limpeza e capina do bairro Altair Rocha. Este Requerimento reitera o Requerimento n\u00ba 95/2020, de autoria do vereador Jos\u00e9 Roberto Filgueiras."}, {"id": "6829", "ano": "2020", "numero": "123", "tipo__sigla": "REQ A", "tipo__descricao": "Requerimento (Regimento Antigo)", "autoria": "Gilson Fazolla Filgueiras", "texto_original": "http://sapl.uba.mg.leg.br/media/sapl/public/materialegislativa/2020/6829/requerimento_123.pdf", "ementa": "Opera\u00e7\u00e3o tapa-buracos na Rua Santa Luzia, com especial aten\u00e7\u00e3o ao buraco pr\u00f3ximo ao  n\u00ba 83, bairro Louri\u00e7al. Este Requerimento reitera a Indica\u00e7\u00e3o  n\u00ba 293/2018, de autoria do vereador Lu\u00eds Carlos Teixeira Ribeiro."}]}