{"id":702,"__str__":"Portarias n\u00ba 8, de 13 de maio de 1989","link_detail_backend":"/norma/702","metadata":{},"texto_integral":"http://sapl.uba.mg.leg.br/media/sapl/public/normajuridica/1989/702/702_texto_integral.pdf","numero":"8","ano":1989,"esfera_federacao":"M","data":"1989-05-13","data_publicacao":null,"veiculo_publicacao":"","pagina_inicio_publicacao":null,"pagina_fim_publicacao":null,"ementa":"NOMEAR NOMEIA SERVIDORES PARA EXERCEREM CARGOS EM COMISS\u00c3O DA C\u00c2MARA MUNICIPAL DE UB\u00c1:\r\nMARIA LET\u00cdCIA MENDON\u00c7A MACIEL &#8211; DIRETOR GERAL DO LEGISLATIVO\r\nEVANDRO DE CASTRO DORIGU\u00caTTO &#8211; CHEFE DE DIVIS\u00c3O DE PLEN\u00c1RIO E COMISS\u00d5ES\r\nMANOEL ROTHIER DO AMARAL &#8211; PROCURADOR E CONSULTOR JUR\u00cdDICO\r\nMAUR\u00cdCIO DE LUCAS XAVIER &#8211; CONTADOR\r\nMARIA LUIZA NUNES RIBEIRO &#8211; ASSISTENTE LEGISLATIVO\r\nKARLA MARIA SARTORI SILVA &#8211; ASSISTENTE ADMINISTRATIVO\r\nANT\u00d4NIO CELSO DE FREITAS &#8211; ENCARREGADO DE SERVI\u00c7OS GERAIS\r\n","indexacao":"","observacao":"","complemento":null,"data_vigencia":null,"timestamp":"2017-04-27T18:25:14-03:00","data_ultima_atualizacao":"2018-10-05T09:45:32.207300-03:00","ip":"","ultima_edicao":null,"tipo":8,"materia":null,"orgao":null,"user":null,"assuntos":[],"autores":[]}