{"id":2827,"__str__":"Portarias n\u00ba 12, de 06 de fevereiro de 2023","link_detail_backend":"/norma/2827","metadata":{},"texto_integral":"http://sapl.uba.mg.leg.br/media/sapl/public/normajuridica/2023/2827/portaria_12.pdf","numero":"12","ano":2023,"esfera_federacao":"M","data":"2023-02-06","data_publicacao":"2023-02-09","veiculo_publicacao":"Di\u00e1rio Oficial n\u00ba 2149","pagina_inicio_publicacao":null,"pagina_fim_publicacao":null,"ementa":"Nomeia Dan\u00fabia de Castro Gon\u00e7alves Mota para o cargo em comiss\u00e3o de Diretor de Comunica\u00e7\u00e3o do Legislativo Ubaense.","indexacao":"","observacao":"","complemento":false,"data_vigencia":null,"timestamp":"2023-03-02T16:02:23.142610-03:00","data_ultima_atualizacao":"2023-03-02T16:02:23.275268-03:00","ip":"143.255.167.72","ultima_edicao":"2023-03-02T16:01:29.102773-03:00","tipo":8,"materia":null,"orgao":null,"user":39,"assuntos":[],"autores":[]}