{"id":1380,"__str__":"Portarias n\u00ba 28, de 14 de mar\u00e7o de 2019","link_detail_backend":"/norma/1380","metadata":{},"texto_integral":"http://sapl.uba.mg.leg.br/media/sapl/public/normajuridica/2019/1380/portaria_28.pdf","numero":"28","ano":2019,"esfera_federacao":"M","data":"2019-03-14","data_publicacao":"2019-03-27","veiculo_publicacao":"Di\u00e1rio Oficial n\u00b0 1196","pagina_inicio_publicacao":17,"pagina_fim_publicacao":17,"ementa":"Nomeia Dan\u00fabia de Castro Gon\u00e7alves Mota para o cargo de Assessor de Comunica\u00e7\u00e3o da C\u00e2mara Municipal de Ub\u00e1 a partir de 12 de mar\u00e7o de 2019.","indexacao":"","observacao":"","complemento":false,"data_vigencia":null,"timestamp":"2019-04-02T12:33:07.295170-03:00","data_ultima_atualizacao":"2019-04-02T12:33:07.303618-03:00","ip":"","ultima_edicao":null,"tipo":8,"materia":null,"orgao":null,"user":null,"assuntos":[],"autores":[]}