{"id":1378,"__str__":"Portarias n\u00ba 26, de 14 de mar\u00e7o de 2019","link_detail_backend":"/norma/1378","metadata":{},"texto_integral":"http://sapl.uba.mg.leg.br/media/sapl/public/normajuridica/2019/1378/portaria_26.pdf","numero":"26","ano":2019,"esfera_federacao":"M","data":"2019-03-14","data_publicacao":"2019-03-27","veiculo_publicacao":"Di\u00e1rio Oficial n\u00b0 1196","pagina_inicio_publicacao":16,"pagina_fim_publicacao":16,"ementa":"Exonera os  servidores dos cargos em comiss\u00e3o da C\u00e2mara Municipal de Ub\u00e1 a partir de 12 de mar\u00e7o de 2019: Ariadna Zonta Rodrigues \u2013 Diretor Geral do Legislativo, Dan\u00fabia de Castro Gon\u00e7alves Mota \u2013 Assessor de Comunica\u00e7\u00e3o Social, Diones Ferreira de Almeida \u2013 Assessor Legislativo II, Edna L\u00facia Pinto de Abreu \u2013 Assessor Administrativo, Gerson Gomes Pereira \u2013 Chefe da divis\u00e3o de Plen\u00e1rio e Comiss\u00f5es, Juliano Nascimento Peixoto Guimar\u00e3es \u2013 Chefe da Escola do Legislativo, Karla Maria Sartori \u2013 Chefe da Se\u00e7\u00e3o I de Patrim\u00f4nio e Compras, Leandro Rodrigues Bouzada \u2013 Assessor e Procurador Jur\u00eddico, \tLuiz Alberto Vargas Santana \u2013 Assessor da Escola do Legislativo, Norma Sueli Pereira Nascimento \u2013 Assessor Legislativo I, \tSilv\u00e9rio Dias Maciel \u2013 Chefe da Divis\u00e3o Cont\u00e1bil e Financeira.","indexacao":"","observacao":"","complemento":false,"data_vigencia":null,"timestamp":"2019-04-02T12:26:37.280557-03:00","data_ultima_atualizacao":"2019-04-02T12:26:37.317636-03:00","ip":"","ultima_edicao":null,"tipo":8,"materia":null,"orgao":null,"user":null,"assuntos":[],"autores":[]}