{"id":866,"__str__":"Projeto de Lei Complementar n\u00ba 6 de 2014 | Proposi\u00e7\u00e3o com vista | 07/07/2014","link_detail_backend":"/materia/tramitacao/866","metadata":{},"timestamp":"2018-10-05T09:45:10.531116-03:00","data_tramitacao":"2014-07-07","data_encaminhamento":null,"urgente":false,"turno":"","texto":"Proposi\u00e7\u00e3o com vista ao vereador Jorge Cust\u00f3dio Gerv\u00e1sio","data_fim_prazo":null,"ip":"","ultima_edicao":null,"status":55,"materia":2449,"unidade_tramitacao_local":11,"unidade_tramitacao_destino":11,"user":null}