{"id":9613,"__str__":"Requerimento n\u00ba 18 de 2022","link_detail_backend":"/materia/9613","metadata":{},"numero":18,"ano":2022,"numero_protocolo":null,"data_apresentacao":"2022-06-13","tipo_apresentacao":"E","data_publicacao":null,"numero_origem_externa":"","ano_origem_externa":null,"data_origem_externa":null,"apelido":"","dias_prazo":null,"data_fim_prazo":null,"em_tramitacao":false,"polemica":false,"objeto":"","complementar":false,"ementa":"Requer ao Executivo a poda e melhoria de ilumina\u00e7\u00e3o na Pra\u00e7a Engenheiro Jaime Tavares Videira (Pra\u00e7a do DER).","indexacao":"","observacao":"","resultado":"","texto_original":"http://sapl.uba.mg.leg.br/media/sapl/public/materialegislativa/2022/9613/requerimento_018.pdf","data_ultima_atualizacao":"2022-08-10T11:25:15.612203-03:00","ip":"191.243.3.88","ultima_edicao":"2022-08-10T11:25:15.510149-03:00","tipo":13,"regime_tramitacao":1,"tipo_origem_externa":null,"local_origem_externa":null,"user":42,"anexadas":[],"autores":[42]}