{"id":8705,"__str__":"Projeto de Lei Ordin\u00e1ria n\u00ba 4 de 1988","link_detail_backend":"/materia/8705","metadata":{},"numero":4,"ano":1988,"numero_protocolo":null,"data_apresentacao":"1988-03-07","tipo_apresentacao":"","data_publicacao":null,"numero_origem_externa":"","ano_origem_externa":null,"data_origem_externa":null,"apelido":"","dias_prazo":null,"data_fim_prazo":null,"em_tramitacao":false,"polemica":false,"objeto":"","complementar":false,"ementa":"Disp\u00f5e sobre ratifica\u00e7\u00e3o do Termo de Conv\u00eanio n\u00ba 001/88, de 04.O1.88, celebrado entre a Faculdade de Filosofia, Ci\u00eancias e Letras de Ub\u00e1, ''ad referendum\" da C\u00e2mara Municipal de Ub\u00e1, para a concess\u00e3o de estagio t\u00e9cnico-profissional na Prefeitura a alunos carentes interessados da Faculdade e d\u00e1 outras provid\u00eancias.","indexacao":"","observacao":"","resultado":"","texto_original":null,"data_ultima_atualizacao":"2022-04-06T11:47:22.236729-03:00","ip":"143.255.167.72","ultima_edicao":"2022-04-06T11:47:22.173703-03:00","tipo":1,"regime_tramitacao":2,"tipo_origem_externa":null,"local_origem_externa":null,"user":58,"anexadas":[],"autores":[]}