{"id":7953,"__str__":"Projeto de Lei Ordin\u00e1ria n\u00ba 106 de 2021","link_detail_backend":"/materia/7953","metadata":{},"numero":106,"ano":2021,"numero_protocolo":null,"data_apresentacao":"2021-07-12","tipo_apresentacao":"","data_publicacao":null,"numero_origem_externa":"","ano_origem_externa":null,"data_origem_externa":null,"apelido":"","dias_prazo":null,"data_fim_prazo":null,"em_tramitacao":true,"polemica":false,"objeto":"","complementar":false,"ementa":"Disp\u00f5e sobre a recomposi\u00e7\u00e3o inflacion\u00e1ria dos subs\u00eddios dos Vereadores no Munic\u00edpio de Ub\u00e1 no ano de 2021, e d\u00e1 outras provid\u00eancias.","indexacao":"","observacao":"","resultado":"","texto_original":null,"data_ultima_atualizacao":"2021-07-14T14:53:55.296073-03:00","ip":"138.59.217.214","ultima_edicao":"2021-07-14T14:51:04.692239-03:00","tipo":1,"regime_tramitacao":1,"tipo_origem_externa":null,"local_origem_externa":null,"user":38,"anexadas":[],"autores":[39,135,137,140,38,42,37,139,138,41,136]}