{"id":66,"__str__":"Indica\u00e7\u00e3o n\u00ba 65 de 2015","link_detail_backend":"/materia/66","metadata":{},"numero":65,"ano":2015,"numero_protocolo":null,"data_apresentacao":"2015-03-23","tipo_apresentacao":"E","data_publicacao":null,"numero_origem_externa":"","ano_origem_externa":null,"data_origem_externa":null,"apelido":"","dias_prazo":null,"data_fim_prazo":null,"em_tramitacao":false,"polemica":false,"objeto":"","complementar":false,"ementa":"AO PREFEITO, JUNTO \u00c0 SECRETARIA MUNICIPAL DO AMBIENTE E MOBILIDADE URBANA, A PODA DAS \u00c1RVORES DA PRA\u00c7A S\u00c3O JANU\u00c1RIO, BEM COMO A RECOLOCA\u00c7\u00c3O DA FIA\u00c7\u00c3O EL\u00c9TRICA QUE PASSA SOBRE AS \u00c1RVORES EM FRENTE AO F\u00d3RUM, PARA UMA ELEVA\u00c7\u00c3O MAIOR, POIS EST\u00c1 ATRAPALHANDO E OFERECENDO RISCO DE ACIDENTE \u00c0S CRIAN\u00c7AS QUE FAZEM USO DOS BRINQUEDOS NO REFERIDO LOCAL.RESPOSTA: OF/SG/23/2015, EM 15/04/15, DO SECRET\u00c1RIO MUNICIPAL DE GOVERNO.","indexacao":"","observacao":"","resultado":"","texto_original":"http://sapl.uba.mg.leg.br/media/sapl/public/materialegislativa/2015/66/66_texto_integral.pdf","data_ultima_atualizacao":"2018-10-05T09:45:30.492128-03:00","ip":"","ultima_edicao":null,"tipo":8,"regime_tramitacao":1,"tipo_origem_externa":null,"local_origem_externa":null,"user":null,"anexadas":[],"autores":[21]}