{"id":650,"__str__":"Indica\u00e7\u00e3o n\u00ba 268 de 2015","link_detail_backend":"/materia/650","metadata":{},"numero":268,"ano":2015,"numero_protocolo":null,"data_apresentacao":"2015-11-03","tipo_apresentacao":"E","data_publicacao":null,"numero_origem_externa":"","ano_origem_externa":null,"data_origem_externa":null,"apelido":"","dias_prazo":null,"data_fim_prazo":null,"em_tramitacao":false,"polemica":false,"objeto":"","complementar":false,"ementa":"APOIO DESTA C\u00c2MARA PARA O EVENTO PROMOVIDO PELO MUSEU DO GIN\u00c1SIO S\u00c3O JOS\u00c9, NA REALIZA\u00c7\u00c3O DA PE\u00c7A TEATRAL &#8220;O PESCADOR&#8221;, INTEGRANTE DO PROJETO DEVOTOS, QUE INVESTIGA ASPECTOS DE DEVO\u00c7\u00c3O A S\u00c3O BENEDITO E NOSSA SENHORA DO ROS\u00c1RIO.","indexacao":"","observacao":"","resultado":"","texto_original":"http://sapl.uba.mg.leg.br/media/sapl/public/materialegislativa/2015/650/650_texto_integral.pdf","data_ultima_atualizacao":"2018-10-05T09:45:30.004199-03:00","ip":"","ultima_edicao":null,"tipo":8,"regime_tramitacao":1,"tipo_origem_externa":null,"local_origem_externa":null,"user":null,"anexadas":[],"autores":[2]}