{"id":642,"__str__":"Indica\u00e7\u00e3o n\u00ba 260 de 2015","link_detail_backend":"/materia/642","metadata":{},"numero":260,"ano":2015,"numero_protocolo":null,"data_apresentacao":"2015-10-05","tipo_apresentacao":"E","data_publicacao":null,"numero_origem_externa":"","ano_origem_externa":null,"data_origem_externa":null,"apelido":"","dias_prazo":null,"data_fim_prazo":null,"em_tramitacao":false,"polemica":false,"objeto":"","complementar":false,"ementa":"AO PREFEITO, QUE AS CRECHES E POSTOS DE SA\u00daDE DE UB\u00c1 N\u00c3O ENCERREM SUAS ATIVIDADES DURANTE O PER\u00cdODO DO PONTO FACULTATIVO, NAS REPARTI\u00c7\u00d5ES DA PREFEITURA, NO FERIADO PROLONGADO DOS DIAS 07 A 12 DE OUTUBRO. RESPOSTA: OF/SG/75/2015, EM 23/10/15, DO SECRET\u00c1RIO MUNICIPAL DE GOVERNO.","indexacao":"","observacao":"","resultado":"","texto_original":"http://sapl.uba.mg.leg.br/media/sapl/public/materialegislativa/2015/642/642_texto_integral.pdf","data_ultima_atualizacao":"2018-10-05T09:45:28.847996-03:00","ip":"","ultima_edicao":null,"tipo":8,"regime_tramitacao":1,"tipo_origem_externa":null,"local_origem_externa":null,"user":null,"anexadas":[],"autores":[18]}