{"id":5385,"__str__":"Projeto de Lei Ordin\u00e1ria n\u00ba 91 de 2019","link_detail_backend":"/materia/5385","metadata":{},"numero":91,"ano":2019,"numero_protocolo":null,"data_apresentacao":"2019-11-11","tipo_apresentacao":"","data_publicacao":null,"numero_origem_externa":"","ano_origem_externa":null,"data_origem_externa":null,"apelido":"","dias_prazo":null,"data_fim_prazo":null,"em_tramitacao":false,"polemica":null,"objeto":"","complementar":null,"ementa":"Disp\u00f5e sobre a cria\u00e7\u00e3o do Conselho Municipal de Defesa dos Direitos da Pessoa com Defici\u00eancia, de Ub\u00e1-MG.","indexacao":"","observacao":"","resultado":"","texto_original":"http://sapl.uba.mg.leg.br/media/sapl/public/materialegislativa/2019/5385/mensagem__projeto_z0Pb9yp.pdf","data_ultima_atualizacao":"2019-12-16T15:03:59.391046-03:00","ip":"138.59.217.214","ultima_edicao":null,"tipo":1,"regime_tramitacao":2,"tipo_origem_externa":null,"local_origem_externa":null,"user":38,"anexadas":[],"autores":[43]}