{"id":5296,"__str__":"Projeto de Lei Ordin\u00e1ria n\u00ba 80 de 2019","link_detail_backend":"/materia/5296","metadata":{},"numero":80,"ano":2019,"numero_protocolo":null,"data_apresentacao":"2019-09-30","tipo_apresentacao":"","data_publicacao":null,"numero_origem_externa":"","ano_origem_externa":null,"data_origem_externa":null,"apelido":"","dias_prazo":null,"data_fim_prazo":null,"em_tramitacao":false,"polemica":null,"objeto":"","complementar":null,"ementa":"Institui a \"Semana Municipal de Divulga\u00e7\u00e3o e Conscientiza\u00e7\u00e3o Sobre a Doen\u00e7a de Parkinson e de Apoio \u00c0queles que Manifestam essa Doen\u00e7a\" no calend\u00e1rio Oficial de Eventos do Munic\u00edpio de Ub\u00e1 e d\u00e1 outras provid\u00eancias.","indexacao":"","observacao":"","resultado":"","texto_original":"http://sapl.uba.mg.leg.br/media/sapl/public/materialegislativa/2019/5296/projeto_GEla95X.pdf","data_ultima_atualizacao":"2019-11-21T13:13:00.030411-03:00","ip":"138.59.217.214","ultima_edicao":null,"tipo":1,"regime_tramitacao":1,"tipo_origem_externa":null,"local_origem_externa":null,"user":38,"anexadas":[],"autores":[41]}