{"id":507,"__str__":"Indica\u00e7\u00e3o n\u00ba 138 de 2015","link_detail_backend":"/materia/507","metadata":{},"numero":138,"ano":2015,"numero_protocolo":null,"data_apresentacao":"2015-05-25","tipo_apresentacao":"E","data_publicacao":null,"numero_origem_externa":"","ano_origem_externa":null,"data_origem_externa":null,"apelido":"","dias_prazo":null,"data_fim_prazo":null,"em_tramitacao":false,"polemica":false,"objeto":"","complementar":false,"ementa":"O PREFEITO, E SECRETARIA MUNICIPAL DO AMBIENTE E MOBILIDADE URBANA, PARA IMPLEMENTAR E DESENVOLVER O PROGRAMA AGENDA 21 LOCAL, COMO UM IMPORTANTE INSTRUMENTO DE PLANEJAMENTO DE POL\u00cdTICAS P\u00daBLICAS DE FORMA TRANSDISCIPLINAR, QUE ENVOLVE TANTO A SOCIEDADE CIVIL E O GOVERNO EM UM PROCESSO AMPLO E PARTICIPATIVO DE CONSULTA SOBRE OS PROBLEMAS AMBIENTAIS, SOCIAIS E ECON\u00d4MICOS LOCAIS E O DEBATE SOBRE SOLU\u00c7\u00d5ES PARA ESSES PROBLEMAS ATRAV\u00c9S DA IDENTIFICA\u00c7\u00c3O E IMPLEMENTA\u00c7\u00c3O DE A\u00c7\u00d5ES CONCRETAS QUE VISEM O DESENVOLVIMENTO SUSTENT\u00c1VEL LOCAL. RESPOSTA: OF/SG/38/2015, EM 09/06/2015, DO SECRET\u00c1RIO MUNICIPAL DE GOVERNO. RESPOSTA: OF\u00cdCIO N\u00ba 1475/2015, EM 30/07/15, DA 5\u00aa PROMOTORIA DE JUSTI\u00c7A DA COMARCA DE UB\u00c1.","indexacao":"","observacao":"","resultado":"","texto_original":"http://sapl.uba.mg.leg.br/media/sapl/public/materialegislativa/2015/507/507_texto_integral.pdf","data_ultima_atualizacao":"2018-10-05T09:45:29.269979-03:00","ip":"","ultima_edicao":null,"tipo":8,"regime_tramitacao":1,"tipo_origem_externa":null,"local_origem_externa":null,"user":null,"anexadas":[],"autores":[2]}