{"id":41,"__str__":"Indica\u00e7\u00e3o n\u00ba 40 de 2015","link_detail_backend":"/materia/41","metadata":{},"numero":40,"ano":2015,"numero_protocolo":null,"data_apresentacao":"2015-02-02","tipo_apresentacao":"E","data_publicacao":null,"numero_origem_externa":"","ano_origem_externa":null,"data_origem_externa":null,"apelido":"","dias_prazo":null,"data_fim_prazo":null,"em_tramitacao":false,"polemica":false,"objeto":"","complementar":false,"ementa":"AO PREFEITO, BEM COMO AO SECRET\u00c1RIO DO AMBIENTE E MOBILIDADE URBANA, UMA URGENTE SOLU\u00c7\u00c3O QUANTO AOS TR\u00caS VE\u00cdCULOS ABANDONADOS NA RUA FRANCISCO ANDR\u00c9 DE ARA\u00daJO E UM NA RODOVIA UB\u00c1 &#8211; DIVIN\u00c9SIA, PR\u00d3XIMO \u00c0 EMPRESA DE M\u00d3VEIS LUFER. RESPOSTA: OF/SG/09/2015, EM 02/03/15, DO SECRET\u00c1RIO MUNICIPAL DE GOVERNO.","indexacao":"","observacao":"OF.CMU.012 e 022/2015, em 05/02/15","resultado":"","texto_original":"http://sapl.uba.mg.leg.br/media/sapl/public/materialegislativa/2015/41/41_texto_integral.pdf","data_ultima_atualizacao":"2018-10-05T09:45:28.684048-03:00","ip":"","ultima_edicao":null,"tipo":8,"regime_tramitacao":1,"tipo_origem_externa":null,"local_origem_externa":null,"user":null,"anexadas":[],"autores":[3]}