{"id":4129,"__str__":"Requerimento (Regimento Antigo) n\u00ba 239 de 2018","link_detail_backend":"/materia/4129","metadata":{},"numero":239,"ano":2018,"numero_protocolo":null,"data_apresentacao":"2018-10-15","tipo_apresentacao":"","data_publicacao":null,"numero_origem_externa":"","ano_origem_externa":null,"data_origem_externa":null,"apelido":"","dias_prazo":null,"data_fim_prazo":null,"em_tramitacao":false,"polemica":null,"objeto":"","complementar":null,"ementa":"ao Exmo. Sr. Prefeito de Ub\u00e1, Edson Teixeira Filho, para indicar-lhe que, por meio do setor municipal competente, realize a disponibiliza\u00e7\u00e3o de pelo menos duas cadeiras de rodas em cada Posto de Sa\u00fade de Ub\u00e1, a fim de serem utilizadas por pessoas que possuam algum tipo de dificuldade de locomo\u00e7\u00e3o. A presente solicita\u00e7\u00e3o reitera a Indica\u00e7\u00e3o n\u00ba 182/2017 de mesma autoria.","indexacao":"","observacao":"","resultado":"","texto_original":"http://sapl.uba.mg.leg.br/media/sapl/public/materialegislativa/2018/4129/requerimento_239.pdf","data_ultima_atualizacao":"2019-02-21T15:55:12.915310-03:00","ip":"","ultima_edicao":null,"tipo":3,"regime_tramitacao":1,"tipo_origem_externa":null,"local_origem_externa":null,"user":null,"anexadas":[],"autores":[40]}