{"id":4084,"__str__":"Requerimento (Regimento Antigo) n\u00ba 213 de 2018","link_detail_backend":"/materia/4084","metadata":{},"numero":213,"ano":2018,"numero_protocolo":null,"data_apresentacao":"2018-10-22","tipo_apresentacao":"","data_publicacao":null,"numero_origem_externa":"","ano_origem_externa":null,"data_origem_externa":null,"apelido":"","dias_prazo":null,"data_fim_prazo":null,"em_tramitacao":false,"polemica":null,"objeto":"","complementar":null,"ementa":"Os vereadores infra-assinados, membros da Comiss\u00e3o da Agricultura, Com\u00e9rcio, Ind\u00fastria e Meio Ambiente \u2013 CACIMA, solicitam, na forma regimental e ap\u00f3s a devida aprova\u00e7\u00e3o plen\u00e1ria, o apoio institucional para a confec\u00e7\u00e3o de cartazes e panfletos para desempenhar um trabalho de conscientiza\u00e7\u00e3o \u00e0 popula\u00e7\u00e3o sobre a import\u00e2ncia da reciclagem.","indexacao":"","observacao":"","resultado":"","texto_original":"http://sapl.uba.mg.leg.br/media/sapl/public/materialegislativa/2018/4084/requerimento_213.pdf","data_ultima_atualizacao":"2019-02-20T14:19:23.265975-03:00","ip":"","ultima_edicao":null,"tipo":3,"regime_tramitacao":1,"tipo_origem_externa":null,"local_origem_externa":null,"user":null,"anexadas":[],"autores":[42,18,41]}