{"id":4066,"__str__":"Requerimento (Regimento Antigo) n\u00ba 195 de 2018","link_detail_backend":"/materia/4066","metadata":{},"numero":195,"ano":2018,"numero_protocolo":null,"data_apresentacao":"2018-09-10","tipo_apresentacao":"","data_publicacao":null,"numero_origem_externa":"","ano_origem_externa":null,"data_origem_externa":null,"apelido":"","dias_prazo":null,"data_fim_prazo":null,"em_tramitacao":false,"polemica":null,"objeto":"","complementar":null,"ementa":"ao Exmo. Sr. Prefeito de Ub\u00e1, Edson Teixeira Filho, para indicar-lhe que, por meio do setor municipal competente, realize estudos t\u00e9cnicos que visem \u00e0 constru\u00e7\u00e3o de dois redutores de velocidade na Av. Imaculada Concei\u00e7\u00e3o, Bairro Laranjal, sendo um em frente \u00e0 Capela e outro \u00e0 resid\u00eancia do Sr. Chico, a pedido dos moradores. A presente solicita\u00e7\u00e3o reitera a Indica\u00e7\u00e3o n\u00ba 435/17 de mesma autoria.","indexacao":"","observacao":"","resultado":"","texto_original":"http://sapl.uba.mg.leg.br/media/sapl/public/materialegislativa/2018/4066/requerimento_195.pdf","data_ultima_atualizacao":"2019-02-20T09:50:08.356905-03:00","ip":"","ultima_edicao":null,"tipo":3,"regime_tramitacao":1,"tipo_origem_externa":null,"local_origem_externa":null,"user":null,"anexadas":[],"autores":[44]}