{"id":3897,"__str__":"Requerimento (Regimento Antigo) n\u00ba 19 de 2018","link_detail_backend":"/materia/3897","metadata":{},"numero":19,"ano":2018,"numero_protocolo":null,"data_apresentacao":"2018-02-26","tipo_apresentacao":"","data_publicacao":null,"numero_origem_externa":"","ano_origem_externa":null,"data_origem_externa":null,"apelido":"","dias_prazo":null,"data_fim_prazo":null,"em_tramitacao":false,"polemica":null,"objeto":"","complementar":null,"ementa":"O vereador que abaixo assina solicita, na forma regimental e ap\u00f3s a devida aprova\u00e7\u00e3o plen\u00e1ria, \u00e0 Presid\u00eancia desta Casa para que realize estudos no sentindo de providenciar a instala\u00e7\u00e3o de biciclet\u00e1rio em frente aos mastros das bandeiras, localizados pr\u00f3ximos \u00e0 entrada, em raz\u00e3o de facilitar o acesso de pessoas ao Legislativo Ubaense e impedir a parada irregular de bicicletas em frente ao port\u00e3o da garagem e lat\u00f5es de lixo.","indexacao":"","observacao":"","resultado":"","texto_original":"http://sapl.uba.mg.leg.br/media/sapl/public/materialegislativa/2018/3897/requerimento_019.pdf","data_ultima_atualizacao":"2019-02-11T17:47:45.155088-02:00","ip":"","ultima_edicao":null,"tipo":3,"regime_tramitacao":1,"tipo_origem_externa":null,"local_origem_externa":null,"user":null,"anexadas":[],"autores":[20]}