{"id":3712,"__str__":"Requerimento (Regimento Antigo) n\u00ba 264 de 2017","link_detail_backend":"/materia/3712","metadata":{},"numero":264,"ano":2017,"numero_protocolo":null,"data_apresentacao":"2017-11-20","tipo_apresentacao":"E","data_publicacao":null,"numero_origem_externa":"","ano_origem_externa":null,"data_origem_externa":null,"apelido":"","dias_prazo":null,"data_fim_prazo":null,"em_tramitacao":false,"polemica":null,"objeto":"","complementar":null,"ementa":"Ao prefeito, informa\u00e7\u00e3o nos termos do Par\u00e1grafo \u00danico do Art. 56 da Lei Org\u00e2nica Municipal: A Prefeitura de Ub\u00e1 est\u00e1 tomando alguma provid\u00eancia para colocar em pr\u00e1tica o Plano de Mobilidade Urbana? Vale ressaltar que o prazo \u00e9 at\u00e9 o m\u00eas de abril de 2018 e o munic\u00edpio perder\u00e1 importantes recursos caso n\u00e3o se adeque.","indexacao":"","observacao":"","resultado":"","texto_original":"http://sapl.uba.mg.leg.br/media/sapl/public/materialegislativa/2017/3712/requerimento_264.pdf","data_ultima_atualizacao":"2018-12-06T17:37:24.169425-02:00","ip":"","ultima_edicao":null,"tipo":3,"regime_tramitacao":1,"tipo_origem_externa":null,"local_origem_externa":null,"user":null,"anexadas":[],"autores":[38,42,35]}