{"id":3375,"__str__":"Indica\u00e7\u00e3o n\u00ba 667 de 2017","link_detail_backend":"/materia/3375","metadata":{},"numero":667,"ano":2017,"numero_protocolo":null,"data_apresentacao":"2017-10-16","tipo_apresentacao":"E","data_publicacao":null,"numero_origem_externa":"","ano_origem_externa":null,"data_origem_externa":null,"apelido":"","dias_prazo":null,"data_fim_prazo":null,"em_tramitacao":false,"polemica":false,"objeto":"","complementar":false,"ementa":"AO EXMO. SR. PREFEITO DE UB\u00c1, EDSON TEIXEIRA FILHO, QUE POR MEIO DO SETOR MUNICIPAL COMPETENTE, REALIZE O DESLOCAMENTO DA FAIXA PREFERENCIAL DO ESTACIONAMENTO DE MOTOTAXISTAS DA PRA\u00c7A GUIDO, EM FRENTE A AUTOESCOLA UNI\u00c3O E LOJA TOZZI SOM, PARA EM FRENTE AO EDIF\u00cdCIO CHICO PARMA &#8211; N\u00ba 30, POIS, NA FORMA ATUAL, EST\u00c1 PREJUDICANDO A ENTRADA E SA\u00cdDA DE VE\u00cdCULOS NA AUTOESCOLA E DE CARGA E DESCARGA DE MERCADORIAS DA LOJA.","indexacao":"","observacao":"","resultado":"","texto_original":"http://sapl.uba.mg.leg.br/media/sapl/public/materialegislativa/2017/3375/3375_texto_integral.pdf","data_ultima_atualizacao":"2018-10-05T09:45:27.972989-03:00","ip":"","ultima_edicao":null,"tipo":8,"regime_tramitacao":1,"tipo_origem_externa":null,"local_origem_externa":null,"user":null,"anexadas":[],"autores":[20]}