{"id":3173,"__str__":"Indica\u00e7\u00e3o n\u00ba 526 de 2017","link_detail_backend":"/materia/3173","metadata":{},"numero":526,"ano":2017,"numero_protocolo":null,"data_apresentacao":"2017-07-17","tipo_apresentacao":"","data_publicacao":null,"numero_origem_externa":"","ano_origem_externa":null,"data_origem_externa":null,"apelido":"","dias_prazo":null,"data_fim_prazo":null,"em_tramitacao":false,"polemica":null,"objeto":"","complementar":null,"ementa":"AO EXMO. SR. PREFEITO DE UB\u00c1, EDSON TEIXEIRA FILHO, PARA INDICAR-LHE A REALIZA\u00c7\u00c3O, POR MEIO DO SETOR MUNICIPAL COMPETENTE,  DA REFORMA DA PRA\u00c7A S\u00c3O FRANCISCO DO DISTRITO DE UBARI, LOCALIZADA EM FRENTE \u00c0 PADARIA DO M\u00c1RIO, ESPECIALMENTE COM RELA\u00c7\u00c3O AO PAVIMENTO DA MESMA, A PEDIDO DOS MORADORES.","indexacao":"","observacao":"","resultado":"","texto_original":"http://sapl.uba.mg.leg.br/media/sapl/public/materialegislativa/2017/3173/indicacao_526.pdf","data_ultima_atualizacao":"2019-01-28T14:14:04.918209-02:00","ip":"","ultima_edicao":null,"tipo":8,"regime_tramitacao":1,"tipo_origem_externa":null,"local_origem_externa":null,"user":null,"anexadas":[],"autores":[20,38,35,5]}