{"id":315,"__str__":"Mo\u00e7\u00e3o (Regimento Antigo) n\u00ba 13 de 2016","link_detail_backend":"/materia/315","metadata":{},"numero":13,"ano":2016,"numero_protocolo":null,"data_apresentacao":"2016-03-07","tipo_apresentacao":"E","data_publicacao":null,"numero_origem_externa":"","ano_origem_externa":null,"data_origem_externa":null,"apelido":"","dias_prazo":null,"data_fim_prazo":null,"em_tramitacao":false,"polemica":false,"objeto":"","complementar":false,"ementa":"MO\u00c7\u00c3O DE CONGRATULA\u00c7\u00d5ES E APLAUSOS 013/16, AO SR. SECRET\u00c1RIO DE AMBIENTE E MOBILIDADE URBANA, ALDEIR FERRAZ, PELA FELIZ DECIS\u00c3O DE INSTALAR UM SEMAF\u00d3RO NA ESQUINA DA AV. OLEG\u00c1RIO MACIEL COM A RUA ANT\u00d4NIO AMATO.","indexacao":"","observacao":"","resultado":"","texto_original":"http://sapl.uba.mg.leg.br/media/sapl/public/materialegislativa/2016/315/315_texto_integral.pdf","data_ultima_atualizacao":"2018-10-05T09:45:26.490813-03:00","ip":"","ultima_edicao":null,"tipo":7,"regime_tramitacao":1,"tipo_origem_externa":null,"local_origem_externa":null,"user":null,"anexadas":[],"autores":[20]}