{"id":3137,"__str__":"Indica\u00e7\u00e3o n\u00ba 503 de 2017","link_detail_backend":"/materia/3137","metadata":{},"numero":503,"ano":2017,"numero_protocolo":null,"data_apresentacao":"2017-06-26","tipo_apresentacao":"","data_publicacao":null,"numero_origem_externa":"","ano_origem_externa":null,"data_origem_externa":null,"apelido":"","dias_prazo":null,"data_fim_prazo":null,"em_tramitacao":false,"polemica":null,"objeto":"","complementar":null,"ementa":"AO EXMO. SR. PREFEITO DE UB\u00c1, EDSON TEIXEIRA FILHO, PARA INDICAR-LHE A REALIZA\u00c7\u00c3O, POR MEIO DO SETOR MUNICIPAL COMPETENTE, DE ESTUDOS T\u00c9CNICOS QUE POSSIBILITEM A INSER\u00c7\u00c3O DE UMA VAGA ESPECIAL PARA O ESTACIONAMENTO DE VE\u00cdCULOS DE PESSOAS PORTADORAS DE NECESSIDADES ESPECIAIS NA RUA DA PAZ, CENTRO, EM FRENTE AO N\u00ba 71.","indexacao":"","observacao":"","resultado":"","texto_original":"http://sapl.uba.mg.leg.br/media/sapl/public/materialegislativa/2017/3137/3137_texto_integral.pdf","data_ultima_atualizacao":"2018-10-05T09:45:29.048232-03:00","ip":"","ultima_edicao":null,"tipo":8,"regime_tramitacao":1,"tipo_origem_externa":null,"local_origem_externa":null,"user":null,"anexadas":[],"autores":[20,38,42,35]}