{"id":3115,"__str__":"Indica\u00e7\u00e3o n\u00ba 483 de 2017","link_detail_backend":"/materia/3115","metadata":{},"numero":483,"ano":2017,"numero_protocolo":null,"data_apresentacao":"2017-06-26","tipo_apresentacao":"","data_publicacao":null,"numero_origem_externa":"","ano_origem_externa":null,"data_origem_externa":null,"apelido":"","dias_prazo":null,"data_fim_prazo":null,"em_tramitacao":false,"polemica":null,"objeto":"","complementar":null,"ementa":"AO EXMO. SR. PREFEITO DE UB\u00c1, EDSON TEIXEIRA FILHO, PARA INDICAR-LHE A REALIZA\u00c7\u00c3O, POR MEIO DO SETOR MUNICIPAL COMPETENTE, DE ESTUDOS QUE POSSIBILITEM MELHORIAS NO TRANSPORTE DE PACIENTES PARA TRATAMENTO DE SA\u00daDE EM OUTRAS CIDADES, TFD, A PARTIR DA SOLICITA\u00c7\u00c3O DE PACIENTES E DE SEUS FAMILIARES:\r\n&#8226;\tMUITOS PACIENTES, AP\u00d3S CIRURGIAS COMPLEXAS, EST\u00c3O SENDO TRANSPORTADOS DEITADOS EM VE\u00cdCULOS DO TIPO KOMBI, SEM CONFORTO E COLOCANDO EM RISCO A SA\u00daDE DEVIDO AO RECENTE PROCEDIMENTO OPERAT\u00d3RIO;\r\n&#8226;\tPACIENTES DENUNCIAM A CARONA DE PARENTES DOS MOTORISTAS DO TFD PARA OUTRAS CIDADES. A SITUA\u00c7\u00c3O N\u00c3O \u00c9 RARA E J\u00c1 PROVOCOU A INEXIST\u00caNCIA DE VAGAS PARA PACIENTES;\r\n&#8226;\tOS PONTOS MARCADOS PELO SETOR DE AMBUL\u00c2NCIA PARA ACOLHER OS PACIENTES DURANTE A MADRUGADA NEM SEMPRE S\u00c3O DE M\u00daTUO ACORDO. EMBORA UM PACIENTE E SUA FILHA ACOMPANHANTE REIVINDIQUEM A MUDAN\u00c7A DO LOCAL DE ESPERA, POIS EST\u00c1 AO LADO DE UM LOCAL CONHECIDO COMO PONTO DE USO E TR\u00c1FICO DE DROGAS IL\u00cdCITAS, OBTIVERAM O PEDIDO INDEFERIDO PELO CHEFE DO SETOR DE AMBUL\u00c2NCIA.\r\n&#8226;\tMUITOS PACIENTES QUE RESIDEM NA ZONA RURAL S\u00c3O DEIXADOS DE MADRUGADA NO CENTRO DA CIDADE AP\u00d3S O TRATAMENTO, OS QUAIS DEVEM AGUARDAR MUITAS HORAS AT\u00c9 O INICIO DA CIRCULA\u00c7\u00c3O DOS \u00d4NIBUS;\r\n&#8226;\tALGUNS PACIENTES S\u00c3O AVISADOS COM ANTECED\u00caNCIA POR TELEFONE DO HOR\u00c1RIO QUE O VE\u00cdCULO PASSAR\u00c1 PELO PONTO, NO ENTANTO, OUTROS PACIENTES T\u00caM QUE AGUARDAR MUITAS HORAS NA RUA.\r\n","indexacao":"","observacao":"","resultado":"","texto_original":"http://sapl.uba.mg.leg.br/media/sapl/public/materialegislativa/2017/3115/3115_texto_integral.pdf","data_ultima_atualizacao":"2018-10-05T09:45:26.732402-03:00","ip":"","ultima_edicao":null,"tipo":8,"regime_tramitacao":1,"tipo_origem_externa":null,"local_origem_externa":null,"user":null,"anexadas":[],"autores":[37]}