{"id":3044,"__str__":"Requerimento (Regimento Antigo) n\u00ba 133 de 2014","link_detail_backend":"/materia/3044","metadata":{},"numero":133,"ano":2014,"numero_protocolo":null,"data_apresentacao":"2014-06-16","tipo_apresentacao":"E","data_publicacao":null,"numero_origem_externa":"","ano_origem_externa":null,"data_origem_externa":null,"apelido":"","dias_prazo":null,"data_fim_prazo":null,"em_tramitacao":true,"polemica":false,"objeto":"","complementar":false,"ementa":"AO GERENTE DE DIVIS\u00c3O DE TR\u00c2NSITO E TRANSPORTE P\u00daBLICO DA PREFEITURA DE UB\u00c1, DOUTOR RENATO L\u00daCIO ANDRADE CANTARINO, CONVIDANDO-O A PARTICIPAR DA PR\u00d3XIMA REUNI\u00c3O ORDIN\u00c1RIA, DIA 23.06, SEGUNDA-FEIRA, PARA DAR ESCLARECIMENTOS SOBRE O TRANSPORTE COLETIVO EM NOSSA CIDADE, ESPECIALMENTE NO QUE SE REFERE \u00c0 VIA\u00c7\u00c3O UB\u00c1.","indexacao":"","observacao":"","resultado":"","texto_original":"http://sapl.uba.mg.leg.br/media/sapl/public/materialegislativa/2014/3044/3044_texto_integral.pdf","data_ultima_atualizacao":"2018-10-05T09:45:30.835870-03:00","ip":"","ultima_edicao":null,"tipo":3,"regime_tramitacao":1,"tipo_origem_externa":null,"local_origem_externa":null,"user":null,"anexadas":[],"autores":[18,21]}