{"id":2625,"__str__":"Indica\u00e7\u00e3o n\u00ba 355 de 2017","link_detail_backend":"/materia/2625","metadata":{},"numero":355,"ano":2017,"numero_protocolo":null,"data_apresentacao":"2017-05-15","tipo_apresentacao":"E","data_publicacao":null,"numero_origem_externa":"","ano_origem_externa":null,"data_origem_externa":null,"apelido":"","dias_prazo":null,"data_fim_prazo":null,"em_tramitacao":false,"polemica":false,"objeto":"","complementar":false,"ementa":"AO EXMO. SR. PREFEITO DE UB\u00c1, EDSON TEIXEIRA FILHO, PARA QUE REALIZE, ATRAV\u00c9S DO SETOR MUNICIPAL COMPETENTE, ESTUDOS PARA QUE O MUNIC\u00cdPIO DE UB\u00c1 AFILIE-SE \u00c0 ASSOCIA\u00c7\u00c3O MICRORREGIONAL DOS MUNIC\u00cdPIOS DO VALE DO PARA\u00cdBUNA - AMPAR, A FIM DE GARANTIR BENEF\u00cdCIOS A TODA POPULA\u00c7\u00c3O UBAENSE, TAIS COMO OBRAS MAIS BARATAS, CONSULTORIAS, CURSOS E OUTROS SERVI\u00c7OS.","indexacao":"","observacao":"","resultado":"","texto_original":"http://sapl.uba.mg.leg.br/media/sapl/public/materialegislativa/2017/2625/2625_texto_integral.pdf","data_ultima_atualizacao":"2018-10-05T09:45:30.144151-03:00","ip":"","ultima_edicao":null,"tipo":8,"regime_tramitacao":1,"tipo_origem_externa":null,"local_origem_externa":null,"user":null,"anexadas":[],"autores":[]}