{"id":2392,"__str__":"Indica\u00e7\u00e3o n\u00ba 245 de 2017","link_detail_backend":"/materia/2392","metadata":{},"numero":245,"ano":2017,"numero_protocolo":null,"data_apresentacao":"2017-06-05","tipo_apresentacao":"E","data_publicacao":null,"numero_origem_externa":"","ano_origem_externa":null,"data_origem_externa":null,"apelido":"","dias_prazo":null,"data_fim_prazo":null,"em_tramitacao":false,"polemica":false,"objeto":"","complementar":false,"ementa":"AO EXMO. SR. PREFEITO DE UB\u00c1, EDSON TEIXEIRA FILHO, AO EXMO. SR. DEPUTADO ESTADUAL, DIRCEU DOS SANTOS RIBEIRO E \u00c0S CONCESSION\u00c1RIAS DE TELEFONIA, VIVO, OI, CLARO E TIM, PARA SUGERIR ESTUDOS T\u00c9CNICOS QUE VIABILIZEM A INSTALA\u00c7\u00c3O DE TORRES DE TELEFONIA CELULAR NO BAIRRO JOS\u00c9 CAVALIERE, A PEDIDO DOS MORADORES. ","indexacao":"","observacao":"","resultado":"","texto_original":"http://sapl.uba.mg.leg.br/media/sapl/public/materialegislativa/2017/2392/2392_texto_integral.pdf","data_ultima_atualizacao":"2018-10-05T09:45:28.951866-03:00","ip":"","ultima_edicao":null,"tipo":8,"regime_tramitacao":1,"tipo_origem_externa":null,"local_origem_externa":null,"user":null,"anexadas":[],"autores":[44]}