{"id":2383,"__str__":"Indica\u00e7\u00e3o n\u00ba 237 de 2017","link_detail_backend":"/materia/2383","metadata":{},"numero":237,"ano":2017,"numero_protocolo":null,"data_apresentacao":"2017-04-10","tipo_apresentacao":"E","data_publicacao":null,"numero_origem_externa":"","ano_origem_externa":null,"data_origem_externa":null,"apelido":"","dias_prazo":null,"data_fim_prazo":null,"em_tramitacao":false,"polemica":false,"objeto":"","complementar":false,"ementa":"AO EXMO. SR. PREFEITO DE UB\u00c1, EDSON TEIXEIRA FILHO, INDICANDO-LHE A REALIZA\u00c7\u00c3O, ATRAV\u00c9S DO SETOR MUNICIPAL COMPETENTE, DE ESTUDOS T\u00c9CNICOS QUE VISEM \u00c0 CONSTRU\u00c7\u00c3O DE UM REDUTOR DE VELOCIDADE NA RUA CAPIT\u00c3O ANANIAS TEIXEIRA DE ABREU, PREFERENCIALMENTE EM FRENTE AO N\u00ba 251, A PEDIDO DOS MORADORES.","indexacao":"","observacao":"","resultado":"","texto_original":"http://sapl.uba.mg.leg.br/media/sapl/public/materialegislativa/2017/2383/2383_texto_integral.pdf","data_ultima_atualizacao":"2018-10-05T09:45:28.898829-03:00","ip":"","ultima_edicao":null,"tipo":8,"regime_tramitacao":1,"tipo_origem_externa":null,"local_origem_externa":null,"user":null,"anexadas":[],"autores":[20,38,42,35]}