{"id":2258,"__str__":"Indica\u00e7\u00e3o n\u00ba 141 de 2017","link_detail_backend":"/materia/2258","metadata":{},"numero":141,"ano":2017,"numero_protocolo":null,"data_apresentacao":"2017-03-13","tipo_apresentacao":"E","data_publicacao":null,"numero_origem_externa":"","ano_origem_externa":null,"data_origem_externa":null,"apelido":"","dias_prazo":null,"data_fim_prazo":null,"em_tramitacao":false,"polemica":false,"objeto":"","complementar":false,"ementa":"AO EXMO. SR. PREFEITO DE UB\u00c1, EDSON TEIXEIRA FILHO, INDICANDO-LHE QUE REALIZE, ATRAV\u00c9S DO SETOR MUNICIPAL COMPETENTE, O AUMENTO DO EFETIVO DE FUNCION\u00c1RIOS QUE CAPINAM OU A EXTENS\u00c3O DA JORNADA DE TRABALHO DOS MESMOS, PELO MENOS NO ATUAL PER\u00cdODO DE CHUVAS DO ANO. AP\u00d3S ESSE PER\u00cdODO, SE SOLICITA QUE A PREFEITURA INTENSIFIQUE A NOTIFICA\u00c7\u00c3O DOS PROPRIET\u00c1RIOS DE LOTES PARA QUE OS MESMOS MANTENHAM A CONSERVA\u00c7\u00c3O DOS IM\u00d3VEIS E CAL\u00c7ADAS. ","indexacao":"","observacao":"","resultado":"","texto_original":"http://sapl.uba.mg.leg.br/media/sapl/public/materialegislativa/2017/2258/2258_texto_integral.pdf","data_ultima_atualizacao":"2018-10-05T09:45:27.547122-03:00","ip":"","ultima_edicao":null,"tipo":8,"regime_tramitacao":1,"tipo_origem_externa":null,"local_origem_externa":null,"user":null,"anexadas":[],"autores":[41]}