{"id":2250,"__str__":"Projeto de Lei Ordin\u00e1ria n\u00ba 62 de 2014","link_detail_backend":"/materia/2250","metadata":{},"numero":62,"ano":2014,"numero_protocolo":null,"data_apresentacao":"2014-09-08","tipo_apresentacao":"E","data_publicacao":null,"numero_origem_externa":"62","ano_origem_externa":2014,"data_origem_externa":null,"apelido":"","dias_prazo":null,"data_fim_prazo":null,"em_tramitacao":false,"polemica":false,"objeto":"","complementar":false,"ementa":"AUTORIZA A CONCESS\u00c3O DE CONTRIBUI\u00c7\u00c3O \u00c0 FUNDA\u00c7\u00c3O RENATO AZEREDO, ENTIDADE MANTENEDORA DA UNIVERSIDADE DO ESTADO DE MINAS GERAIS (UEMG), PARA MANUTEN\u00c7\u00c3O DE TERMO DE PARCEIRA COM O MUNIC\u00cdPIO DE UB\u00c1, DESTINADO \u00c0 REALIZA\u00c7\u00c3O DE ATIVIDADES NO \u00c2MBITO DO PROJOVEM URBANO.","indexacao":"","observacao":"","resultado":"","texto_original":"http://sapl.uba.mg.leg.br/media/sapl/public/materialegislativa/2014/2250/2250_texto_integral.pdf","data_ultima_atualizacao":"2025-05-09T16:00:42.569268-03:00","ip":"","ultima_edicao":null,"tipo":1,"regime_tramitacao":1,"tipo_origem_externa":1,"local_origem_externa":2,"user":null,"anexadas":[],"autores":[34]}