{"id":2152,"__str__":"Representa\u00e7\u00e3o n\u00ba 10 de 2017","link_detail_backend":"/materia/2152","metadata":{},"numero":10,"ano":2017,"numero_protocolo":null,"data_apresentacao":"2017-02-13","tipo_apresentacao":"E","data_publicacao":null,"numero_origem_externa":"","ano_origem_externa":null,"data_origem_externa":null,"apelido":"","dias_prazo":null,"data_fim_prazo":null,"em_tramitacao":false,"polemica":false,"objeto":"","complementar":false,"ementa":"\u00c0 DIRETORIA DA EMPRESA ENERGISA, EM CATAGUASES, SOLICITANDO QUE REMETA A ESTA CASA DE LEIS, AS SEGUINTES INFORMA\u00c7\u00d5ES:\r\n1.\tATUALMENTE A ENERGISA RECEBE PELA A MANUTEN\u00c7\u00c3O DAS REDES DE ILUMINA\u00c7\u00c3O NA CIDADE DE UB\u00c1? CASO SEJA A RESPOSTA POSITIVA, QUANTO NOS \u00daLTIMOS 12 MESES?\r\n2.\tEM SENDO POSITIVA A PERGUNTA ACIMA, SE A COBRAN\u00c7A \u00c9 POR PONTOS/\u00c1REAS E QUANTOS PONTOS/\u00c1REAS EXISTEM NA REDE DE ILUMINA\u00c7\u00c3O P\u00daBLICA DE UB\u00c1?\r\n3.\tQUANTO ERA COBRADO PELA EMPRESA ANTES DA DELEGA\u00c7\u00c3O DA RESPONSABILIDADE AOS MUNIC\u00cdPIOS (MEADOS DE 2014) EM M\u00c9DIA, COM RELA\u00c7\u00c3O \u00c0 MANUTEN\u00c7\u00c3O DAS REDES DE ILUMINA\u00c7\u00c3O P\u00daBLICA?\r\n","indexacao":"","observacao":"","resultado":"","texto_original":"http://sapl.uba.mg.leg.br/media/sapl/public/materialegislativa/2017/2152/2152_texto_integral.pdf","data_ultima_atualizacao":"2018-10-05T09:45:30.005627-03:00","ip":"","ultima_edicao":null,"tipo":9,"regime_tramitacao":1,"tipo_origem_externa":null,"local_origem_externa":null,"user":null,"anexadas":[],"autores":[37]}