{"id":2009,"__str__":"Requerimento (Regimento Antigo) n\u00ba 2 de 2017","link_detail_backend":"/materia/2009","metadata":{},"numero":2,"ano":2017,"numero_protocolo":null,"data_apresentacao":"2017-02-06","tipo_apresentacao":"E","data_publicacao":null,"numero_origem_externa":"","ano_origem_externa":null,"data_origem_externa":null,"apelido":"","dias_prazo":null,"data_fim_prazo":null,"em_tramitacao":false,"polemica":false,"objeto":"","complementar":false,"ementa":"AO EXMO. SR. PREFEITO DO MUNIC\u00cdPIO DE UB\u00c1, EDSON TEIXEIRA FILHO, SOLICITANDO ESCLARECIMENTOS SOBRE O DOCUMENTO ENVIADO \u00c0 C\u00c2MARA PELO SR. EDUARDO GOMES PEREIRA, EM ANEXO, RELACIONADO AO ESCALONAMENTO E \u00c0S DISPARIDADES NA COBRAN\u00c7A DO IPTU, NA CIDADE DE UB\u00c1.","indexacao":"","observacao":"","resultado":"","texto_original":"http://sapl.uba.mg.leg.br/media/sapl/public/materialegislativa/2017/2009/2009_texto_integral.pdf","data_ultima_atualizacao":"2018-10-05T09:45:29.864297-03:00","ip":"","ultima_edicao":null,"tipo":3,"regime_tramitacao":1,"tipo_origem_externa":null,"local_origem_externa":null,"user":null,"anexadas":[],"autores":[37]}