{"id":1797,"__str__":"Projeto de Lei Complementar n\u00ba 6 de 2015","link_detail_backend":"/materia/1797","metadata":{},"numero":6,"ano":2015,"numero_protocolo":null,"data_apresentacao":"2015-08-24","tipo_apresentacao":"E","data_publicacao":null,"numero_origem_externa":"","ano_origem_externa":null,"data_origem_externa":null,"apelido":"","dias_prazo":null,"data_fim_prazo":null,"em_tramitacao":false,"polemica":false,"objeto":"","complementar":true,"ementa":"ALTERA O QUADRO I, DO ANEXO \u00daNICO DA LEI COMPLEMENTAR MUNICIPAL N\u00ba 089, DE 21 DE MAR\u00c7O DE 2007, QUE CONT\u00c9M A ESTRUTURA ADMINISTRATIVA DO INSTITUTO DE PREVID\u00caNCIA DOS SERVIDORES P\u00daBLICOS DO MUNIC\u00cdPIO DE UB\u00c1.","indexacao":"","observacao":"","resultado":"","texto_original":"http://sapl.uba.mg.leg.br/media/sapl/public/materialegislativa/2015/1797/1797_texto_integral.pdf","data_ultima_atualizacao":"2018-10-05T09:45:27.467305-03:00","ip":"","ultima_edicao":null,"tipo":5,"regime_tramitacao":1,"tipo_origem_externa":null,"local_origem_externa":null,"user":null,"anexadas":[],"autores":[34]}