{"id":1428,"__str__":"Representa\u00e7\u00e3o n\u00ba 49 de 2016","link_detail_backend":"/materia/1428","metadata":{},"numero":49,"ano":2016,"numero_protocolo":null,"data_apresentacao":"2016-06-27","tipo_apresentacao":"E","data_publicacao":null,"numero_origem_externa":"","ano_origem_externa":null,"data_origem_externa":null,"apelido":"","dias_prazo":null,"data_fim_prazo":null,"em_tramitacao":false,"polemica":false,"objeto":"","complementar":false,"ementa":"AO COORDENADOR DO DER REGIONAL UB\u00c1, SR. C\u00c9LIO MOREIRA DA SILVA, SOLICITANDO-LHE A REALIZA\u00c7\u00c3O DE ESTUDOS QUE PROMOVAM A INSTALA\u00c7\u00c3O DE DOIS QUEBRA- MOLAS NA RODOVIA UB\u00c1-GUIDOVAL, SENDO UM NAS PROXIMIDADES DO TREVO DE ACESSO AO AEROPORTO E OUTRO AO CAMPO DO SANTO ANT\u00d4NIO, A PEDIDO DOS MORADORES.","indexacao":"","observacao":"","resultado":"","texto_original":"http://sapl.uba.mg.leg.br/media/sapl/public/materialegislativa/2016/1428/1428_texto_integral.pdf","data_ultima_atualizacao":"2018-10-05T09:45:27.285493-03:00","ip":"","ultima_edicao":null,"tipo":9,"regime_tramitacao":1,"tipo_origem_externa":null,"local_origem_externa":null,"user":null,"anexadas":[],"autores":[17]}