{"id":13808,"__str__":"Projeto de Lei Ordin\u00e1ria n\u00ba 106 de 2000","link_detail_backend":"/materia/13808","metadata":{},"numero":106,"ano":2000,"numero_protocolo":null,"data_apresentacao":"2000-11-06","tipo_apresentacao":"","data_publicacao":null,"numero_origem_externa":"","ano_origem_externa":null,"data_origem_externa":null,"apelido":"","dias_prazo":null,"data_fim_prazo":null,"em_tramitacao":false,"polemica":false,"objeto":"","complementar":false,"ementa":"\"Institui o Dia Municipal de Aten\u00e7\u00e3o a Sa\u00fade Mental\".","indexacao":"","observacao":"","resultado":"","texto_original":"http://sapl.uba.mg.leg.br/media/sapl/public/materialegislativa/2000/13808/projeto_de_lei.pdf","data_ultima_atualizacao":"2025-11-06T10:28:50.945608-03:00","ip":"138.59.217.98","ultima_edicao":"2025-11-06T10:09:21.094952-03:00","tipo":1,"regime_tramitacao":1,"tipo_origem_externa":null,"local_origem_externa":null,"user":49,"anexadas":[],"autores":[]}