{"id":1375,"__str__":"Requerimento (Regimento Antigo) n\u00ba 169 de 2016","link_detail_backend":"/materia/1375","metadata":{},"numero":169,"ano":2016,"numero_protocolo":null,"data_apresentacao":"2016-06-20","tipo_apresentacao":"E","data_publicacao":null,"numero_origem_externa":"","ano_origem_externa":null,"data_origem_externa":null,"apelido":"","dias_prazo":null,"data_fim_prazo":null,"em_tramitacao":false,"polemica":false,"objeto":"","complementar":false,"ementa":"\u00c0 MESA DIRETORA PARA APOIAR INSTITUCIONALMENTE, NOS TERMOS DA LEI MUNICIPAL N\u00ba 2.736/1997, UMA SESS\u00c3O SOLENE PARA A COMEMORA\u00c7\u00c3O DO DIA DA CONSCI\u00caNCIA NEGRA, A SER AGENDADA PARA O M\u00caS DE NOVEMBRO NESTA CASA LEGISLATIVA, EM PARCERIA COM A ASSOCIA\u00c7\u00c3O CULTURAL DE COMBATE A DISCRIMINA\u00c7\u00c3O RACIAL - SOLANO TRINDADE.  ","indexacao":"","observacao":"","resultado":"","texto_original":"http://sapl.uba.mg.leg.br/media/sapl/public/materialegislativa/2016/1375/1375_texto_integral.pdf","data_ultima_atualizacao":"2018-10-05T09:45:30.688104-03:00","ip":"","ultima_edicao":null,"tipo":3,"regime_tramitacao":1,"tipo_origem_externa":null,"local_origem_externa":null,"user":null,"anexadas":[],"autores":[2]}