{"id":13688,"__str__":"Projeto de Lei Complementar n\u00ba 8 de 2025","link_detail_backend":"/materia/13688","metadata":{},"numero":8,"ano":2025,"numero_protocolo":null,"data_apresentacao":"2025-10-27","tipo_apresentacao":"E","data_publicacao":null,"numero_origem_externa":"","ano_origem_externa":null,"data_origem_externa":null,"apelido":"","dias_prazo":null,"data_fim_prazo":null,"em_tramitacao":false,"polemica":false,"objeto":"","complementar":true,"ementa":"Disp\u00f5e sobre a cria\u00e7\u00e3o e extin\u00e7\u00e3o de vagas no Quadro de Cargos Comissionados da Prefeitura Municipal de Ub\u00e1.","indexacao":"","observacao":"","resultado":"","texto_original":"http://sapl.uba.mg.leg.br/media/sapl/public/materialegislativa/2025/13688/plc_08-25_substitutivo.pdf","data_ultima_atualizacao":"2026-01-06T17:43:38.069585-03:00","ip":"138.59.217.98","ultima_edicao":"2025-11-11T09:38:54.389786-03:00","tipo":5,"regime_tramitacao":1,"tipo_origem_externa":null,"local_origem_externa":2,"user":59,"anexadas":[],"autores":[162]}