{"id":13643,"__str__":"Projeto de Lei Ordin\u00e1ria n\u00ba 23 de 2012","link_detail_backend":"/materia/13643","metadata":{},"numero":23,"ano":2012,"numero_protocolo":null,"data_apresentacao":"2012-06-11","tipo_apresentacao":"","data_publicacao":null,"numero_origem_externa":"","ano_origem_externa":null,"data_origem_externa":null,"apelido":"","dias_prazo":null,"data_fim_prazo":null,"em_tramitacao":false,"polemica":false,"objeto":"","complementar":false,"ementa":"Institui e inclui no calend\u00e1rio oficial de datas e eventos do Munic\u00edpio de Ub\u00e1/MG o \u201cRebanh\u00e3o de Carnaval\u201d e o \u201cGrito de Carnaval com Cristo\u201d.","indexacao":"","observacao":"","resultado":"","texto_original":"http://sapl.uba.mg.leg.br/media/sapl/public/materialegislativa/2012/13643/pl_23.pdf","data_ultima_atualizacao":"2025-10-22T16:49:25.677460-03:00","ip":"138.59.217.98","ultima_edicao":"2025-10-22T16:02:26.368220-03:00","tipo":1,"regime_tramitacao":1,"tipo_origem_externa":null,"local_origem_externa":null,"user":55,"anexadas":[],"autores":[40]}