{"id":13136,"__str__":"Projeto de Lei Ordin\u00e1ria n\u00ba 69 de 2016","link_detail_backend":"/materia/13136","metadata":{},"numero":69,"ano":2016,"numero_protocolo":null,"data_apresentacao":"2016-07-22","tipo_apresentacao":"","data_publicacao":null,"numero_origem_externa":"","ano_origem_externa":null,"data_origem_externa":null,"apelido":"","dias_prazo":null,"data_fim_prazo":null,"em_tramitacao":false,"polemica":false,"objeto":"","complementar":false,"ementa":"Fixa o subs\u00eddio do prefeito, vice-prefeito, presidente da c\u00e2mara e dos vereadores desta cidade de Ub\u00e1 e d\u00e1 outras provid\u00eancias.","indexacao":"","observacao":"","resultado":"","texto_original":"http://sapl.uba.mg.leg.br/media/sapl/public/materialegislativa/2016/13136/oficio_pl_69-16_iniciativa_popular.pdf","data_ultima_atualizacao":"2025-08-19T17:55:40.345570-03:00","ip":"138.59.217.98","ultima_edicao":"2025-08-19T17:55:39.885250-03:00","tipo":1,"regime_tramitacao":1,"tipo_origem_externa":null,"local_origem_externa":null,"user":55,"anexadas":[],"autores":[164]}