{"id":12671,"__str__":"Projeto de Lei Complementar n\u00ba 31 de 2016","link_detail_backend":"/materia/12671","metadata":{},"numero":31,"ano":2016,"numero_protocolo":null,"data_apresentacao":"2016-04-11","tipo_apresentacao":"","data_publicacao":null,"numero_origem_externa":"","ano_origem_externa":null,"data_origem_externa":null,"apelido":"","dias_prazo":null,"data_fim_prazo":null,"em_tramitacao":false,"polemica":false,"objeto":"","complementar":false,"ementa":"Disp\u00f5e sobre a concess\u00e3o do T\u00edtulo de Personalidade Ubaense do Ano ao Coronel PM. Marco Ant\u00f4nio Badar\u00f3 Bianchini.","indexacao":"","observacao":"","resultado":"","texto_original":"http://sapl.uba.mg.leg.br/media/sapl/public/materialegislativa/2016/12671/pl_31-16.pdf","data_ultima_atualizacao":"2025-06-02T11:22:05.083774-03:00","ip":"138.59.217.98","ultima_edicao":"2025-06-02T11:19:45.038372-03:00","tipo":5,"regime_tramitacao":1,"tipo_origem_externa":null,"local_origem_externa":null,"user":55,"anexadas":[],"autores":[5]}