{"id":12223,"__str__":"Projeto de Lei Ordin\u00e1ria n\u00ba 27 de 2016","link_detail_backend":"/materia/12223","metadata":{},"numero":27,"ano":2016,"numero_protocolo":null,"data_apresentacao":"2016-04-04","tipo_apresentacao":"","data_publicacao":null,"numero_origem_externa":"","ano_origem_externa":null,"data_origem_externa":null,"apelido":"","dias_prazo":null,"data_fim_prazo":null,"em_tramitacao":false,"polemica":false,"objeto":"","complementar":false,"ementa":"Declara de Utilidade P\u00fablica Municipal a Associa\u00e7\u00e3o Cultural Il\u00ea As\u00e8 D\u00b4Oy\u00e1, com sede nesta cidade.","indexacao":"","observacao":"","resultado":"","texto_original":"http://sapl.uba.mg.leg.br/media/sapl/public/materialegislativa/2016/12223/projeto_de_lei_27.pdf","data_ultima_atualizacao":"2025-04-10T12:49:23.400460-03:00","ip":"138.59.217.98","ultima_edicao":"2025-04-03T16:33:57.099644-03:00","tipo":1,"regime_tramitacao":1,"tipo_origem_externa":null,"local_origem_externa":null,"user":55,"anexadas":[],"autores":[2]}