{"id":12026,"__str__":"Requerimento n\u00ba 173 de 2025","link_detail_backend":"/materia/12026","metadata":{},"numero":173,"ano":2025,"numero_protocolo":null,"data_apresentacao":"2025-03-10","tipo_apresentacao":"E","data_publicacao":null,"numero_origem_externa":"","ano_origem_externa":null,"data_origem_externa":null,"apelido":"","dias_prazo":null,"data_fim_prazo":null,"em_tramitacao":false,"polemica":false,"objeto":"","complementar":false,"ementa":"Ao Prefeito, \u00e0 Secretaria Municipal de Desenvolvimento Social e \u00e0 Secretaria Municipal de Planejamento e Desenvolvimento Sustent\u00e1vel, solicitando a cria\u00e7\u00e3o e implanta\u00e7\u00e3o do Programa Jovem Trabalhador em nosso munic\u00edpio, destinado a contemplar adolescentes e jovens na faixa et\u00e1ria de 14 a 24 anos para inser\u00e7\u00e3o no mercado de trabalho na condi\u00e7\u00e3o de aprendizes. Resposta inserida na aba \"documento acess\u00f3rio\".","indexacao":"","observacao":"","resultado":"","texto_original":"http://sapl.uba.mg.leg.br/media/sapl/public/materialegislativa/2025/12026/requerimento_173.pdf","data_ultima_atualizacao":"2025-03-26T09:34:11.989899-03:00","ip":"138.59.217.98","ultima_edicao":"2025-03-26T09:34:11.817679-03:00","tipo":13,"regime_tramitacao":1,"tipo_origem_externa":null,"local_origem_externa":null,"user":35,"anexadas":[],"autores":[155]}