{"id":12014,"__str__":"Projeto de Lei Complementar n\u00ba 1 de 2025","link_detail_backend":"/materia/12014","metadata":{},"numero":1,"ano":2025,"numero_protocolo":null,"data_apresentacao":"2025-02-24","tipo_apresentacao":"E","data_publicacao":null,"numero_origem_externa":"","ano_origem_externa":null,"data_origem_externa":null,"apelido":"","dias_prazo":null,"data_fim_prazo":null,"em_tramitacao":false,"polemica":false,"objeto":"","complementar":false,"ementa":"Disp\u00f5e sobre a cria\u00e7\u00e3o do cargo de Coordenador Municipal de Pol\u00edticas de Alfabetiza\u00e7\u00e3o de adultos e erradica\u00e7\u00e3o do analfabetismo absoluto e funcional no munic\u00edpio de Ub\u00e1 e d\u00e1 outras provid\u00eancias","indexacao":"","observacao":"","resultado":"","texto_original":"http://sapl.uba.mg.leg.br/media/sapl/public/materialegislativa/2025/12014/plc_01-25.pdf","data_ultima_atualizacao":"2025-04-28T08:50:48.651715-03:00","ip":"138.59.217.98","ultima_edicao":"2025-02-25T10:15:29.761726-03:00","tipo":5,"regime_tramitacao":2,"tipo_origem_externa":null,"local_origem_externa":2,"user":59,"anexadas":[],"autores":[162]}