{"id":1117,"__str__":"Indica\u00e7\u00e3o n\u00ba 216 de 2016","link_detail_backend":"/materia/1117","metadata":{},"numero":216,"ano":2016,"numero_protocolo":null,"data_apresentacao":"2016-05-30","tipo_apresentacao":"E","data_publicacao":null,"numero_origem_externa":"","ano_origem_externa":null,"data_origem_externa":null,"apelido":"","dias_prazo":null,"data_fim_prazo":null,"em_tramitacao":false,"polemica":false,"objeto":"","complementar":false,"ementa":"AO PREFEITO E AO SECRET\u00c1RIO MUNICIPAL DE AMBIENTE E MOBILIDADE URBANA, ATEN\u00c7\u00c3O PARA O CORTE ILEGAL DE \u00c1RVORES DA \u00daLTIMA RUA DO BAIRRO TANQUINHO, CONFORME DESCRI\u00c7\u00c3O DE MORADORES DURANTE O EVENTO CONTA CIDAD\u00c3. SUGERIRAM TAMB\u00c9M O REFLORESTAMENTO, CRIANDO BOSQUES URBANOS, DADO O GRANDE N\u00daMERO DE \u00c1REAS VAGAS NA COMUNIDADE.","indexacao":"","observacao":"","resultado":"","texto_original":"http://sapl.uba.mg.leg.br/media/sapl/public/materialegislativa/2016/1117/1117_texto_integral.pdf","data_ultima_atualizacao":"2018-10-05T09:45:30.355136-03:00","ip":"","ultima_edicao":null,"tipo":8,"regime_tramitacao":1,"tipo_origem_externa":null,"local_origem_externa":null,"user":null,"anexadas":[],"autores":[13,17,20,18,6,4,19,3,5,2,21]}