{"id":11012,"__str__":"Projeto de Lei Ordin\u00e1ria n\u00ba 20 de 1996","link_detail_backend":"/materia/11012","metadata":{},"numero":20,"ano":1996,"numero_protocolo":null,"data_apresentacao":"1996-03-22","tipo_apresentacao":"E","data_publicacao":null,"numero_origem_externa":"","ano_origem_externa":null,"data_origem_externa":null,"apelido":"","dias_prazo":null,"data_fim_prazo":null,"em_tramitacao":false,"polemica":false,"objeto":"","complementar":false,"ementa":"Autoriza o Munic\u00edpio de Ub\u00e1 a assumir despesas com a participa\u00e7\u00e3o da delega\u00e7\u00e3o ubaense na III Confer\u00eancia Estadual de Sa\u00fade.","indexacao":"","observacao":"","resultado":"","texto_original":"http://sapl.uba.mg.leg.br/media/sapl/public/materialegislativa/1996/11012/projeto_de_lei.pdf","data_ultima_atualizacao":"2024-02-26T14:14:47.593480-03:00","ip":"138.59.217.98","ultima_edicao":"2024-02-26T13:56:19.050203-03:00","tipo":1,"regime_tramitacao":2,"tipo_origem_externa":null,"local_origem_externa":null,"user":42,"anexadas":[],"autores":[154]}