{"id":1097,"__str__":"Representa\u00e7\u00e3o n\u00ba 39 de 2016","link_detail_backend":"/materia/1097","metadata":{},"numero":39,"ano":2016,"numero_protocolo":null,"data_apresentacao":"2016-05-23","tipo_apresentacao":"E","data_publicacao":null,"numero_origem_externa":"","ano_origem_externa":null,"data_origem_externa":null,"apelido":"","dias_prazo":null,"data_fim_prazo":null,"em_tramitacao":false,"polemica":false,"objeto":"","complementar":false,"ementa":"\u00c0 DEPUTADA FEDERAL, D\u00c2MINA PEREIRA (PSL-MG), SOLICITANDO-LHE INTERCEDER PELA CIDADE DE UB\u00c1 NA CAPTA\u00c7\u00c3O DE RECURSOS E PROJETOS DO MINIST\u00c9RIO DO DESENVOLVIMENTO, IND\u00daSTRIA E COM\u00c9RCIO EXTERIOR E DA SECRETARIA DE ESTADO DE DESENVOLVIMENTO ECON\u00d4MICO DE MINAS GERAIS, PARA A INSTALA\u00c7\u00c3O DE UM DISTRITO INDUSTRIAL NO MUNIC\u00cdPIO DE UB\u00c1.","indexacao":"","observacao":"","resultado":"","texto_original":"http://sapl.uba.mg.leg.br/media/sapl/public/materialegislativa/2016/1097/1097_texto_integral.pdf","data_ultima_atualizacao":"2018-10-05T09:45:25.958758-03:00","ip":"","ultima_edicao":null,"tipo":9,"regime_tramitacao":1,"tipo_origem_externa":null,"local_origem_externa":null,"user":null,"anexadas":[],"autores":[21]}