{"id":10902,"__str__":"Projeto de Lei Ordin\u00e1ria n\u00ba 9 de 1996","link_detail_backend":"/materia/10902","metadata":{},"numero":9,"ano":1996,"numero_protocolo":null,"data_apresentacao":"1996-03-18","tipo_apresentacao":"E","data_publicacao":null,"numero_origem_externa":"","ano_origem_externa":null,"data_origem_externa":null,"apelido":"","dias_prazo":null,"data_fim_prazo":null,"em_tramitacao":false,"polemica":false,"objeto":"","complementar":false,"ementa":"Disp\u00f5e sobre a denomina\u00e7\u00e3o de Dr. Jos\u00e9 Campomizzi Filho \u00e0 escola municipal que funciona no CAIC- Centro de Aten\u00e7\u00e3o Integral \u00e0 Crian\u00e7a e ao Adolescente, de Ub\u00e1.","indexacao":"","observacao":"","resultado":"","texto_original":"http://sapl.uba.mg.leg.br/media/sapl/public/materialegislativa/1996/10902/projeto_de_lei.pdf","data_ultima_atualizacao":"2023-11-22T15:38:28.933092-03:00","ip":"138.59.217.98","ultima_edicao":"2023-11-22T14:14:52.894359-03:00","tipo":1,"regime_tramitacao":1,"tipo_origem_externa":null,"local_origem_externa":null,"user":42,"anexadas":[],"autores":[154]}