{"id":10855,"__str__":"Projeto de Lei Complementar n\u00ba 9 de 2023","link_detail_backend":"/materia/10855","metadata":{},"numero":9,"ano":2023,"numero_protocolo":null,"data_apresentacao":"2023-10-30","tipo_apresentacao":"","data_publicacao":null,"numero_origem_externa":"","ano_origem_externa":null,"data_origem_externa":null,"apelido":"","dias_prazo":null,"data_fim_prazo":null,"em_tramitacao":false,"polemica":false,"objeto":"","complementar":false,"ementa":"Altera o n\u00edvel de escolaridade exigido para o cargo de Diretor de Patrim\u00f4nio, Licita\u00e7\u00e3o e Compras na Lei Complementar n.\u00b0 227, de 3 de fevereiro de 2023, que \"Disp\u00f5e sobre a estrutura administrativa da C\u00e2mara Municipal de Ub\u00e1/MG, sobre o plano de cargos, sal\u00e1rios e vencimentos de seus servidores e d\u00e1 outras provid\u00eancias. \"","indexacao":"","observacao":"","resultado":"","texto_original":"http://sapl.uba.mg.leg.br/media/sapl/public/materialegislativa/2023/10855/plc_9.pdf","data_ultima_atualizacao":"2023-12-05T10:31:29.536581-03:00","ip":"138.59.217.98","ultima_edicao":"2023-10-31T16:36:15.487769-03:00","tipo":5,"regime_tramitacao":1,"tipo_origem_externa":null,"local_origem_externa":null,"user":39,"anexadas":[],"autores":[137,38,41]}